{"id":78475,"date":"2023-06-20T04:56:00","date_gmt":"2023-06-20T04:56:00","guid":{"rendered":"http:\/\/cordobainforma.info\/index.php\/2023\/06\/20\/busca-un-medico-milei-le-respondio-a-vidal-y-un-aliado-de-carrio-salio-al-cruce\/"},"modified":"2023-06-20T04:56:00","modified_gmt":"2023-06-20T04:56:00","slug":"busca-un-medico-milei-le-respondio-a-vidal-y-un-aliado-de-carrio-salio-al-cruce","status":"publish","type":"post","link":"http:\/\/cordobainforma.info\/index.php\/2023\/06\/20\/busca-un-medico-milei-le-respondio-a-vidal-y-un-aliado-de-carrio-salio-al-cruce\/","title":{"rendered":"\u00abBusc\u00e1 un m\u00e9dico\u00bb: Milei le respondi\u00f3 a Vidal y un aliado de Carri\u00f3 sali\u00f3 al cruce"},"content":{"rendered":"<div class=\"media_block\"><\/div>\n<div><img src=\"http:\/\/cordobainforma.info\/wp-content\/uploads\/2023\/06\/busca-un-medico-milei-le-respondio-a-vidal-y-un-aliado-de-carrio-salio-al-cruce.jpg\" class=\"ff-og-image-inserted\"><\/div>\n<p>El precandidato a presidente de la Libertad Avanza, <a target=\"_blank\" href=\"https:\/\/www.perfil.com\/noticias\/modo-fontevecchia\/carlos-eguia-milei-es-un-loco-de-psiquiatrico-modof.phtml\" rel=\"noopener noreferrer\"><strong>Javier Milei<\/strong><\/a>, apunt\u00f3 a la&nbsp;exgobernadora bonaerense&nbsp;<a target=\"_blank\" href=\"https:\/\/www.perfil.com\/noticias\/politica\/maria-eugenia-vidal-estoy-segura-de-que-ninguno-quiere-que-juntos-por-el-cambio-se-rompa.phtml\" rel=\"noopener noreferrer\"><strong>Mar\u00eda Eugenia Vidal<\/strong><\/a>&nbsp;tras una cr\u00edtica de ella hacia el libertario por la falta de \u00abequipos s\u00f3lidos\u00bb. \u00abHay nombres que se repiten a pesar de sus desastres\u00bb, dijo Milei, pero el que sali\u00f3 al cruce fue <strong>Juan Manuel L\u00f3pez<\/strong>, diputado de la&nbsp;Coalici\u00f3n C\u00edvica, y lo mand\u00f3 al doctor: \u00ab<strong>Busc\u00e1 un m\u00e9dico<\/strong>\u00ab.<\/p>\n<p>El cruce entre los dirigentes pol\u00edticos comenz\u00f3 luego de que Vidal, en una entrevista con el medio&nbsp;<em>Qu\u00e9 Contamos,&nbsp;<\/em>le dej\u00f3 un mensaje al l\u00edder de La Libertad Avanza: \u00abA Milei le dir\u00eda que se prepare, porque el discurso es mucho m\u00e1s f\u00e1cil que el gobierno, que es complejo y requiere equipos s\u00f3lidos\u00bb.<\/p>\n<p class=\"destacadoNota\"><a target=\"_blank\" href=\"https:\/\/www.perfil.com\/noticias\/politica\/promesas-de-exilio-y-acusaciones-de-corrupcion-el-duro-cruce-entre-elisa-carrio-y-javier-milei.phtml\" rel=\"noopener noreferrer\">Carri\u00f3 prometi\u00f3 autoexiliarse si Milei es presidente: \u00e9l la acus\u00f3 de sentirse \u00abm\u00e1s c\u00f3moda con los K\u00bb<\/a><\/p>\n<p>El economista vio la publicaci\u00f3n y la coment\u00f3: \u00ab\u00bf<a target=\"_blank\" href=\"https:\/\/www.perfil.com\/noticias\/columnistas\/milei-en-su-casta-por-javier-calvo.phtml\" rel=\"noopener noreferrer\"><strong>Qu\u00e9 es tener equipos s\u00f3lidos<\/strong><\/a>? \u00bfEconomistas que dicen que la inflaci\u00f3n es multicausal y\/o un problema psicol\u00f3gico? \u00bfEquipos que culpaban a los empresarios de la inflaci\u00f3n y vos has mandado a perseguirlos por subir los precios?&nbsp;\u00bfEconomistas que desconocen temas b\u00e1sicos de la teor\u00eda econ\u00f3mica como la teor\u00eda del valor?\u00bb.<\/p>\n<p>\u00ab\u00bfEquipos son los que te hacen recitar la misma receta que viene fracasando hace 100 a\u00f1os y creen que se arregla con buenos modales y di\u00e1logo?\u00bb, agreg\u00f3.<\/p>\n<h2><strong>Milei: \u00abTodo indica que hay nombres que se repiten a pesar de sus desastres\u00bb<\/strong><\/h2>\n<p>Tras ese comentario en Instagram, replic\u00f3 el mensaje en su cuenta de Twitter: \u00ab<strong>Vidal ah\u00ed te dej\u00e9 mensaje en el IG de los operadores larretistas<\/strong> en el cu\u00e1l te pregunto sobre qu\u00e9 es tener un equipo s\u00f3lido pensando en el que vos ten\u00edas y las cosas que dec\u00edas.&nbsp;<strong>Es bueno saberlo porque todo indica que hay nombres que se repiten a pesar de sus desastres\u00bb.<\/strong><\/p>\n<p>Por esa misma red social lleg\u00f3 la respuesta del presidente&nbsp;del bloque Coalici\u00f3n C\u00edvica en Diputados,&nbsp;<strong>Juan Manuel L\u00f3pez<\/strong>, dirigente cercano a<strong> <a target=\"_blank\" href=\"https:\/\/www.perfil.com\/noticias\/politica\/javier-milei-le-respondio-a-elisa-carrio-es-parte-de-la-casta-alguien-que-nunca-laburo-tiene-su-cuil-invicto.phtml\" rel=\"noopener noreferrer\">Elisa Carri\u00f3<\/a>.&nbsp;<\/strong>\u201cEst\u00e1s pasado, busc\u00e1 un m\u00e9dico\u201d, expres\u00f3 el legislador nacional.<\/p>\n<p><em>ED<\/em><\/p>\n<div class=\"article__tags\">\n<p>En esta Nota<\/p>\n<\/p><\/div>\n","protected":false},"excerpt":{"rendered":"<p>El precandidato a presidente de la Libertad Avanza, Javier Milei, apunt\u00f3 a la&nbsp;exgobernadora bonaerense&nbsp;Mar\u00eda Eugenia Vidal&nbsp;tras una cr\u00edtica de ella hacia el libertario por la falta de \u00abequipos s\u00f3lidos\u00bb. \u00abHay nombres que se repiten a pesar de sus desastres\u00bb, dijo Milei, pero el que sali\u00f3 al cruce fue Juan Manuel L\u00f3pez, diputado de la&nbsp;Coalici\u00f3n C\u00edvica, [&hellip;]<\/p>\n","protected":false},"author":1,"featured_media":78476,"comment_status":"closed","ping_status":"closed","sticky":false,"template":"","format":"standard","meta":[],"categories":[2],"tags":[],"_links":{"self":[{"href":"http:\/\/cordobainforma.info\/index.php\/wp-json\/wp\/v2\/posts\/78475"}],"collection":[{"href":"http:\/\/cordobainforma.info\/index.php\/wp-json\/wp\/v2\/posts"}],"about":[{"href":"http:\/\/cordobainforma.info\/index.php\/wp-json\/wp\/v2\/types\/post"}],"author":[{"embeddable":true,"href":"http:\/\/cordobainforma.info\/index.php\/wp-json\/wp\/v2\/users\/1"}],"replies":[{"embeddable":true,"href":"http:\/\/cordobainforma.info\/index.php\/wp-json\/wp\/v2\/comments?post=78475"}],"version-history":[{"count":0,"href":"http:\/\/cordobainforma.info\/index.php\/wp-json\/wp\/v2\/posts\/78475\/revisions"}],"wp:featuredmedia":[{"embeddable":true,"href":"http:\/\/cordobainforma.info\/index.php\/wp-json\/wp\/v2\/media\/78476"}],"wp:attachment":[{"href":"http:\/\/cordobainforma.info\/index.php\/wp-json\/wp\/v2\/media?parent=78475"}],"wp:term":[{"taxonomy":"category","embeddable":true,"href":"http:\/\/cordobainforma.info\/index.php\/wp-json\/wp\/v2\/categories?post=78475"},{"taxonomy":"post_tag","embeddable":true,"href":"http:\/\/cordobainforma.info\/index.php\/wp-json\/wp\/v2\/tags?post=78475"}],"curies":[{"name":"wp","href":"https:\/\/api.w.org\/{rel}","templated":true}]}}