{"id":78464,"date":"2023-06-20T03:32:35","date_gmt":"2023-06-20T03:32:35","guid":{"rendered":"http:\/\/cordobainforma.info\/index.php\/2023\/06\/20\/un-nino-de-tres-anos-fue-internado-tras-el-ataque-de-un-perro-pitbull-de-su-familia-telam\/"},"modified":"2023-06-20T03:32:35","modified_gmt":"2023-06-20T03:32:35","slug":"un-nino-de-tres-anos-fue-internado-tras-el-ataque-de-un-perro-pitbull-de-su-familia-telam","status":"publish","type":"post","link":"http:\/\/cordobainforma.info\/index.php\/2023\/06\/20\/un-nino-de-tres-anos-fue-internado-tras-el-ataque-de-un-perro-pitbull-de-su-familia-telam\/","title":{"rendered":"Un ni\u00f1o de tres a\u00f1os fue internado tras el ataque de un perro pitbull de su familia &#8211; T\u00e9lam"},"content":{"rendered":"<p>Un ni\u00f1o de tres a\u00f1os se encontraba internado en el Hospital de Ni\u00f1os de <b>C\u00f3rdoba<\/b> como consecuencia de las heridas sufridas por el ataque de un&nbsp;&#8230; <\/p>\n","protected":false},"excerpt":{"rendered":"<p>Un ni\u00f1o de tres a\u00f1os se encontraba internado en el Hospital de Ni\u00f1os de C\u00f3rdoba como consecuencia de las heridas sufridas por el ataque de un&nbsp;&#8230;<\/p>\n","protected":false},"author":1,"featured_media":0,"comment_status":"closed","ping_status":"closed","sticky":false,"template":"","format":"standard","meta":[],"categories":[23],"tags":[],"_links":{"self":[{"href":"http:\/\/cordobainforma.info\/index.php\/wp-json\/wp\/v2\/posts\/78464"}],"collection":[{"href":"http:\/\/cordobainforma.info\/index.php\/wp-json\/wp\/v2\/posts"}],"about":[{"href":"http:\/\/cordobainforma.info\/index.php\/wp-json\/wp\/v2\/types\/post"}],"author":[{"embeddable":true,"href":"http:\/\/cordobainforma.info\/index.php\/wp-json\/wp\/v2\/users\/1"}],"replies":[{"embeddable":true,"href":"http:\/\/cordobainforma.info\/index.php\/wp-json\/wp\/v2\/comments?post=78464"}],"version-history":[{"count":0,"href":"http:\/\/cordobainforma.info\/index.php\/wp-json\/wp\/v2\/posts\/78464\/revisions"}],"wp:attachment":[{"href":"http:\/\/cordobainforma.info\/index.php\/wp-json\/wp\/v2\/media?parent=78464"}],"wp:term":[{"taxonomy":"category","embeddable":true,"href":"http:\/\/cordobainforma.info\/index.php\/wp-json\/wp\/v2\/categories?post=78464"},{"taxonomy":"post_tag","embeddable":true,"href":"http:\/\/cordobainforma.info\/index.php\/wp-json\/wp\/v2\/tags?post=78464"}],"curies":[{"name":"wp","href":"https:\/\/api.w.org\/{rel}","templated":true}]}}