{"id":78458,"date":"2023-06-20T02:39:15","date_gmt":"2023-06-20T02:39:15","guid":{"rendered":"https:\/\/somoscordobeses.com\/2023\/06\/19\/norberto-briasco-se-lesiono-feo-jugando-para-armenia-se-fue-llorando-de-la-cancha-y-sera-baja-en-boca\/"},"modified":"2023-06-20T02:39:15","modified_gmt":"2023-06-20T02:39:15","slug":"norberto-briasco-se-lesiono-feo-jugando-para-armenia-se-fue-llorando-de-la-cancha-y-sera-baja-en-boca","status":"publish","type":"post","link":"http:\/\/cordobainforma.info\/index.php\/2023\/06\/20\/norberto-briasco-se-lesiono-feo-jugando-para-armenia-se-fue-llorando-de-la-cancha-y-sera-baja-en-boca\/","title":{"rendered":"Norberto Briasco se lesion\u00f3 feo jugando para Armenia, se fue llorando de la cancha y ser\u00e1 baja en Boca"},"content":{"rendered":"<p><a href=\"https:\/\/viraliza2.com\" rel=\"dofollow\" onmouseover=\"this.style.color='#fff';\" onmouseout=\"this.style.color='#fff';\">sabias que datos curiosos<\/a><br \/>\n<a href=\"https:\/\/elmonterizo.com\" rel=\"dofollow\" onmouseover=\"this.style.color='#fff';\" onmouseout=\"this.style.color='#fff';\">Ultimas Noticias y datos curiosos<\/a> <\/p>\n<div>\n<h2>El delantero, que gan\u00f3 lugar tras la salida de Villa, torci\u00f3 feo su tobillo izquierdo y ser\u00e1 baja. Se suma a Fern\u00e1ndez, Villa, Adv\u00edncula, Zeballos, Merentiel, Fabra y Morales.<\/h2>\n<p> Las noticias que llegaron desde Erev\u00e1n, donde<strong> Armenia jugaba contra Letonia por las Eliminatorias<\/strong>, pegaron duro en el Centro de Entrenamiento de Ezeiza. A los 33 minutos del primer tiempo, <strong>Norberto Briasco disput\u00f3 una pelota con Daniels Balodis y sufri\u00f3 la torcedura de su tobillo izquierdo<\/strong>. Los gestos de dolor fueron elocuentes, el delantero de Boca fue reemplazado por Vahan Bichakhchyan y dej\u00f3 una certeza: ser\u00e1 baja para el partido de este jueves ante Godoy Cruz en Mendoza.<\/p>\n<p> Tras la salida de Sebasti\u00e1n Villa, el futbolista de ra\u00edces armenias pas\u00f3 a ser una de las primeras variantes. Sin embargo, esta nueva lesi\u00f3n le restar\u00e1 terreno. Y <strong>se sumar\u00e1 a la larga lista de la enfermer\u00eda azul y oro<\/strong> que, por estas horas, tambi\u00e9n lo tiene a <strong>Equi Fern\u00e1ndez<\/strong> fuera de carrera por una situaci\u00f3n ins\u00f3lita: el volante se lastim\u00f3 la rodilla izquierda al patear un cartel cuando fue reemplazado ante Lan\u00fas, el s\u00e1bado 10 de junio.<\/p>\n<p> Adem\u00e1s de Briasco y Fern\u00e1ndez, Almir\u00f3n no tiene a disposici\u00f3n a otros cinco jugadores. <strong>Marcos Rojo<\/strong>, que se hab\u00eda recuperado de la rotura de ligamentos en la rodilla derecha, en las primeras pr\u00e1cticas sufri\u00f3 un desgarro en el recto anterior de la misma pierna. Luca Langoni (isquiotibial derecho), <strong>Miguel Merentiel<\/strong> (aductor derecho), <strong>Frank Fabra<\/strong> (isquiotibial izquierdo) y <strong>Gonzalo Morales<\/strong> (isquiotibial derecho) tambi\u00e9n se desgarraron.<\/p>\n<p> Adem\u00e1s,<strong> Luis Adv\u00edncula <\/strong>padeci\u00f3 una lesi\u00f3n en el ligamento lateral externo de su rodilla derecha y <strong>Exequiel Zeballos<\/strong> sigue su rehabilitaci\u00f3n del edema \u00f3seo en la rodilla derecha.<\/p>\n<p> Son todos jugadores importantes, est\u00e1 claro, y bajo esta coyuntura ser\u00e1 un rompecabezas armar el equipo. No obstante, <strong>no son todas dificultades para Almir\u00f3n, que ayer empez\u00f3 a recuperar soldados<\/strong>.<\/p>\n<p> Sin ir m\u00e1s lejos, <strong>Mart\u00edn Payero<\/strong>, que hab\u00eda sufrido un desgarro en el isquiotibial del muslo izquierdo, se entren\u00f3 a la par del grupo. Tambi\u00e9n, Agust\u00edn Sandez, que dej\u00f3 atr\u00e1s su fascitis plantar, este lunes&nbsp;jug\u00f3 en Reserva (empat\u00f3 0 a 0). Y contra los mendocinos, el jueves en el estadio Malvinas Argentinas, el t\u00e9cnico podr\u00e1 contar con Marcelo Weigandt, quien cumpli\u00f3 la suspensi\u00f3n tras su expulsi\u00f3n contra Arsenal.<\/p>\n<p> El tema de las lesiones, sobre todo musculares, hizo ruido interno. Ya est\u00e1 trabajando <strong>Diego Osses<\/strong> como nuevo preparador f\u00edsico, el mismo profesional que acompa\u00f1\u00f3 a Almir\u00f3n en sus pasos por Lan\u00fas, San Lorenzo, Atl\u00e9tico Nacional y Elche.<\/p>\n<p> \u201cLos lesionados es algo pendiente que tenemos que ver, hacer un estudio entre todos: cuerpo m\u00e9dico, la preparaci\u00f3n f\u00edsica y la forma de trabajar m\u00eda\u201d, dijo el t\u00e9cnico.<\/p>\n<\/div>\n<nav class=\"navigation post-navigation\" aria-label=\"Continue Reading\">\n<h2 class=\"screen-reader-text\">Continue Reading<\/h2>\n<\/nav>\n","protected":false},"excerpt":{"rendered":"<p>sabias que datos curiosos Ultimas Noticias y datos curiosos El delantero, que gan\u00f3 lugar tras la salida de Villa, torci\u00f3 feo su tobillo izquierdo y ser\u00e1 baja. Se suma a Fern\u00e1ndez, Villa, Adv\u00edncula, Zeballos, Merentiel, Fabra y Morales. Las noticias que llegaron desde Erev\u00e1n, donde Armenia jugaba contra Letonia por las Eliminatorias, pegaron duro en [&hellip;]<\/p>\n","protected":false},"author":1,"featured_media":78459,"comment_status":"closed","ping_status":"closed","sticky":false,"template":"","format":"standard","meta":[],"categories":[20,2],"tags":[],"_links":{"self":[{"href":"http:\/\/cordobainforma.info\/index.php\/wp-json\/wp\/v2\/posts\/78458"}],"collection":[{"href":"http:\/\/cordobainforma.info\/index.php\/wp-json\/wp\/v2\/posts"}],"about":[{"href":"http:\/\/cordobainforma.info\/index.php\/wp-json\/wp\/v2\/types\/post"}],"author":[{"embeddable":true,"href":"http:\/\/cordobainforma.info\/index.php\/wp-json\/wp\/v2\/users\/1"}],"replies":[{"embeddable":true,"href":"http:\/\/cordobainforma.info\/index.php\/wp-json\/wp\/v2\/comments?post=78458"}],"version-history":[{"count":0,"href":"http:\/\/cordobainforma.info\/index.php\/wp-json\/wp\/v2\/posts\/78458\/revisions"}],"wp:featuredmedia":[{"embeddable":true,"href":"http:\/\/cordobainforma.info\/index.php\/wp-json\/wp\/v2\/media\/78459"}],"wp:attachment":[{"href":"http:\/\/cordobainforma.info\/index.php\/wp-json\/wp\/v2\/media?parent=78458"}],"wp:term":[{"taxonomy":"category","embeddable":true,"href":"http:\/\/cordobainforma.info\/index.php\/wp-json\/wp\/v2\/categories?post=78458"},{"taxonomy":"post_tag","embeddable":true,"href":"http:\/\/cordobainforma.info\/index.php\/wp-json\/wp\/v2\/tags?post=78458"}],"curies":[{"name":"wp","href":"https:\/\/api.w.org\/{rel}","templated":true}]}}