{"id":78369,"date":"2023-06-20T01:59:41","date_gmt":"2023-06-20T01:59:41","guid":{"rendered":"https:\/\/www.clarin.com\/deportes\/messi-posteo-presidente-inter-miami_0_21PODlhzEO.html"},"modified":"2023-06-20T01:59:41","modified_gmt":"2023-06-20T01:59:41","slug":"el-enigmatico-posteo-del-dueno-del-inter-miami-se-viene-una-compania-de-lujo-para-messi","status":"publish","type":"post","link":"http:\/\/cordobainforma.info\/index.php\/2023\/06\/20\/el-enigmatico-posteo-del-dueno-del-inter-miami-se-viene-una-compania-de-lujo-para-messi\/","title":{"rendered":"El enigm\u00e1tico posteo del due\u00f1o del Inter Miami: \u00bfse viene una compa\u00f1\u00eda de lujo para Messi?"},"content":{"rendered":"<p><img src=\"http:\/\/cordobainforma.info\/wp-content\/uploads\/2023\/06\/el-enigmatico-posteo-del-dueno-del-inter-miami-se-viene-una-compania-de-lujo-para-messi.jpg\"><\/p>\n<div readability=\"32\">\n<div class=\"title check-space\" data-color=\"style='background-color:'\" readability=\"9\">\n<p><h2>Jorge Mas, uno de los due\u00f1os cubanos del nuevo club de Leo hizo un sugerente posteo. \u00bfDe qu\u00e9 habla?<\/h2>\n<\/p>\n<\/div><\/div>\n<div id=\"entry-body\">\n<p><strong>Lionel Messi descansa, disfruta y recarga energ\u00edas en Rosario, con su familia y amigos. <\/strong>Y mientras tanto, se define qui\u00e9nes ser\u00e1n sus nuevos (\u00bfo viejos&#8217;) compa\u00f1eros en el Inter Miami: y en ese sentido, uno de los due\u00f1os del club hizo un sugestivo posteo que lleva a una lectura muy puntual. Todo parece apuntar a un refuerzo estrella, aunque los trascendidos dicen que antes podr\u00eda llegar el DT. Y que tambi\u00e9n ser\u00eda del agrado de Leo.<\/p>\n<p>Jorge Mas subi\u00f3 a sus redes sociales tres camisetas rosas del equipo, <strong>un \u00abse viene\u00bb en letras blancas y un \u00abs\u00ed\u00bb subrayado. <\/strong>Leo anunci\u00f3 su llegada a la MLS antes del amistoso contra Australia, en China. <strong>Y el ruido sobre el nuevo plantel del equipo apunta a dos amigos del 10.<\/strong><\/p>\n<p><strong>Sergio Busquets y Jordi Alba terminaron sus inolvidables ciclos en el Barcelona y negocian como agentes libres<\/strong>. El volante central recibi\u00f3 un par de millonarias ofertas de Arabia Saudita, pero est\u00e1 muy cerca de concretar su arribo a la instituci\u00f3n de Miami y ser nuevamente compa\u00f1ero de Messi luego de dos a\u00f1os.<\/p>\n<p>H<strong>ay charlas avanzadas para que Busquets pase a la MLS. <\/strong>Y a la expectativa tambi\u00e9n est\u00e1 Jordi Alba, otro espa\u00f1ol de \u00edntima relaci\u00f3n con Messi y con gratos recuerdos adentro de una cancha en aquel irrepetible Barcelona.<\/p>\n<p>Otro de los nombres que est\u00e1 cerca, m\u00e1s all\u00e1 del juego de la foto que hacen las redes del Inter, es Lucho Su\u00e1rez. El delantero, hoy en el Gremio de Brasil, es otro de los candidatos a formar parte del equipo de Messi.<\/p>\n<p>Sin embargo, en las \u00faltimas horas corri\u00f3 fuerte el rumor de la llegada de Gerardo Martino al Inter Miami. <strong>Consultado por Clar\u00edn, el entorno del DT le puso pa\u00f1os fr\u00edos a las versiones: \u00abNo est\u00e1 cerrado. Estamos hablando, pero todav\u00eda a mitad de camino\u00bb<\/strong>.<\/p>\n<div class=\"sp__Normal embed-box embed-body-photo\" data-index=\"1\">\n<picture class=\"pointer\">\n<img class=\"img-expand\" width=\"100\" height=\"100\" loading=\"lazy\" src=\"http:\/\/cordobainforma.info\/wp-content\/uploads\/2023\/06\/el-enigmatico-posteo-del-dueno-del-inter-miami-se-viene-una-compania-de-lujo-para-messi-2.jpg\" alt=\"\u00bfEl dream team del Inter Miami? Messi ya est\u00e1 adentro y negociaciones avanzadas con Gerardo Martino, mientras que muchos dicen que Busquets ya est\u00e1 cerrado. \u00bfLlegar\u00e1n Luis Su\u00e1rez y Jordi Alba?\"><br \/>\n<span class=\"bt-expand\"><br \/>\n<svg class=\"ico white_mod\">\n<use class=\"use-expand\" xlink:href=\"#icon-expand\" \/>\n<\/svg><br \/>\n<\/span>\n<\/picture><figcaption>\u00bfEl dream team del Inter Miami? Messi ya est\u00e1 adentro y negociaciones avanzadas con Gerardo Martino, mientras que muchos dicen que Busquets ya est\u00e1 cerrado. \u00bfLlegar\u00e1n Luis Su\u00e1rez y Jordi Alba? <\/figcaption><\/div>\n<h2><strong>Messi: las vacaciones en Rosario, los partidos despedida de Maxi Rodr\u00edguez y Riquelme y cu\u00e1ndo podr\u00eda debutar en el Inter Miami<\/strong><\/h2>\n<p>Es necesario recordar, como se mencion\u00f3 anteriormente, que Messi se encuentra de vacaciones en Rosario. Su ciudad natal fue el destino elegido por el 10 para tomarse un descanso, adem\u00e1s de que est\u00e1 latente la posibilidad <strong>de que dispute el partido despedida de Maxi Rodr\u00edguez en el Coloso Marcelo Bielsa el 24 de junio, el mismo d\u00eda de su cumplea\u00f1os.<\/strong><\/p>\n<p>Y tambi\u00e9n est\u00e1 invitado a la despedida de Juan Rom\u00e1n Riquelme, que ser\u00e1 un d\u00eda despu\u00e9s de la de Maxi, en la Bombonera, <strong>y a la que asistir\u00e1n Lionel Scaloni, Pablo Aimar, Walter Samuel, Leandro Paredes, entre otros.<\/strong><\/p>\n<p><strong>\u00abTambi\u00e9n estoy en un momento donde quiero salir un poco del foco, pensar m\u00e1s en mi familia. <\/strong>Como dec\u00eda, reci\u00e9n tuve dos a\u00f1os en los que a nivel familiar estaba tan mal yo que no lo disfrutaba. Tuve ese mes fue espectacular para mi en el que ganamos el Mundial, <strong>pero sacando eso fue una etapa dif\u00edcil para m\u00ed y quiero volver a reencontrarme con el disfrute, con disfrutar de mi familia, de mis hijos, del d\u00eda&#8230; Por eso no se dio lo de Barcelona\u00bb,<\/strong> fueron las palabras de Messi, el d\u00eda que anunci\u00f3 que se iba a la MLS.<\/p>\n<p>En ese sentido, la pregunta que aparece <strong>es cu\u00e1ndo har\u00e1 su debut Messi en el Inter Miami. <\/strong>Hay que recordar que el torneo en Estados Unidos est\u00e1 en plena disputa. Bajo ese contexto, <strong>en Miami quieren tener a Leo para mediados de julio. <\/strong>Y muchos planean que su debut en el Inter ser\u00e1 el 21 de julio ante el Cruz Azul de M\u00e9xico en la Leagues Cup,<strong> un torneo oficial que juegan los equipos de la Major League Soccer y la Liga Mexicana.<\/strong><\/p>\n<p><strong>\u00abSi bien al principio la idea era otra, estamos felices de la decisi\u00f3n que tomamos. Estamos con ganas de afrontar el nuevo desaf\u00edo, el nuevo cambio. <\/strong>Creo que fue un paso importante, pero al mismo tiempo consciente de lo que significaba, as\u00ed que estamos felices\u00bb, coment\u00f3 Messi sobre su paso al Inter Miami, luego de la victoria ante Australia con la Selecci\u00f3n Argentina.<\/p>\n<\/p><\/div>\n","protected":false},"excerpt":{"rendered":"<p>Jorge Mas, uno de los due\u00f1os cubanos del nuevo club de Leo hizo un sugerente posteo. \u00bfDe qu\u00e9 habla? Lionel Messi descansa, disfruta y recarga energ\u00edas en Rosario, con su familia y amigos. Y mientras tanto, se define qui\u00e9nes ser\u00e1n sus nuevos (\u00bfo viejos&#8217;) compa\u00f1eros en el Inter Miami: y en ese sentido, uno de [&hellip;]<\/p>\n","protected":false},"author":1,"featured_media":78370,"comment_status":"closed","ping_status":"closed","sticky":false,"template":"","format":"standard","meta":[],"categories":[20],"tags":[],"_links":{"self":[{"href":"http:\/\/cordobainforma.info\/index.php\/wp-json\/wp\/v2\/posts\/78369"}],"collection":[{"href":"http:\/\/cordobainforma.info\/index.php\/wp-json\/wp\/v2\/posts"}],"about":[{"href":"http:\/\/cordobainforma.info\/index.php\/wp-json\/wp\/v2\/types\/post"}],"author":[{"embeddable":true,"href":"http:\/\/cordobainforma.info\/index.php\/wp-json\/wp\/v2\/users\/1"}],"replies":[{"embeddable":true,"href":"http:\/\/cordobainforma.info\/index.php\/wp-json\/wp\/v2\/comments?post=78369"}],"version-history":[{"count":0,"href":"http:\/\/cordobainforma.info\/index.php\/wp-json\/wp\/v2\/posts\/78369\/revisions"}],"wp:featuredmedia":[{"embeddable":true,"href":"http:\/\/cordobainforma.info\/index.php\/wp-json\/wp\/v2\/media\/78370"}],"wp:attachment":[{"href":"http:\/\/cordobainforma.info\/index.php\/wp-json\/wp\/v2\/media?parent=78369"}],"wp:term":[{"taxonomy":"category","embeddable":true,"href":"http:\/\/cordobainforma.info\/index.php\/wp-json\/wp\/v2\/categories?post=78369"},{"taxonomy":"post_tag","embeddable":true,"href":"http:\/\/cordobainforma.info\/index.php\/wp-json\/wp\/v2\/tags?post=78369"}],"curies":[{"name":"wp","href":"https:\/\/api.w.org\/{rel}","templated":true}]}}