{"id":78363,"date":"2023-06-19T09:39:24","date_gmt":"2023-06-19T09:39:24","guid":{"rendered":"https:\/\/somoscordobeses.com\/2023\/06\/19\/cuales-son-las-48-banderas-negras-a-las-peores-playas-espanolas\/"},"modified":"2023-06-19T09:39:24","modified_gmt":"2023-06-19T09:39:24","slug":"cuales-son-las-48-banderas-negras-a-las-peores-playas-espanolas","status":"publish","type":"post","link":"http:\/\/cordobainforma.info\/index.php\/2023\/06\/19\/cuales-son-las-48-banderas-negras-a-las-peores-playas-espanolas\/","title":{"rendered":"\u00bfCu\u00e1les son las 48 \u2018banderas negras\u2019 a las peores playas espa\u00f1olas?"},"content":{"rendered":"<p><a href=\"https:\/\/viraliza2.com\" rel=\"dofollow\" onmouseover=\"this.style.color='#fff';\" onmouseout=\"this.style.color='#fff';\">sabias que datos curiosos<\/a><br \/>\n<a href=\"https:\/\/elmonterizo.com\" rel=\"dofollow\" onmouseover=\"this.style.color='#fff';\" onmouseout=\"this.style.color='#fff';\">Ultimas Noticias y datos curiosos<\/a> <\/p>\n<div>\n<p> <strong>Ecologistas en Acci\u00f3n <\/strong>ha asignado \u201c<strong>banderas negras<\/strong>\u201d a 48 espacios del litoral espa\u00f1ol por su mala gesti\u00f3n ambiental y <strong>contaminaci\u00f3n<\/strong>, siendo <strong>Andaluc\u00eda <\/strong><strong>la comunidad aut\u00f3noma m\u00e1s afectada<\/strong> con un total de 10 arenales. <\/p>\n<p> La playa de La Antilla (Huelva), la R\u00eda de Huelva, la playa de la Herradura y la playa del Pozuelo-La R\u00e1bita (Granada) o Tarifa (C\u00e1diz) son algunas de las afectadas en Andaluc\u00eda, mientras que en Catalu\u00f1a se han colocado en la playa de Vallcarca de Sitges, en playas de Badalona y de Begur, el golfo de Roses, el delta del Ebro y La Savinosa de Tarragona. <\/p>\n<p> El<strong> listado completo<\/strong>, por autonom\u00edas, puede consultarse <strong>en este enlace.<\/strong> <\/p>\n<p> El informe ecologista, presentado este mi\u00e9rcoles en Galicia, incide en el impacto negativo en la costa del negocio de la \u201c<strong>turisticaci\u00f3n y la urbanizaci\u00f3n masiva de la costa<\/strong>\u201d. <\/p>\n<p> <em>Playa de La R\u00e1bita, en Granada, una de las que han obtenido una bandera negra<\/em> Pinterest <\/p>\n<p> En C\u00e1diz, por ejemplo, incluyen la playa de Tarifa por \u201cacumulaci\u00f3n de proyectos urbanizadores\u201d, en Bizkaia por el proyecto de crear \u201cun Guggenheim 2,3 en Urdaibai\u201d y en Barcelona \u201cpor un proyecto urban\u00edstico en la playa de Vallcarca\u201d. <\/p>\n<p> De las 48 banderas negras, <strong>seis de ellas en Galicia<\/strong>, 2 por dragados y ampliaciones portuarias sin justificaci\u00f3n; 3 por acumulaci\u00f3n de basuras marinas; 6 por afecciones a la biodiversidad y otras tantas por contaminaci\u00f3n qu\u00edmica o lum\u00ednica; 12 por vertidos; y 17 por la urbanizaci\u00f3n de la costa. <\/p>\n<p> Adem\u00e1s, desde Ecologistas en Acci\u00f3n tambi\u00e9n denuncian que el ayuntamiento de Vigo haya designado como \u201cplaya canina\u201d el arenal de A Calzoa sin una declaraci\u00f3n previa de impacto ambiental. <\/p>\n<p> \u00abA\u00f1o tras a\u00f1o observamos problem\u00e1ticas similares a las anteriores, aunque sin duda uno de los mayores problemas a los que nos enfrentamos es a la turistificaci\u00f3n y urbanizaci\u00f3n de nuestro litoral\u00bb, se\u00f1ala la organizaci\u00f3n. <\/p>\n<p> Las 48 banderas negras otorgadas este a\u00f1o se desglosan en las <strong>siguientes categor\u00edas:<\/strong> 17 por urbanizaci\u00f3n de la costa, a veces incluso invadiendo el Dominio P\u00fablico Mar\u00edtimo-Terrestre; 12 por vertidos, deficiencias en los sistemas de saneamiento y graves problemas de depuraci\u00f3n; 6 por contaminaci\u00f3n qu\u00edmica, lum\u00ednica y\/o ac\u00fastica; 6 por afecciones a la biodiversidad; 3 por acumulaci\u00f3n de basuras marinas; 2 por dragados y ampliaciones portuarias sin justificaci\u00f3n; entre otras. <\/p>\n<\/div>\n<nav class=\"navigation post-navigation\" aria-label=\"Continue Reading\">\n<h2 class=\"screen-reader-text\">Continue Reading<\/h2>\n<\/nav>\n","protected":false},"excerpt":{"rendered":"<p>sabias que datos curiosos Ultimas Noticias y datos curiosos Ecologistas en Acci\u00f3n ha asignado \u201cbanderas negras\u201d a 48 espacios del litoral espa\u00f1ol por su mala gesti\u00f3n ambiental y contaminaci\u00f3n, siendo Andaluc\u00eda la comunidad aut\u00f3noma m\u00e1s afectada con un total de 10 arenales. La playa de La Antilla (Huelva), la R\u00eda de Huelva, la playa de [&hellip;]<\/p>\n","protected":false},"author":1,"featured_media":78364,"comment_status":"closed","ping_status":"closed","sticky":false,"template":"","format":"standard","meta":[],"categories":[2],"tags":[],"_links":{"self":[{"href":"http:\/\/cordobainforma.info\/index.php\/wp-json\/wp\/v2\/posts\/78363"}],"collection":[{"href":"http:\/\/cordobainforma.info\/index.php\/wp-json\/wp\/v2\/posts"}],"about":[{"href":"http:\/\/cordobainforma.info\/index.php\/wp-json\/wp\/v2\/types\/post"}],"author":[{"embeddable":true,"href":"http:\/\/cordobainforma.info\/index.php\/wp-json\/wp\/v2\/users\/1"}],"replies":[{"embeddable":true,"href":"http:\/\/cordobainforma.info\/index.php\/wp-json\/wp\/v2\/comments?post=78363"}],"version-history":[{"count":0,"href":"http:\/\/cordobainforma.info\/index.php\/wp-json\/wp\/v2\/posts\/78363\/revisions"}],"wp:featuredmedia":[{"embeddable":true,"href":"http:\/\/cordobainforma.info\/index.php\/wp-json\/wp\/v2\/media\/78364"}],"wp:attachment":[{"href":"http:\/\/cordobainforma.info\/index.php\/wp-json\/wp\/v2\/media?parent=78363"}],"wp:term":[{"taxonomy":"category","embeddable":true,"href":"http:\/\/cordobainforma.info\/index.php\/wp-json\/wp\/v2\/categories?post=78363"},{"taxonomy":"post_tag","embeddable":true,"href":"http:\/\/cordobainforma.info\/index.php\/wp-json\/wp\/v2\/tags?post=78363"}],"curies":[{"name":"wp","href":"https:\/\/api.w.org\/{rel}","templated":true}]}}