{"id":78359,"date":"2023-06-19T05:04:00","date_gmt":"2023-06-19T05:04:00","guid":{"rendered":"http:\/\/cordobainforma.info\/index.php\/2023\/06\/19\/paso-en-chaco-ventaja-de-juntos-por-el-cambio-sobre-capitanich-con-alto-nivel-de-ausentismo\/"},"modified":"2023-06-19T05:04:00","modified_gmt":"2023-06-19T05:04:00","slug":"paso-en-chaco-ventaja-de-juntos-por-el-cambio-sobre-capitanich-con-alto-nivel-de-ausentismo","status":"publish","type":"post","link":"http:\/\/cordobainforma.info\/index.php\/2023\/06\/19\/paso-en-chaco-ventaja-de-juntos-por-el-cambio-sobre-capitanich-con-alto-nivel-de-ausentismo\/","title":{"rendered":"PASO en Chaco: ventaja de Juntos por el Cambio sobre Capitanich, con alto nivel de ausentismo"},"content":{"rendered":"<div class=\"media_block\"><\/div>\n<div><img src=\"http:\/\/cordobainforma.info\/wp-content\/uploads\/2023\/06\/paso-en-chaco-ventaja-de-juntos-por-el-cambio-sobre-capitanich-con-alto-nivel-de-ausentismo.jpg\" class=\"ff-og-image-inserted\"><\/div>\n<p>Los habitantes de Chaco votaron este domingo en las elecciones Primarias, Abiertas, Simult\u00e1neas y Obligatorias (PASO) para dirimir candidatos a gobernador y vice, legisladores provincias, intendentes y concejales&nbsp;de todos los municipios para las elecciones generales que tendr\u00e1n fecha el 17 de septiembre. Con un <strong>51.47% de mesas escrutadas<\/strong>, la brecha entre la oposici\u00f3n y&nbsp;Capitanich se achica. Juntos por el Cambio lleva el&nbsp;<strong>43.29%<\/strong> de los votos, mientras que el Frente Chaque\u00f1o alcanza el <strong>39.66%<\/strong>.&nbsp;<\/p>\n<p>Las mesas de votaci\u00f3n cerraron a las 18 horas, tras una <strong>jornada marcada por la desaparici\u00f3n y posible femicidio de Cecilia Strzyzowski, que amenaza con sacudir al poder provincial<\/strong>. Tambi\u00e9n se destac\u00f3 la feroz interna de Juntos por el Cambio, con dos listas altamente competitivas y con poca diferencia de votos.&nbsp;<\/p>\n<p>El&nbsp;inicio de los comicios en algunos colegios de Resistencia fue con demoras, por la ausencia de presidentes de mesa.&nbsp;El&nbsp;Tribunal Electoral de Chaco&nbsp;anunci\u00f3 que&nbsp;las 3003 mesas utilizadas para las elecciones funcionaron \u201ccon normalidad\u201d. Hab\u00eda 998.337 personas habilitadas para votar y <strong>la participaci\u00f3n electoral fue del 52%<\/strong>, un 8% menor a la participaci\u00f3n de las PASO del 2021. Los primeros resultados se conocieron despu\u00e9s de las 21.&nbsp;<\/p>\n<h2><strong>Segu\u00ed los resultados en Perfil.com:<\/strong>&nbsp;<\/h2>\n<p>Con un 51.47% de mesas escrutadas, estos son los resultados parciales<\/p>\n<p><strong>Frente Chaque\u00f1o: 39.66%<\/strong><\/p>\n<ul>\n<li><strong>Jorge Capitanich<\/strong> y Anal\u00eda Rach Quiroga (PJC &#8211; 17 de Octubre &#8211; Frente Chaque\u00f1o):&nbsp;99.07%<\/li>\n<li><strong>Ismael Walter Espinoza<\/strong> y Cepriano Arizaga (PXI &#8211; Siglo 21 Justicialista &#8211; Frente Chaque\u00f1o): 0.93%<\/li>\n<\/ul>\n<p><strong>Juntos por el Cambio: 43.29%<\/strong><\/p>\n<ul>\n<li><strong>Juan Carlos Polini<\/strong> y Delfina Veirav\u00e9 (A &#8211; Orden y Trabajo &#8211; Juntos por el Cambio):&nbsp;49.35%<\/li>\n<li><strong>Leandro Zdero<\/strong> y Silvana Schneider (Z &#8211; Chaco Cambia &#8211; Juntos por el Cambio):&nbsp;50.65%<\/li>\n<\/ul>\n<p>Listas \u00fanicas:<\/p>\n<ul>\n<li><strong>Juan Carlos Bacileff Ivanoff<\/strong> y C\u00e9sar Pic\u00f3n (1 &#8211; Integraci\u00f3n &#8211; Frente Integrador): 3.54%<\/li>\n<li><strong>C\u00e9sar Germ\u00e1n B\u00e1ez<\/strong> y Samanta Ariela Salas (Partido del Obrero): 0.94%<\/li>\n<li><strong>Alfredo \u201cCapi\u201d Rodr\u00edguez <\/strong>e Ileana Aguirre (La Libertad Avanza): 2.28%<\/li>\n<li><strong>Gustavo Mart\u00ednez<\/strong> y Viviam Polini (A &#8211; Para Todos &#8211; Corriente de Expresi\u00f3n Renovada):&nbsp;7.01%<\/li>\n<li><strong>Rub\u00e9n Galassi<\/strong> y Marta Kassor (Libertarios en Acci\u00f3n): 1.52%<\/li>\n<li><strong>Domingo Peppo<\/strong> y Nicol\u00e1s Matta (Unidos por la Gente): 1.76%<\/li>\n<\/ul>\n<p>Tambi\u00e9n se registraron&nbsp;25.815 votos en blanco y 2.432 nulos.&nbsp;<\/p>\n<p>Los datos fueron compartidos a trav\u00e9s de la web&nbsp;<a target=\"_blank\" href=\"https:\/\/resultados.chaco.gob.ar\/\" rel=\"noopener noreferrer\">https:\/\/resultados.chaco.gob.ar<\/a><\/p>\n<h2><strong>C\u00f3mo se desarrollaron las votaciones en Chaco<\/strong><\/h2>\n<p>Seg\u00fan el gobernador Jorge Capitanich,<strong> las PASO cerraron&nbsp;con normalidad<\/strong> y asegur\u00f3 que \u00abhemos obtenido una victoria contundente dentro de nuestro espacio.&nbsp;Eso significa una proyeccci\u00f3n cercana al 98%\u00bb.&nbsp;El mandatario compite en la interna&nbsp;contra Ismael Espinoza.&nbsp;<\/p>\n<p>Respecto a las candidaturas dadas de baja por la Justicia Electoral, en el marco de la investigaci\u00f3n por la desaparici\u00f3n de Cecilia Strzyzowski, se aclar\u00f3 que si bien las boletas a\u00fan manten\u00edan los nombres de los candidatos detenidos, los votos ir\u00e1n para el partido y no para las personas.&nbsp;<\/p>\n<p>\u201cEl Tribunal Electoral se ha expedido al respecto. La agrupaci\u00f3n nos solicit\u00f3 la exclusi\u00f3n de Sena, Obreg\u00f3n, Acu\u00f1a y Gonz\u00e1lez. Nosotros, como Tribunal Electoral, hemos decidido&nbsp;la exclusi\u00f3n de esos precandidatos, pero, dada la proximidad de los comicios, <strong>mantuvimos la validez de las boletas<\/strong>: por eso estaban en el cuarto oscuro, pero no se contabilizan esas personas. O sea,&nbsp;mantiene la validez en relaci\u00f3n <strong>con los restantes precandidatos<\/strong>\u00ab, aclararon en una conferencia de prensa.&nbsp;<\/p>\n<p class=\"destacadoNota\"><a target=\"_blank\" href=\"https:\/\/www.perfil.com\/noticias\/actualidad\/voto-la-madre-de-ceciliastrzyzowski-hoy-es-el-voto-bronca.phtml\" rel=\"noopener noreferrer\">Vot\u00f3 la madre de Cecilia&nbsp;Strzyzowski en Resistencia: \u00abEl de hoy es el voto bronca\u00bb<\/a><\/p>\n<h2><strong>Qu\u00e9 votaron en Chaco<\/strong><\/h2>\n<p><strong>Jorge Capitanich busca su reelecci\u00f3n junto a su vice Anal\u00eda Rach Quiroga, por el Frente Chaque\u00f1o<\/strong>, mientras que Ismael Walter Espinoza&nbsp;y Cepriano Arizaga le disputan las PASO en el mismo espacio pol\u00edtico. <strong>En juntos por el Cambio, las dos f\u00f3rmulas las integran Juan Carlos Polini&nbsp;y Delfina Veirav\u00e9 por un lado y Leandro Zdero&nbsp;y Silvana Schneider, por el otro.<\/strong> Juan Carlos Bacileff Ivanoff, quien fue&nbsp;gobernador interino cuando Capitanich fue nombrado jefe de Gabinete nacional, se postul\u00f3 junto a su vice, C\u00e9sar Pic\u00f3n, por el Frente Integrador.<\/p>\n<p>El exmandatario provincial y embajador argentino en Paraguay, <strong>Domingo Peppo, busca&nbsp;tambi\u00e9n regresar al cargo con Nicol\u00e1s Matta como compa\u00f1ero de f\u00f3rmula, por Unidos por la Gente.<\/strong>&nbsp;C\u00e9sar Germ\u00e1n B\u00e1ez&nbsp;y Samanta Ariela Salas se presentaron&nbsp;por el Partido Obrero; Alfredo \u00abCapi\u00bb Rodr\u00edguez&nbsp;e Ileana Aguirre, por La Libertad Avanza; Gustavo Mart\u00ednez&nbsp;y Viviam Polini, por Corriente de Expresi\u00f3n Renovada; y Rub\u00e9n Galassi&nbsp;y Marta Kassor, por Libertarios en Acci\u00f3n.<\/p>\n<h2>&nbsp;<\/h2>\n<h2><strong>Unas elecciones marcadas por el caso&nbsp;Cecilia Strzyzowski<\/strong><\/h2>\n<p>El presunto femicidio de Cecilia Strzyzowski, una mujer de 28 a\u00f1os desaparecida desde el 1 de junio, mantiene en vilo a la provincia de Chaco, donde los suegros de la joven, cercanos al gobernador, eran candidatos legislativos y quedaron detenidos junto al esposo de la joven. Los investigadores creen que Strzyzowski fue v\u00edctima de un femicidio.&nbsp;<\/p>\n<p>El esposo, C\u00e9sar Sena, est\u00e1 acusado de ser autor del delito de&nbsp;\u00abhomicidio triplemente agravado por el v\u00ednculo, por el concurso premeditado de dos o m\u00e1s personas y por haberse realizado en un contexto de violencia de g\u00e9nero\u00bb. Los padres de Sena, Emerenciano Sena y Marcela Acu\u00f1a, en tanto, est\u00e1n imputados como part\u00edcipes necesarios de \u00abhomicidio agravado por el concurso premeditado de dos o m\u00e1s personas\u00bb.&nbsp;Otras cuatro personas fueron arrestadas como part\u00edcipes secundarios.<\/p>\n<p>Se prev\u00e9n adem\u00e1s nuevos rastrillajes en busca de rastros de la joven en un enorme basural ubicado a 50 kil\u00f3metros de Resistencia, la capital de Chaco, luego de que ampliara su indagatoria Gustavo Melgarejo, el casero de la vivienda de los Sena, que se encuentra detenido: <strong>\u00abLa vi amordazada, con vida, en el asiento de atr\u00e1s de una camioneta\u00bb, hab\u00eda dicho a los fiscales d\u00edas atr\u00e1s. El jueves agreg\u00f3 que \u00abllevaron el cuerpo a un basural\u00bb.<\/strong><\/p>\n<p class=\"destacadoNota\"><a target=\"_blank\" href=\"https:\/\/www.perfil.com\/noticias\/policia\/cronologia-del-caso-cecilia-strzyzowski.phtml\" rel=\"noopener noreferrer\">Desaparici\u00f3n, detenidos, pistas y oscuras versiones: la cronolog\u00eda del caso Cecilia Strzyzowski<\/a><\/p>\n<p>Nelia Vel\u00e1zquez, una de los tres fiscales asignados a la investigaci\u00f3n, dijo que \u00abes una causa muy compleja\u00bb. \u00abAbundan un mont\u00f3n de pruebas,&nbsp;secuestros de celulares, llamadas, ubicaci\u00f3n de GPS; todo lo cual se debe analizar e ir encadenando para poder generar una hip\u00f3tesis. Buscamos a Cecilia con o sin vida\u00bb, agreg\u00f3.<\/p>\n<p>Gloria Romero, la madre de la v\u00edctima, dijo que su hija fue v\u00edctima de una trampa por parte de los Sena y cree que ya est\u00e1 muerta: \u00abEstamos seguras que no est\u00e1 m\u00e1s, que est\u00e1 muerta\u00bb, afirm\u00f3 Romero en una multitudinaria marcha de antorchas la noche del mi\u00e9rcoles en reclamo de justicia en Resistencia.&nbsp;Afirm\u00f3 que se trat\u00f3 de un femicidio. \u00abFue premeditado, fue una trampa (&#8230;) <strong>Este caso tiene repercusi\u00f3n, no por mi hija, sino porque (el acusado) es el hijo de Emerenciano\u00bb, advirti\u00f3.&nbsp;<\/strong><\/p>\n<p>La desaparici\u00f3n de la mujer fue un golpe duro para el gobernador peronista Jorge Capitanich, que buscar\u00e1&nbsp;su reelecci\u00f3n en los comicios del 17 de septiembre y denunci\u00f3 \u00abun uso pol\u00edtico\u00bb del caso. <strong>Capitanich fue padrino del casamiento de Emerenciano Sena y Acu\u00f1a<\/strong>. Ambos, l\u00edderes de una organizaci\u00f3n social, fueron dados de baja esta semana de una boleta electoral que acompa\u00f1aba a la del gobernador, como precandidatos a legislador provincial e intendenta de la capital chaque\u00f1a respectivamente, para las primarias del pr\u00f3ximo domingo en esa provincia.<\/p>\n<p class=\"destacadoNota\"><a target=\"_blank\" href=\"https:\/\/www.perfil.com\/noticias\/politica\/capitanich-voto-temprano-y-trato-de-hacer-control-de-danos-un-hecho-policial-no-puede-transformarse-en-un-hecho-politico.phtml\" rel=\"noopener noreferrer\">Capitanich trat\u00f3 de hacer control de da\u00f1os: \u00abUn hecho policial no puede transformarse en un hecho pol\u00edtico\u00bb<\/a><\/p>\n<p>Cecilia Strzyzowski era pareja de C\u00e9sar Sena, hijo de un matrimonio de dirigentes sociales -Emerenciano Sena&nbsp;y Marcela Acu\u00f1a- cercanos al <a target=\"_blank\" href=\"https:\/\/www.perfil.com\/noticias\/politica\/capitanich-voto-temprano-y-trato-de-hacer-control-de-danos-un-hecho-policial-no-puede-transformarse-en-un-hecho-politico.phtml\" rel=\"noopener noreferrer\"><strong>gobernador Joge Capitanich<\/strong><\/a> y que de hecho iban a ser candidatos del Frente Chaque\u00f1o. Sena iba a postularse como diputado provincial y Acu\u00f1a como intendenta de Resistencia, aunque el oficialismo en los \u00faltimos d\u00edas los desplaz\u00f3 a ambos por estar detenidos, m\u00e1s all\u00e1 que sus nombres figuraban igual este domingo en las boletas.<\/p>\n<p>Al momento de emitir su voto, apenas minutos despu\u00e9s de la apertura de las urnas, el mandatario chaque\u00f1o <strong>dijo que \u00ablos culpables del hecho ser\u00e1n castigados con todo el peso de la ley\u00bb y afirm\u00f3 que \u00abtodos los imputados en el caso est\u00e1n detenidos y excluidos de las listas\u00bb <\/strong>que participan de la elecci\u00f3n. \u00abUn hecho policial no puede convertirse en un hecho pol\u00edtico\u00bb, sintetiz\u00f3 el mandatario cheque\u00f1o.&nbsp;<\/p>\n<p><a target=\"_blank\" href=\"https:\/\/www.perfil.com\/noticias\/actualidad\/voto-la-madre-de-ceciliastrzyzowski-hoy-es-el-voto-bronca.phtml\" rel=\"noopener noreferrer\"><strong>La madre de Cecilia Strzyzowski,&nbsp;Gloria Romero, asegur\u00f3 tras votar que \u00abhoy es el voto bronca\u00bb.<\/strong><\/a>&nbsp;\u00abMucha gente me dec\u00eda que no serv\u00eda votar en las PASO, pero s\u00ed sirve. Hoy la forma de marchar es votar\u00bb, subray\u00f3 Romero, y pidi\u00f3: \u00abSi est\u00e1n conmigo, que vengan a votar. Que en los votos se den cuenta de&nbsp;que la gente tiene bronca\u00bb. Adem\u00e1s, la familia de la joven desaparecida comenz\u00f3 el d\u00eda siendo custodiada por Gendarmer\u00eda Nacional, luego de recibir amenazas: \u201cSabemos que ten\u00e9s otra hija\u201d, le sugirieron por tel\u00e9fono.&nbsp;<\/p>\n<p>NOTICIA EN DESARROLLO<\/p>\n<div class=\"article__tags\">\n<p>En esta Nota<\/p>\n<\/p><\/div>\n","protected":false},"excerpt":{"rendered":"<p>Los habitantes de Chaco votaron este domingo en las elecciones Primarias, Abiertas, Simult\u00e1neas y Obligatorias (PASO) para dirimir candidatos a gobernador y vice, legisladores provincias, intendentes y concejales&nbsp;de todos los municipios para las elecciones generales que tendr\u00e1n fecha el 17 de septiembre. Con un 51.47% de mesas escrutadas, la brecha entre la oposici\u00f3n y&nbsp;Capitanich se [&hellip;]<\/p>\n","protected":false},"author":1,"featured_media":78360,"comment_status":"closed","ping_status":"closed","sticky":false,"template":"","format":"standard","meta":[],"categories":[2],"tags":[],"_links":{"self":[{"href":"http:\/\/cordobainforma.info\/index.php\/wp-json\/wp\/v2\/posts\/78359"}],"collection":[{"href":"http:\/\/cordobainforma.info\/index.php\/wp-json\/wp\/v2\/posts"}],"about":[{"href":"http:\/\/cordobainforma.info\/index.php\/wp-json\/wp\/v2\/types\/post"}],"author":[{"embeddable":true,"href":"http:\/\/cordobainforma.info\/index.php\/wp-json\/wp\/v2\/users\/1"}],"replies":[{"embeddable":true,"href":"http:\/\/cordobainforma.info\/index.php\/wp-json\/wp\/v2\/comments?post=78359"}],"version-history":[{"count":0,"href":"http:\/\/cordobainforma.info\/index.php\/wp-json\/wp\/v2\/posts\/78359\/revisions"}],"wp:featuredmedia":[{"embeddable":true,"href":"http:\/\/cordobainforma.info\/index.php\/wp-json\/wp\/v2\/media\/78360"}],"wp:attachment":[{"href":"http:\/\/cordobainforma.info\/index.php\/wp-json\/wp\/v2\/media?parent=78359"}],"wp:term":[{"taxonomy":"category","embeddable":true,"href":"http:\/\/cordobainforma.info\/index.php\/wp-json\/wp\/v2\/categories?post=78359"},{"taxonomy":"post_tag","embeddable":true,"href":"http:\/\/cordobainforma.info\/index.php\/wp-json\/wp\/v2\/tags?post=78359"}],"curies":[{"name":"wp","href":"https:\/\/api.w.org\/{rel}","templated":true}]}}