{"id":78348,"date":"2023-06-18T23:28:57","date_gmt":"2023-06-18T23:28:57","guid":{"rendered":"http:\/\/cordobainforma.info\/index.php\/2023\/06\/18\/cordoba-quienes-ganaron-en-el-cuarto-domingo-de-elecciones-municipales-letra-p\/"},"modified":"2023-06-18T23:28:57","modified_gmt":"2023-06-18T23:28:57","slug":"cordoba-quienes-ganaron-en-el-cuarto-domingo-de-elecciones-municipales-letra-p","status":"publish","type":"post","link":"http:\/\/cordobainforma.info\/index.php\/2023\/06\/18\/cordoba-quienes-ganaron-en-el-cuarto-domingo-de-elecciones-municipales-letra-p\/","title":{"rendered":"<b>C\u00f3rdoba<\/b>: qui\u00e9nes ganaron en el cuarto domingo de elecciones municipales &#8211; Letra P"},"content":{"rendered":"<p>Una <b>nueva<\/b> jornada electoral se cumpli\u00f3 en la provincia de <b>C\u00f3rdoba<\/b>, la \u00faltima antes de la gran batalla por la Provincia y que tiene a Mart\u00edn&nbsp;&#8230; <\/p>\n","protected":false},"excerpt":{"rendered":"<p>Una nueva jornada electoral se cumpli\u00f3 en la provincia de C\u00f3rdoba, la \u00faltima antes de la gran batalla por la Provincia y que tiene a Mart\u00edn&nbsp;&#8230;<\/p>\n","protected":false},"author":1,"featured_media":0,"comment_status":"closed","ping_status":"closed","sticky":false,"template":"","format":"standard","meta":[],"categories":[23],"tags":[],"_links":{"self":[{"href":"http:\/\/cordobainforma.info\/index.php\/wp-json\/wp\/v2\/posts\/78348"}],"collection":[{"href":"http:\/\/cordobainforma.info\/index.php\/wp-json\/wp\/v2\/posts"}],"about":[{"href":"http:\/\/cordobainforma.info\/index.php\/wp-json\/wp\/v2\/types\/post"}],"author":[{"embeddable":true,"href":"http:\/\/cordobainforma.info\/index.php\/wp-json\/wp\/v2\/users\/1"}],"replies":[{"embeddable":true,"href":"http:\/\/cordobainforma.info\/index.php\/wp-json\/wp\/v2\/comments?post=78348"}],"version-history":[{"count":0,"href":"http:\/\/cordobainforma.info\/index.php\/wp-json\/wp\/v2\/posts\/78348\/revisions"}],"wp:attachment":[{"href":"http:\/\/cordobainforma.info\/index.php\/wp-json\/wp\/v2\/media?parent=78348"}],"wp:term":[{"taxonomy":"category","embeddable":true,"href":"http:\/\/cordobainforma.info\/index.php\/wp-json\/wp\/v2\/categories?post=78348"},{"taxonomy":"post_tag","embeddable":true,"href":"http:\/\/cordobainforma.info\/index.php\/wp-json\/wp\/v2\/tags?post=78348"}],"curies":[{"name":"wp","href":"https:\/\/api.w.org\/{rel}","templated":true}]}}