{"id":78259,"date":"2023-06-19T02:33:17","date_gmt":"2023-06-19T02:33:17","guid":{"rendered":"https:\/\/www.clarin.com\/deportes\/nikola-jokic-denver-nuggets-serbia-carrera-caballos-recibimiento-cartel_0_jAyO0gbv0y.html"},"modified":"2023-06-19T02:33:17","modified_gmt":"2023-06-19T02:33:17","slug":"jokic-de-mvp-en-las-finales-de-la-nba-a-una-carrera-de-caballos-en-su-pueblito-de-serbia","status":"publish","type":"post","link":"http:\/\/cordobainforma.info\/index.php\/2023\/06\/19\/jokic-de-mvp-en-las-finales-de-la-nba-a-una-carrera-de-caballos-en-su-pueblito-de-serbia\/","title":{"rendered":"Jokic, de MVP en las finales de la NBA a una carrera de caballos en su pueblito de Serbia"},"content":{"rendered":"<p><img src=\"http:\/\/cordobainforma.info\/wp-content\/uploads\/2023\/06\/jokic-de-mvp-en-las-finales-de-la-nba-a-una-carrera-de-caballos-en-su-pueblito-de-serbia.jpg\"><\/p>\n<div readability=\"34\">\n<div class=\"title check-space\" data-color=\"style='background-color:'\" readability=\"13\">\n<p><h2>El crack, campe\u00f3n con de los Denver Nuggets, revolucion\u00f3 su ciudad natal, donde adem\u00e1s le hicieron un cartel especial.<\/h2>\n<\/p>\n<\/div><\/div>\n<div id=\"entry-body\">\n<p><strong>\u00abEst\u00e1 bien, est\u00e1 bien. El trabajo est\u00e1 terminado. Ahora, a volver a casa\u00bb.<\/strong><\/p>\n<p>Luego de liderar a los <strong>Denver Nuggets<\/strong> a su primer t\u00edtulo en la <strong>NBA<\/strong>, <strong>Nikola Jokic<\/strong> cumpli\u00f3 con lo que dijo ni bien hab\u00eda terminado el quinto juego de las Finales contra <strong>Miami Heat<\/strong>: humilde como de costumbre, <strong>su deseo era regresar a Serbia lo m\u00e1s pronto posible despu\u00e9s de los festejos para ir a ver la carrera de caballos<\/strong> que se realiz\u00f3 este domingo en Sombor (donde naci\u00f3). Y, claro, no pas\u00f3 desapercibido: <strong>apenas lo vieron, los fan\u00e1ticos empezaron a corear por \u00e9l.<\/strong><\/p>\n<p><strong>\u00ab\u00a1MVP, MVP, MVP!\u00bb<\/strong>, <strong>cantaron las personas que estaban en esa tribuna, quienes por un rato se desentendieron del evento que hab\u00edan ido a ver<\/strong>. Se entiende: ten\u00edan a pocos metros a una de las m\u00e1ximas figuras deportivas serbias (con <strong>Novak Djokovic<\/strong> como #1 indiscutido, este t\u00edtulo elev\u00f3 a <strong>Jokic<\/strong> en el ranking de los que a\u00fan siguen vigentes). El basquetbolista se fue tras poco tiempo del hip\u00f3dromo, seg\u00fan reportaron los medios serbios.<\/p>\n<div class=\"sp__Normal embed-box embed-body-photo\" data-index=\"1\">\n<picture class=\"pointer\">\n<img class=\"img-expand\" width=\"100\" height=\"100\" loading=\"lazy\" src=\"http:\/\/cordobainforma.info\/wp-content\/uploads\/2023\/06\/jokic-de-mvp-en-las-finales-de-la-nba-a-una-carrera-de-caballos-en-su-pueblito-de-serbia-2.jpg\" alt=\"El Joker revolucion\u00f3 su ciudad natal al ir a ver una carrera de caballos (AFP). \"><br \/>\n<span class=\"bt-expand\"><br \/>\n<svg class=\"ico white_mod\">\n<use class=\"use-expand\" xlink:href=\"#icon-expand\" \/>\n<\/svg><br \/>\n<\/span>\n<\/picture><figcaption>El Joker revolucion\u00f3 su ciudad natal al ir a ver una carrera de caballos (AFP). <\/figcaption><\/div>\n<p>Con motivo de su llegada a <strong>Sombor<\/strong>, las autoridades locales instalaron un gran cartel con fotos de <strong>Jokic <\/strong>jugando al b\u00e1squet y demostrando su fanatismo por las carreras de caballos:<strong> \u00abBienvenido a casa, MVP\u00bb<\/strong>, dec\u00eda, en honor a quien fue elegido como el jugador m\u00e1s valioso de las Finales contra el Heat (termin\u00f3 4-1 para el ex club de <strong>Facu Campazzo<\/strong>).<\/p>\n<div class=\"sp__Normal embed-box embed-body-photo\" data-index=\"2\">\n<picture class=\"pointer\">\n<img class=\"img-expand\" width=\"100\" height=\"100\" loading=\"lazy\" src=\"http:\/\/cordobainforma.info\/wp-content\/uploads\/2023\/06\/jokic-de-mvp-en-las-finales-de-la-nba-a-una-carrera-de-caballos-en-su-pueblito-de-serbia-3.jpg\" alt=\"El cartel que le dedicaron a Jokic (AP). \"><br \/>\n<span class=\"bt-expand\"><br \/>\n<svg class=\"ico white_mod\">\n<use class=\"use-expand\" xlink:href=\"#icon-expand\" \/>\n<\/svg><br \/>\n<\/span>\n<\/picture><figcaption>El cartel que le dedicaron a Jokic (AP). <\/figcaption><\/div>\n<p>En cuanto al futuro de <strong>Jokic<\/strong>, <strong>a\u00fan no est\u00e1 confirmado si jugar\u00e1 el Mundial de B\u00e1squet con su selecci\u00f3n<\/strong>, que se har\u00e1 del 25 de agosto al 10 de septiembre en Indonesia, Jap\u00f3n y Filipinas (Serbia comparte el grupo B con Puerto Rico, China y Sud\u00e1n del Sur).<\/p>\n<h2><strong>Jokic, profeta en su Serbia<\/strong><\/h2>\n<\/p><\/div>\n","protected":false},"excerpt":{"rendered":"<p>El crack, campe\u00f3n con de los Denver Nuggets, revolucion\u00f3 su ciudad natal, donde adem\u00e1s le hicieron un cartel especial. \u00abEst\u00e1 bien, est\u00e1 bien. El trabajo est\u00e1 terminado. Ahora, a volver a casa\u00bb. Luego de liderar a los Denver Nuggets a su primer t\u00edtulo en la NBA, Nikola Jokic cumpli\u00f3 con lo que dijo ni bien [&hellip;]<\/p>\n","protected":false},"author":1,"featured_media":78260,"comment_status":"closed","ping_status":"closed","sticky":false,"template":"","format":"standard","meta":[],"categories":[20],"tags":[],"_links":{"self":[{"href":"http:\/\/cordobainforma.info\/index.php\/wp-json\/wp\/v2\/posts\/78259"}],"collection":[{"href":"http:\/\/cordobainforma.info\/index.php\/wp-json\/wp\/v2\/posts"}],"about":[{"href":"http:\/\/cordobainforma.info\/index.php\/wp-json\/wp\/v2\/types\/post"}],"author":[{"embeddable":true,"href":"http:\/\/cordobainforma.info\/index.php\/wp-json\/wp\/v2\/users\/1"}],"replies":[{"embeddable":true,"href":"http:\/\/cordobainforma.info\/index.php\/wp-json\/wp\/v2\/comments?post=78259"}],"version-history":[{"count":0,"href":"http:\/\/cordobainforma.info\/index.php\/wp-json\/wp\/v2\/posts\/78259\/revisions"}],"wp:featuredmedia":[{"embeddable":true,"href":"http:\/\/cordobainforma.info\/index.php\/wp-json\/wp\/v2\/media\/78260"}],"wp:attachment":[{"href":"http:\/\/cordobainforma.info\/index.php\/wp-json\/wp\/v2\/media?parent=78259"}],"wp:term":[{"taxonomy":"category","embeddable":true,"href":"http:\/\/cordobainforma.info\/index.php\/wp-json\/wp\/v2\/categories?post=78259"},{"taxonomy":"post_tag","embeddable":true,"href":"http:\/\/cordobainforma.info\/index.php\/wp-json\/wp\/v2\/tags?post=78259"}],"curies":[{"name":"wp","href":"https:\/\/api.w.org\/{rel}","templated":true}]}}