{"id":78257,"date":"2023-06-18T15:39:51","date_gmt":"2023-06-18T15:39:51","guid":{"rendered":"https:\/\/somoscordobeses.com\/2023\/06\/18\/cinco-localidades-cordobesas-estan-eligiendo-hoy-sus-nuevas-autoridades\/"},"modified":"2023-06-18T15:39:51","modified_gmt":"2023-06-18T15:39:51","slug":"cinco-localidades-cordobesas-estan-eligiendo-hoy-sus-nuevas-autoridades","status":"publish","type":"post","link":"http:\/\/cordobainforma.info\/index.php\/2023\/06\/18\/cinco-localidades-cordobesas-estan-eligiendo-hoy-sus-nuevas-autoridades\/","title":{"rendered":"Cinco localidades cordobesas est\u00e1n eligiendo hoy sus nuevas autoridades"},"content":{"rendered":"<p><a href=\"https:\/\/viraliza2.com\" rel=\"dofollow\" onmouseover=\"this.style.color='#fff';\" onmouseout=\"this.style.color='#fff';\">sabias que datos curiosos<\/a><br \/>\n<a href=\"https:\/\/elmonterizo.com\" rel=\"dofollow\" onmouseover=\"this.style.color='#fff';\" onmouseout=\"this.style.color='#fff';\">Ultimas Noticias y datos curiosos<\/a> <\/p>\n<div>\n<p> Otras cinco localidades comenzaron a elegir sus autoridades locales en este domingo. Dos de estos lugares tienen una \u00fanica lista, mientras que otros tres competir\u00e1n en un nuevo proceso.<\/p>\n<p> En el departamento General San Mart\u00edn, en Pasco, Dardo Pereyra, miembro de \u00abUnidos por Pasco\u00bb, cuenta con el respaldo del actual intendente, Daniel Delbono. Su rival, que ha ocupado el cargo en tres ocasiones, es la peronista Alicia Giubergia, quien encabeza la lista \u00abUni\u00f3n Vecinal Federal\u00bb.<\/p>\n<p> En la comuna de Santiago Temple, en el departamento R\u00edo Segundo, se enfrentan dos listas: el actual jefe comunal peronista, Marcos Ferace, busca la reelecci\u00f3n con la lista \u00abHacemos Unidos por C\u00f3rdoba\u00bb. Su oponente es Elvio Mondino, del \u00abMovimiento de Acci\u00f3n Vecinal\u00bb.<\/p>\n<p> En R\u00edo Cuarto, las localidades de Washington y La Carolina estar\u00e1n activas. En Washington, Mar\u00eda Marta Quiroga, de Juntos por el Cambio (JxC), cuenta con el respaldo del oficialismo local para competir contra Ariel Mart\u00ednez, representante de \u00abHacemos Unidos por C\u00f3rdoba\u00bb.<\/p>\n<p> Por otro lado, la actual jefa comunal de la localidad conocida como \u00abEl Potos\u00ed\u00bb, Sabina Sanita, se presenta como la \u00fanica candidata de la lista de la Uni\u00f3n C\u00edvica Radical (UCR). Lo mismo ocurre en Paso del Durazno, Ju\u00e1rez Celman, donde Luc\u00eda Picco, del PRO, ser\u00e1 proclamada jefa comunal y suceder\u00e1 a su padre, Jos\u00e9 Picco.<\/p>\n<p> Hasta ahora, este proceso electoral que comenz\u00f3 en marzo ha abarcado 156 de las 427 ciudades de la provincia. La pr\u00f3xima fecha ser\u00e1 el 25 de junio, en paralelo con las elecciones provinciales, donde 227 localidades elegir\u00e1n a sus autoridades.<\/p>\n<\/div>\n<nav class=\"navigation post-navigation\" aria-label=\"Continue Reading\">\n<h2 class=\"screen-reader-text\">Continue Reading<\/h2>\n<\/nav>\n","protected":false},"excerpt":{"rendered":"<p>sabias que datos curiosos Ultimas Noticias y datos curiosos Otras cinco localidades comenzaron a elegir sus autoridades locales en este domingo. Dos de estos lugares tienen una \u00fanica lista, mientras que otros tres competir\u00e1n en un nuevo proceso. En el departamento General San Mart\u00edn, en Pasco, Dardo Pereyra, miembro de \u00abUnidos por Pasco\u00bb, cuenta con [&hellip;]<\/p>\n","protected":false},"author":1,"featured_media":78258,"comment_status":"closed","ping_status":"closed","sticky":false,"template":"","format":"standard","meta":[],"categories":[2],"tags":[],"_links":{"self":[{"href":"http:\/\/cordobainforma.info\/index.php\/wp-json\/wp\/v2\/posts\/78257"}],"collection":[{"href":"http:\/\/cordobainforma.info\/index.php\/wp-json\/wp\/v2\/posts"}],"about":[{"href":"http:\/\/cordobainforma.info\/index.php\/wp-json\/wp\/v2\/types\/post"}],"author":[{"embeddable":true,"href":"http:\/\/cordobainforma.info\/index.php\/wp-json\/wp\/v2\/users\/1"}],"replies":[{"embeddable":true,"href":"http:\/\/cordobainforma.info\/index.php\/wp-json\/wp\/v2\/comments?post=78257"}],"version-history":[{"count":0,"href":"http:\/\/cordobainforma.info\/index.php\/wp-json\/wp\/v2\/posts\/78257\/revisions"}],"wp:featuredmedia":[{"embeddable":true,"href":"http:\/\/cordobainforma.info\/index.php\/wp-json\/wp\/v2\/media\/78258"}],"wp:attachment":[{"href":"http:\/\/cordobainforma.info\/index.php\/wp-json\/wp\/v2\/media?parent=78257"}],"wp:term":[{"taxonomy":"category","embeddable":true,"href":"http:\/\/cordobainforma.info\/index.php\/wp-json\/wp\/v2\/categories?post=78257"},{"taxonomy":"post_tag","embeddable":true,"href":"http:\/\/cordobainforma.info\/index.php\/wp-json\/wp\/v2\/tags?post=78257"}],"curies":[{"name":"wp","href":"https:\/\/api.w.org\/{rel}","templated":true}]}}