{"id":78253,"date":"2023-06-18T05:21:10","date_gmt":"2023-06-18T05:21:10","guid":{"rendered":"http:\/\/cordobainforma.info\/index.php\/2023\/06\/18\/lectura-doble\/"},"modified":"2023-06-18T05:21:10","modified_gmt":"2023-06-18T05:21:10","slug":"lectura-doble","status":"publish","type":"post","link":"http:\/\/cordobainforma.info\/index.php\/2023\/06\/18\/lectura-doble\/","title":{"rendered":"Lectura doble"},"content":{"rendered":"<div class=\"media_block\"><\/div>\n<div><img src=\"http:\/\/cordobainforma.info\/wp-content\/uploads\/2023\/06\/lectura-doble.jpg\" class=\"ff-og-image-inserted\"><\/div>\n<p>Buena parte del inter\u00e9s de Locas, de Luc\u00eda Mazzinghi (Ninguna orilla, Buenos Aires, mayo de 2023) reside en haber encontrado un tono justo \u2013dificil\u00edsimo de encontrar\u2013 para nunca tratar a la locura de un modo rom\u00e1ntico, idealizado, falsamente po\u00e9tico, sino al contrario, crudo, por momentos duro y hasta brutal, pero, al mismo tiempo, sin un gramo de demagogia, lograr que esa primera persona que sobrevuela todo el libro exprese un inmenso cari\u00f1o por esas locas ah\u00ed internadas. Se juega entonces un doble proceso en la narraci\u00f3n: por un lado, la marca de la desubjetivaci\u00f3n, de la cosificaci\u00f3n tal como ocurre en los hospitales psiqui\u00e1tricos (los personajes nunca son llamados por sus nombres, sino por su posici\u00f3n en las camas: \u201cLa boca llena de agujeros de cama 29\u201d, \u201cCama 30 reviste su cuerpo de una costra de mugre, miedo y estupor\u201d, \u201cLa nueva cama 24 se pasea semidesnuda por el pasillo\u201d) y, al mismo tiempo, su contracara dolorosa, la relaci\u00f3n de cercan\u00eda personal de la narradora con esas locas (\u201cDecime la verdad, \u00bfsoy linda?, pregunta cama 24. Pero claro, sos divina. Lind\u00edsima\u201d). En el encuentro entre la cr\u00f3nica, la poes\u00eda, la narraci\u00f3n fragmentada y el diario personal, Locas es un relato que hace de la discreci\u00f3n el par necesario de la conmoci\u00f3n, las vidas destrozadas, la gemela de peque\u00f1os momentos de brillo incandescente (\u201cMis amigos me dicen Laurazepam porque siempre estoy relajada, dice cama 54\u201d).<\/p>\n<p>Al pasar, en un momento Mazzinghi menciona a Alda Merino, la escritora italiana de quien, curiosamente \u2013o no tanto\u2013, acabo tambi\u00e9n de terminar de leer La loca de la puerta de al lado, publicado por la editorial espa\u00f1ola Tr\u00e1nsito, en una edici\u00f3n impresa en Argentina, traducida por Raquel Vicedo (de paso, cuento que en el stand de Per\u00fa en la Feria del libro compr\u00e9 Espejos invisibles. Poetas italianos del siglo XX, selecci\u00f3n y traducci\u00f3n de Carlos Germ\u00e1n Belli, en el que se incluyen algunos poemas de Merini: \u201cBella, risue\u00f1a y joven\/con tu vientre descubierto, \/y una medalla de oro\/sobre el ombligo, \/me dices que haces el amor cada d\u00eda\/y eres feliz y yo pienso que tu vientre\/es virgen mientras el m\u00edo\/es un nudo de v\u00edboras\/que ustedes llaman poes\u00eda\u201d) La loca de la puerta de al lado se estructura tem\u00e1ticamente (El amor, el secuestro, la familia, el dolor) para que el texto fluya entre la escritura confesional de rasgos m\u00edsticos, la narraci\u00f3n po\u00e9tica y las frases cortantes: \u201cSigo esperando a que me devuelvas ese dep\u00f3sito en garant\u00eda que hab\u00edamos dispuesto juntos. La ley de los amantes, tan oscura, maneja una contabilidad diferente, sin compromisos. \u00a1Devu\u00e9lveme mi ata\u00fad junto con un sepulturero!\u201d.<\/p>\n<p>Alda Merini naci\u00f3 en 1931 y muri\u00f3 en 2009. En 1947 fue internada por primera vez bajo el diagn\u00f3stico de bipolaridad. Entre 1956 y 1972 residi\u00f3 en el hospital psiqui\u00e1trico Paolo Pini, de Mil\u00e1n. Entre medio, tuvo dos hijos, y luego otros dos m\u00e1s, que fueron dados en adopci\u00f3n. Vivi\u00f3 casi toda su vida en una situaci\u00f3n de extrema precariedad, y muri\u00f3 en el hospital donde ingres\u00f3 en su \u00faltima internaci\u00f3n psiqui\u00e1trica. En los datos de autora que incorpora Luc\u00eda Mazzinghi en la primera&nbsp;p\u00e1gina de Locas, leemos que naci\u00f3 en Buenos Aires en 1975, y que adem\u00e1s de haber publicado tres libros, \u201cdurante veinte a\u00f1os trabaj\u00f3 en un hospital psiqui\u00e1trico de la Ciudad de Buenos Aires\u201d.<\/p>\n<div class=\"article__tags\">\n<p>En esta Nota<\/p>\n<\/p><\/div>\n","protected":false},"excerpt":{"rendered":"<p>Buena parte del inter\u00e9s de Locas, de Luc\u00eda Mazzinghi (Ninguna orilla, Buenos Aires, mayo de 2023) reside en haber encontrado un tono justo \u2013dificil\u00edsimo de encontrar\u2013 para nunca tratar a la locura de un modo rom\u00e1ntico, idealizado, falsamente po\u00e9tico, sino al contrario, crudo, por momentos duro y hasta brutal, pero, al mismo tiempo, sin un [&hellip;]<\/p>\n","protected":false},"author":1,"featured_media":78254,"comment_status":"closed","ping_status":"closed","sticky":false,"template":"","format":"standard","meta":[],"categories":[2],"tags":[],"_links":{"self":[{"href":"http:\/\/cordobainforma.info\/index.php\/wp-json\/wp\/v2\/posts\/78253"}],"collection":[{"href":"http:\/\/cordobainforma.info\/index.php\/wp-json\/wp\/v2\/posts"}],"about":[{"href":"http:\/\/cordobainforma.info\/index.php\/wp-json\/wp\/v2\/types\/post"}],"author":[{"embeddable":true,"href":"http:\/\/cordobainforma.info\/index.php\/wp-json\/wp\/v2\/users\/1"}],"replies":[{"embeddable":true,"href":"http:\/\/cordobainforma.info\/index.php\/wp-json\/wp\/v2\/comments?post=78253"}],"version-history":[{"count":0,"href":"http:\/\/cordobainforma.info\/index.php\/wp-json\/wp\/v2\/posts\/78253\/revisions"}],"wp:featuredmedia":[{"embeddable":true,"href":"http:\/\/cordobainforma.info\/index.php\/wp-json\/wp\/v2\/media\/78254"}],"wp:attachment":[{"href":"http:\/\/cordobainforma.info\/index.php\/wp-json\/wp\/v2\/media?parent=78253"}],"wp:term":[{"taxonomy":"category","embeddable":true,"href":"http:\/\/cordobainforma.info\/index.php\/wp-json\/wp\/v2\/categories?post=78253"},{"taxonomy":"post_tag","embeddable":true,"href":"http:\/\/cordobainforma.info\/index.php\/wp-json\/wp\/v2\/tags?post=78253"}],"curies":[{"name":"wp","href":"https:\/\/api.w.org\/{rel}","templated":true}]}}