{"id":78241,"date":"2023-06-18T01:20:48","date_gmt":"2023-06-18T01:20:48","guid":{"rendered":"http:\/\/cordobainforma.info\/index.php\/2023\/06\/18\/busquedas-laborales-cuanto-pesa-la-edad-a-la-hora-de-conseguir-un-nuevo-trabajo-clarin\/"},"modified":"2023-06-18T01:20:48","modified_gmt":"2023-06-18T01:20:48","slug":"busquedas-laborales-cuanto-pesa-la-edad-a-la-hora-de-conseguir-un-nuevo-trabajo-clarin","status":"publish","type":"post","link":"http:\/\/cordobainforma.info\/index.php\/2023\/06\/18\/busquedas-laborales-cuanto-pesa-la-edad-a-la-hora-de-conseguir-un-nuevo-trabajo-clarin\/","title":{"rendered":"B\u00fasquedas laborales: cu\u00e1nto pesa la edad a la hora de conseguir un <b>nuevo<\/b> trabajo &#8211; Clar\u00edn"},"content":{"rendered":"<p>M\u00e1s de la mitad de los especialistas argentinos respondi\u00f3 que ninguna persona de su empresa tiene m\u00e1s de 60 a\u00f1os. Solo&nbsp;&#8230; <\/p>\n","protected":false},"excerpt":{"rendered":"<p>M\u00e1s de la mitad de los especialistas argentinos respondi\u00f3 que ninguna persona de su empresa tiene m\u00e1s de 60 a\u00f1os. Solo&nbsp;&#8230;<\/p>\n","protected":false},"author":1,"featured_media":0,"comment_status":"closed","ping_status":"closed","sticky":false,"template":"","format":"standard","meta":[],"categories":[23],"tags":[],"_links":{"self":[{"href":"http:\/\/cordobainforma.info\/index.php\/wp-json\/wp\/v2\/posts\/78241"}],"collection":[{"href":"http:\/\/cordobainforma.info\/index.php\/wp-json\/wp\/v2\/posts"}],"about":[{"href":"http:\/\/cordobainforma.info\/index.php\/wp-json\/wp\/v2\/types\/post"}],"author":[{"embeddable":true,"href":"http:\/\/cordobainforma.info\/index.php\/wp-json\/wp\/v2\/users\/1"}],"replies":[{"embeddable":true,"href":"http:\/\/cordobainforma.info\/index.php\/wp-json\/wp\/v2\/comments?post=78241"}],"version-history":[{"count":0,"href":"http:\/\/cordobainforma.info\/index.php\/wp-json\/wp\/v2\/posts\/78241\/revisions"}],"wp:attachment":[{"href":"http:\/\/cordobainforma.info\/index.php\/wp-json\/wp\/v2\/media?parent=78241"}],"wp:term":[{"taxonomy":"category","embeddable":true,"href":"http:\/\/cordobainforma.info\/index.php\/wp-json\/wp\/v2\/categories?post=78241"},{"taxonomy":"post_tag","embeddable":true,"href":"http:\/\/cordobainforma.info\/index.php\/wp-json\/wp\/v2\/tags?post=78241"}],"curies":[{"name":"wp","href":"https:\/\/api.w.org\/{rel}","templated":true}]}}