{"id":78206,"date":"2023-06-18T03:40:17","date_gmt":"2023-06-18T03:40:17","guid":{"rendered":"http:\/\/cordobainforma.info\/index.php\/2023\/06\/18\/israel-no-se-cansa-de-protestar-contra-la-reforma-judicial-la-24-a-semana-de-descontento-social\/"},"modified":"2023-06-18T03:40:17","modified_gmt":"2023-06-18T03:40:17","slug":"israel-no-se-cansa-de-protestar-contra-la-reforma-judicial-la-24-a-semana-de-descontento-social","status":"publish","type":"post","link":"http:\/\/cordobainforma.info\/index.php\/2023\/06\/18\/israel-no-se-cansa-de-protestar-contra-la-reforma-judicial-la-24-a-semana-de-descontento-social\/","title":{"rendered":"Israel no se cansa de protestar contra la reforma judicial: la 24.\u00aa semana de descontento social"},"content":{"rendered":"<p><img src=\"http:\/\/cordobainforma.info\/wp-content\/uploads\/2023\/06\/israel-no-se-cansa-de-protestar-contra-la-reforma-judicial-la-24-a-semana-de-descontento-social.jpg\"><\/p>\n<div readability=\"32\">\n<p><span>Publicado:<\/span><time class=\"Timestamp-root Timestamp-isBlackColor \" datetime=\"2023-06-18T03:40:17+00:00\"> 18 jun 2023 03:40 GMT <\/time><\/p>\n<\/div>\n<div readability=\"34\">\n<p> La principal protesta se realiz\u00f3 en el centro de la ciudad de Tel Aviv, que congreg\u00f3 alrededor de 100.000 personas. <\/p>\n<\/div>\n<div readability=\"68.554359526372\">\n<p>Israel vive su&nbsp;<strong>vig\u00e9sima cuarta semana de protestas masivas<\/strong>&nbsp;contra la controvertida reforma judicial, destinada a limitar severamente los poderes del Tribunal Supremo, con decenas de miles de personas saliendo a las calles de todo el pa\u00eds este s\u00e1bado,&nbsp;<a href=\"https:\/\/www.timesofisrael.com\/with-fate-of-judicial-panel-in-the-balance-masses-rally-nationwide-against-overhaul\/\" target=\"_blank\" rel=\"noopener noreferrer\">informa<\/a>&nbsp;The Times of Israel.<\/p>\n<p>La principal protesta se realiz\u00f3 en el centro de la ciudad de Tel Aviv, que&nbsp;<strong>congreg\u00f3 alrededor de 100.000 manifestantes<\/strong>. Miles de personas se reunieron tambi\u00e9n en 150 localidades de todo el pa\u00eds, en Haifa, Rehovot, Rosh Haayin y Holon, entre otras.<\/p>\n<div class=\"EmbedBlock-root EmbedBlock-twitter\">\n<div class=\"TwitterEmbed\" readability=\"7.1633064516129\">\n<blockquote class=\"twitter-tweet\" data-twitter=\"twitter-tweet\" readability=\"8.4274193548387\">\n<p lang=\"en\" dir=\"ltr\">The reason the protest will win, and the illusory and messianic government of Israel will be replaced, is not because of the protest, it is due to the people, <a href=\"https:\/\/t.co\/D6CMlAC3mz\">pic.twitter.com\/D6CMlAC3mz<\/a><\/p>\n<p>\u2014 Yoram Kraus \u05d9\u05d5\u05e8\u05dd \u05e7\u05e8\u05d0\u05d5\u05e1 (@yoramkraus) <a href=\"https:\/\/twitter.com\/yoramkraus\/status\/1670136533142188032?ref_src=twsrc%5Etfw\">June 17, 2023<\/a><\/p><\/blockquote>\n<\/div>\n<\/div>\n<p>Las manifestaciones se realizaron en v\u00edsperas de las&nbsp;<strong>elecciones a la direcci\u00f3n del Colegio de Abogados de Israel<\/strong>, que tendr\u00e1n lugar el pr\u00f3ximo martes. Estos comicios son importantes porque el Colegio env\u00eda dos representantes al Comit\u00e9 de Nombramientos Judiciales, el \u00f3rgano que selecciona a los jueces del Tribunal Supremo de Israel.<\/p>\n<p>Amit Becher, que ocupa la presidencia temporal del Colegio y est\u00e1 apoyado por la oposici\u00f3n,&nbsp;<a href=\"https:\/\/www.haaretz.com\/israel-news\/2023-06-17\/ty-article\/.premium\/israelis-rally-for-democracy-for-24th-week-in-a-row-amid-judicial-overhaul-talks-blowup\/00000188-cad0-d1b0-affe-ffd027450000\" target=\"_blank\" rel=\"noopener noreferrer\">se dirigi\u00f3<\/a>&nbsp;a los manifestantes, declarando que los partidarios de la reforma judicial intentar\u00e1n elegir \u00ab<strong>a un presidente delincuente que les d\u00e9 el control de la designaci\u00f3n de los jueces<\/strong>&nbsp;y del pr\u00f3ximo presidente de la Suprema Corte\u00bb. Se cree que el principal rival de Becher para la elecci\u00f3n es Efi Nave, que supuestamente cuenta con el respaldo de la coalici\u00f3n gobernante.&nbsp;<\/p>\n<figure class=\"RTImage-root\">\n<div class=\"RTImage-image RTImage-original\"><picture class=\"Picture-root Picture-original\"><!--[if IE 9]><video style=\"display: none;\"><![endif]--><source media=\"(-webkit-min-device-pixel-ratio: 2) and (min-resolution: 120dpi)\" srcset=\"http:\/\/cordobainforma.info\/wp-content\/uploads\/2023\/06\/israel-no-se-cansa-de-protestar-contra-la-reforma-judicial-la-24-a-semana-de-descontento-social-2.jpg 850w, http:\/\/cordobainforma.info\/wp-content\/uploads\/2023\/06\/israel-no-se-cansa-de-protestar-contra-la-reforma-judicial-la-24-a-semana-de-descontento-social-2.jpg 1960w\"><source srcset=\"http:\/\/cordobainforma.info\/wp-content\/uploads\/2023\/06\/israel-no-se-cansa-de-protestar-contra-la-reforma-judicial-la-24-a-semana-de-descontento-social-2.jpg 460w, http:\/\/cordobainforma.info\/wp-content\/uploads\/2023\/06\/israel-no-se-cansa-de-protestar-contra-la-reforma-judicial-la-24-a-semana-de-descontento-social-2.jpg 980w\"><!--[if IE 9]><\/video><![endif]--><img data-sizes=\"auto\" src=\"http:\/\/cordobainforma.info\/wp-content\/uploads\/2023\/06\/israel-no-se-cansa-de-protestar-contra-la-reforma-judicial-la-24-a-semana-de-descontento-social-2.jpg\" class=\"Picture-root Picture-original lazyload\" alt><\/picture><!-- noscript pattern --><noscript><img src=\"http:\/\/cordobainforma.info\/wp-content\/uploads\/2023\/06\/israel-no-se-cansa-de-protestar-contra-la-reforma-judicial-la-24-a-semana-de-descontento-social-2.jpg\" alt><\/noscript><\/div>\n<\/figure>\n<p>El l\u00edder de la oposici\u00f3n, Yair Lapid, y la exministra de Justicia y Asuntos Exteriores Tzipi Livni tambi\u00e9n participaron en la protesta. Livni acus\u00f3 el Gobierno de impulsar \u00ab<strong>leyes que borran la igualdad<\/strong>, que establecen la supremac\u00eda religiosa sobre los laicos, la supremac\u00eda jud\u00eda sobre los \u00e1rabes y la supremac\u00eda corrupta sobre los jueces\u00bb.&nbsp;<\/p>\n<div class=\"EmbedBlock-root EmbedBlock-twitter\">\n<div class=\"TwitterEmbed\" readability=\"7.5817174515235\">\n<blockquote class=\"twitter-tweet\" data-twitter=\"twitter-tweet\" readability=\"8.9196675900277\">\n<p lang=\"en\" dir=\"ltr\">Live, From Israel, ITS SATURDAY NIGHT. It is \ud835\ude04\ud835\uddf2\ud835\uddf2\ud835\uddf8 \ud835\udfee\ud835\udff0 of the protests against PM Netanyahu&#8217;s plans to upend Israel&#8217;s system of government. This is Be&#8217;er Sheva, Likud stronghold in the south of the country. <a href=\"https:\/\/t.co\/FHu0aCgxir\">pic.twitter.com\/FHu0aCgxir<\/a><\/p>\n<p>\u2014 Noga Tarnopolsky \u05e0\u05d2\u05d4 \u05d8\u05e8\u05e0\u05d5\u05e4\u05d5\u05dc\u05e1\u05e7\u05d9 \u0646\u0648\u063a\u0627 \u062a\u0631\u0646\u0648\u0628\u0648\u0644\u0633\u0643\u064a\ud83d\udc99 (@NTarnopolsky) <a href=\"https:\/\/twitter.com\/NTarnopolsky\/status\/1670113722373685248?ref_src=twsrc%5Etfw\">June 17, 2023<\/a><\/p><\/blockquote>\n<\/div>\n<\/div>\n<ul>\n<li>El proyecto de ley, impulsado por la coalici\u00f3n de Benjam\u00edn Netanyahu, otorgar\u00eda al Gobierno una influencia decisiva en la selecci\u00f3n de los jueces, limitando el alcance de la Corte Suprema para derogar leyes o fallar en contra del Ejecutivo.<\/li>\n<li>Los cr\u00edticos consideran que debilitar\u00eda, en gran medida, la independencia judicial, dado que Israel no tiene Constituci\u00f3n, sino \u00fanicamente una comisi\u00f3n del Parlamento controlada actualmente por la coalici\u00f3n gobernante.<\/li>\n<\/ul>\n<\/div>\n","protected":false},"excerpt":{"rendered":"<p>Publicado: 18 jun 2023 03:40 GMT La principal protesta se realiz\u00f3 en el centro de la ciudad de Tel Aviv, que congreg\u00f3 alrededor de 100.000 personas. Israel vive su&nbsp;vig\u00e9sima cuarta semana de protestas masivas&nbsp;contra la controvertida reforma judicial, destinada a limitar severamente los poderes del Tribunal Supremo, con decenas de miles de personas saliendo a [&hellip;]<\/p>\n","protected":false},"author":1,"featured_media":78207,"comment_status":"closed","ping_status":"closed","sticky":false,"template":"","format":"standard","meta":[],"categories":[22],"tags":[],"_links":{"self":[{"href":"http:\/\/cordobainforma.info\/index.php\/wp-json\/wp\/v2\/posts\/78206"}],"collection":[{"href":"http:\/\/cordobainforma.info\/index.php\/wp-json\/wp\/v2\/posts"}],"about":[{"href":"http:\/\/cordobainforma.info\/index.php\/wp-json\/wp\/v2\/types\/post"}],"author":[{"embeddable":true,"href":"http:\/\/cordobainforma.info\/index.php\/wp-json\/wp\/v2\/users\/1"}],"replies":[{"embeddable":true,"href":"http:\/\/cordobainforma.info\/index.php\/wp-json\/wp\/v2\/comments?post=78206"}],"version-history":[{"count":0,"href":"http:\/\/cordobainforma.info\/index.php\/wp-json\/wp\/v2\/posts\/78206\/revisions"}],"wp:featuredmedia":[{"embeddable":true,"href":"http:\/\/cordobainforma.info\/index.php\/wp-json\/wp\/v2\/media\/78207"}],"wp:attachment":[{"href":"http:\/\/cordobainforma.info\/index.php\/wp-json\/wp\/v2\/media?parent=78206"}],"wp:term":[{"taxonomy":"category","embeddable":true,"href":"http:\/\/cordobainforma.info\/index.php\/wp-json\/wp\/v2\/categories?post=78206"},{"taxonomy":"post_tag","embeddable":true,"href":"http:\/\/cordobainforma.info\/index.php\/wp-json\/wp\/v2\/tags?post=78206"}],"curies":[{"name":"wp","href":"https:\/\/api.w.org\/{rel}","templated":true}]}}