{"id":78155,"date":"2023-06-18T00:54:27","date_gmt":"2023-06-18T00:54:27","guid":{"rendered":"https:\/\/www.clarin.com\/deportes\/-quieren-velez-vaya-b-avisen-advirtio-dt-marcelo-bravo-enojadisimo-arbitro_0_Ez6LYdFU8F.html"},"modified":"2023-06-18T00:54:27","modified_gmt":"2023-06-18T00:54:27","slug":"si-quieren-que-velez-se-vaya-a-la-b-que-nos-avisen-advirtio-el-dt-marcelo-bravo-enojadisimo-con-el-arbitro","status":"publish","type":"post","link":"http:\/\/cordobainforma.info\/index.php\/2023\/06\/18\/si-quieren-que-velez-se-vaya-a-la-b-que-nos-avisen-advirtio-el-dt-marcelo-bravo-enojadisimo-con-el-arbitro\/","title":{"rendered":"\u00abSi quieren que V\u00e9lez se vaya a la B, que nos avisen\u00bb, advirti\u00f3 el DT Marcelo Bravo enojad\u00edsimo con el \u00e1rbitro"},"content":{"rendered":"<p><img src=\"http:\/\/cordobainforma.info\/wp-content\/uploads\/2023\/06\/si-quieren-que-velez-se-vaya-a-la-b-que-nos-avisen-advirtio-el-dt-marcelo-bravo-enojadisimo-con-el-arbitro.jpg\"><\/p>\n<div><img src=\"http:\/\/cordobainforma.info\/wp-content\/uploads\/2023\/06\/si-quieren-que-velez-se-vaya-a-la-b-que-nos-avisen-advirtio-el-dt-marcelo-bravo-enojadisimo-con-el-arbitro-2.jpg\" class=\"ff-og-image-inserted\"><\/div>\n<div readability=\"33\">\n<div class=\"title check-space\" data-color=\"style='background-color:'\" readability=\"11\">\n<p><h2>La tercera derrota consecutiva y las 12 fechas sin ganar pesan. Pero especialmente este s\u00e1bado los ca\u00f1ones le apuntaron a Leandro Rey Hilfer. <\/h2>\n<\/p>\n<\/div><\/div>\n<div id=\"entry-body\">\n<p>La bronca domin\u00f3 a <strong>V\u00e9lez<\/strong>, que atraviesa una de las peores campa\u00f1as de su historia. La tercera derrota consecutiva y las doce fechas sin ganar pesan. Pero especialmente este s\u00e1bado los ca\u00f1ones le apuntaron a<strong> Leandro Rey Hilfer<\/strong>. Y <strong>Marcelo Bravo<\/strong>, el t\u00e9cnico interino, no tuvo pelos en la lengua en la conferencia de prensa.<\/p>\n<p> <strong>\u00abSi quieren que V\u00e9lez se vaya a la B, que nos avisen que ni competimos\u00bb,<\/strong> dispar\u00f3 el entrenador. Y sigui\u00f3: \u00abClaramente hubo dos penales que el \u00e1rbitro dej\u00f3 pasar\u00bb.<\/p>\n<p>Bravo dio una larga explicaci\u00f3n de las situaciones pol\u00e9micas: \u00abHoy el equipo tuvo una respuesta. Tuvimos m\u00e1s situaciones que Racing y hubo dos penales que el \u00e1rbitro no cobr\u00f3. Entonces, ante esta situaci\u00f3n es imposible. Porque es verdad que los goles del rival fueron dos errores nuestros; pero el \u00e1rbitro tuvo dos jugadas en las que tranquilamente podr\u00edan haber sido el empate y la victoria de V\u00e9lez\u00bb.<\/p>\n<p>Y sigui\u00f3: No quiero caer sobre el \u00e1rbitro, pero dos fueron jugadas muy claras. Dos veces tuvo para sacarle amarilla a Piovi y expulsarlo y no lo hizo. La primera es clar\u00edsima, le pega un codazo al costado en la disputa con el Tanque (Osorio). Entonces, Racing se ten\u00eda que quedar con uno menos. Hubo dos penales en el segundo tiempo. Uno que gana la espalda Janson, fue el mismo penal que le cobr\u00f3 a Racing. <strong>Estamos jugando en contra de todo. Es muy dif\u00edcil<\/strong>\u00ab.<\/p>\n<p> <strong>El penal de Jara pareci\u00f3 una torpeza<\/strong>, m\u00e1s all\u00e1 de la ca\u00edda de Nicol\u00e1s Oroz. La jugada de la posici\u00f3n adelantada de Jos\u00e9 Florent\u00edn es muy fina. Las l\u00edneas que trazaron lo muestran en la misma posici\u00f3n que a Gonzalo Piovi cuando parte el pase que deriva en el anticipo del paraguayo y la mano de G\u00f3mez. En la que reclama de Piovi sobre Janson es parecida a la de Jara-Oroz. Y el brazo de Mura se mueve en la \u00faltima. No queda claro si pega en la mano o en el pecho en las distintas repeticiones.<\/p>\n<p> Con una campera blanca y el escudo de V\u00e9lez en el pecho, despu\u00e9s se refiri\u00f3 a la coyuntura de un equipo que est\u00e1 en la zona baja de la tabla general y que arrancar\u00e1 la temporada 2024 en el \u00faltimo puesto de los promedios. \u00ab<strong>Estamos doloridos, tristes, pero como dije el otro d\u00eda, hay que levantar la cabeza y seguir<\/strong>. Todav\u00eda tenemos varios partidos para sacar adelante\u00bb, reflexion\u00f3.<\/p>\n<p> \u00abHoy hicimos un partido discreto en el que claramente tuvimos varias opciones de gol. Despu\u00e9s, opt\u00e9 por varios cambios porque ten\u00edamos que sostener la l\u00ednea defensiva. En zona media necesit\u00e1bamos ser m\u00e1s agresivos. Por eso decidimos hacer algunos cambios. Lamentablemente, otra vez nos quedamos sin nada\u00bb, se lament\u00f3.<\/p>\n<p> Y realiz\u00f3 una autocr\u00edtica: \u00abMe hago cargo, cometemos errores y sabemos, adem\u00e1s, que el club no est\u00e1 en las mejores condiciones. Y es un a\u00f1o de elecciones y todo influye. Ellos lo quieren sacar adelante\u00bb.<\/p>\n<p> <span class=\"title-related\">Mir\u00e1 tambi\u00e9n<\/span> <\/div>\n","protected":false},"excerpt":{"rendered":"<p>La tercera derrota consecutiva y las 12 fechas sin ganar pesan. Pero especialmente este s\u00e1bado los ca\u00f1ones le apuntaron a Leandro Rey Hilfer. La bronca domin\u00f3 a V\u00e9lez, que atraviesa una de las peores campa\u00f1as de su historia. La tercera derrota consecutiva y las doce fechas sin ganar pesan. Pero especialmente este s\u00e1bado los ca\u00f1ones [&hellip;]<\/p>\n","protected":false},"author":1,"featured_media":78156,"comment_status":"closed","ping_status":"closed","sticky":false,"template":"","format":"standard","meta":[],"categories":[20],"tags":[],"_links":{"self":[{"href":"http:\/\/cordobainforma.info\/index.php\/wp-json\/wp\/v2\/posts\/78155"}],"collection":[{"href":"http:\/\/cordobainforma.info\/index.php\/wp-json\/wp\/v2\/posts"}],"about":[{"href":"http:\/\/cordobainforma.info\/index.php\/wp-json\/wp\/v2\/types\/post"}],"author":[{"embeddable":true,"href":"http:\/\/cordobainforma.info\/index.php\/wp-json\/wp\/v2\/users\/1"}],"replies":[{"embeddable":true,"href":"http:\/\/cordobainforma.info\/index.php\/wp-json\/wp\/v2\/comments?post=78155"}],"version-history":[{"count":0,"href":"http:\/\/cordobainforma.info\/index.php\/wp-json\/wp\/v2\/posts\/78155\/revisions"}],"wp:featuredmedia":[{"embeddable":true,"href":"http:\/\/cordobainforma.info\/index.php\/wp-json\/wp\/v2\/media\/78156"}],"wp:attachment":[{"href":"http:\/\/cordobainforma.info\/index.php\/wp-json\/wp\/v2\/media?parent=78155"}],"wp:term":[{"taxonomy":"category","embeddable":true,"href":"http:\/\/cordobainforma.info\/index.php\/wp-json\/wp\/v2\/categories?post=78155"},{"taxonomy":"post_tag","embeddable":true,"href":"http:\/\/cordobainforma.info\/index.php\/wp-json\/wp\/v2\/tags?post=78155"}],"curies":[{"name":"wp","href":"https:\/\/api.w.org\/{rel}","templated":true}]}}