{"id":78128,"date":"2023-06-17T03:14:58","date_gmt":"2023-06-17T03:14:58","guid":{"rendered":"http:\/\/cordobainforma.info\/index.php\/2023\/06\/17\/fin-de-semana-largo-aerolineas-argentinas-transportara-222-mil-pasajeros-y-mar-del-plata\/"},"modified":"2023-06-17T03:14:58","modified_gmt":"2023-06-17T03:14:58","slug":"fin-de-semana-largo-aerolineas-argentinas-transportara-222-mil-pasajeros-y-mar-del-plata","status":"publish","type":"post","link":"http:\/\/cordobainforma.info\/index.php\/2023\/06\/17\/fin-de-semana-largo-aerolineas-argentinas-transportara-222-mil-pasajeros-y-mar-del-plata\/","title":{"rendered":"Fin de semana largo: Aerol\u00edneas Argentinas transportar\u00e1 222 mil pasajeros y Mar del Plata &#8230;"},"content":{"rendered":"<p>Los destinos m\u00e1s elegidos son Bariloche, <b>C\u00f3rdoba<\/b>, Mendoza, Iguaz\u00fa, Salta, &#8230; Tras el encuentro del ministro de <b>econom\u00eda<\/b> Sergio Massa y su par de&nbsp;&#8230; <\/p>\n","protected":false},"excerpt":{"rendered":"<p>Los destinos m\u00e1s elegidos son Bariloche, C\u00f3rdoba, Mendoza, Iguaz\u00fa, Salta, &#8230; Tras el encuentro del ministro de econom\u00eda Sergio Massa y su par de&nbsp;&#8230;<\/p>\n","protected":false},"author":1,"featured_media":0,"comment_status":"closed","ping_status":"closed","sticky":false,"template":"","format":"standard","meta":[],"categories":[23],"tags":[],"_links":{"self":[{"href":"http:\/\/cordobainforma.info\/index.php\/wp-json\/wp\/v2\/posts\/78128"}],"collection":[{"href":"http:\/\/cordobainforma.info\/index.php\/wp-json\/wp\/v2\/posts"}],"about":[{"href":"http:\/\/cordobainforma.info\/index.php\/wp-json\/wp\/v2\/types\/post"}],"author":[{"embeddable":true,"href":"http:\/\/cordobainforma.info\/index.php\/wp-json\/wp\/v2\/users\/1"}],"replies":[{"embeddable":true,"href":"http:\/\/cordobainforma.info\/index.php\/wp-json\/wp\/v2\/comments?post=78128"}],"version-history":[{"count":0,"href":"http:\/\/cordobainforma.info\/index.php\/wp-json\/wp\/v2\/posts\/78128\/revisions"}],"wp:attachment":[{"href":"http:\/\/cordobainforma.info\/index.php\/wp-json\/wp\/v2\/media?parent=78128"}],"wp:term":[{"taxonomy":"category","embeddable":true,"href":"http:\/\/cordobainforma.info\/index.php\/wp-json\/wp\/v2\/categories?post=78128"},{"taxonomy":"post_tag","embeddable":true,"href":"http:\/\/cordobainforma.info\/index.php\/wp-json\/wp\/v2\/tags?post=78128"}],"curies":[{"name":"wp","href":"https:\/\/api.w.org\/{rel}","templated":true}]}}