{"id":78094,"date":"2023-06-17T03:20:07","date_gmt":"2023-06-17T03:20:07","guid":{"rendered":"http:\/\/cordobainforma.info\/index.php\/2023\/06\/17\/el-calentamiento-global-podria-convertir-a-los-microbios-del-plancton-en-una-seria-amenaza\/"},"modified":"2023-06-17T03:20:07","modified_gmt":"2023-06-17T03:20:07","slug":"el-calentamiento-global-podria-convertir-a-los-microbios-del-plancton-en-una-seria-amenaza","status":"publish","type":"post","link":"http:\/\/cordobainforma.info\/index.php\/2023\/06\/17\/el-calentamiento-global-podria-convertir-a-los-microbios-del-plancton-en-una-seria-amenaza\/","title":{"rendered":"El calentamiento global podr\u00eda convertir a los microbios del plancton en una seria amenaza"},"content":{"rendered":"<p><img src=\"http:\/\/cordobainforma.info\/wp-content\/uploads\/2023\/06\/el-calentamiento-global-podria-convertir-a-los-microbios-del-plancton-en-una-seria-amenaza.jpg\"><\/p>\n<div readability=\"32\">\n<p><span>Publicado:<\/span><time class=\"Timestamp-root Timestamp-isBlackColor \" datetime=\"2023-06-17T03:20:07+00:00\"> 17 jun 2023 03:20 GMT <\/time><\/p>\n<\/div>\n<div readability=\"35\">\n<p> En caso de que los microbios que constituyen la mayor parte del plancton dejen de ser captadores de carbono y se conviertan en emisores, se desencadenar\u00eda un \u00abpunto de inflexi\u00f3n en el cambio clim\u00e1tico\u00bb. <\/p>\n<\/div>\n<div readability=\"95.155191663565\">\n<p>Un equipo internacional de investigadores descubri\u00f3 que el calentamiento global podr\u00eda causar que los microbios mixotr\u00f3ficos, que constituyen la mayor parte del plancton oce\u00e1nico, pasen de ser organismos captadores de carbono a emisores, lo que desencadenar\u00eda un \u00abpunto de inflexi\u00f3n en el cambio clim\u00e1tico\u00bb,&nbsp;<a href=\"https:\/\/www.britishecologicalsociety.org\/warming-climate-could-turn-ocean-plankton-microbes-into-carbon-emitters\/\" target=\"_blank\" rel=\"noopener noreferrer\">informa<\/a>&nbsp;la Sociedad Ecol\u00f3gica Brit\u00e1nica.<\/p>\n<p>Los microbios mixotr\u00f3ficos, detalla la instituci\u00f3n, tienen la capacidad de producir su propio alimento por medio de la fotos\u00edntesis, absorbiendo di\u00f3xido de carbono (CO2) y transform\u00e1ndolo en energ\u00eda, as\u00ed como de alimentarse como los animales, liberando este compuesto durante la digesti\u00f3n.<\/p>\n<p>Para determinar c\u00f3mo los mixotr\u00f3ficos ajustan su metabolismo en respuesta al cambio clim\u00e1tico, los investigadores desarrollaron un modelo inform\u00e1tico en el que se simula el aumento de la temperatura global hasta en 4\u00b0 C.<\/p>\n<p>Los resultados de la simulaci\u00f3n,&nbsp;<a href=\"https:\/\/besjournals.onlinelibrary.wiley.com\/doi\/epdf\/10.1111\/1365-2435.14350\" target=\"_blank\" rel=\"noopener noreferrer\">publicados<\/a>&nbsp;en la revista Functional Ecology, demuestran que, a medida que la temperatura aumente, los mixotr\u00f3ficos depender\u00e1n m\u00e1s de la ingesta de alimentos para cubrir sus necesidades energ\u00e9ticas, convirti\u00e9ndose en una fuente masiva de emisi\u00f3n de CO2.<\/p>\n<p>Del mismo modo, el modelo revel\u00f3 que la abundancia de estos organismos fluct\u00faa notablemente al dejar de depender de la fotos\u00edntesis como fuente primaria de alimento, por lo que las variaciones en el tama\u00f1o de sus poblaciones podr\u00edan ser una se\u00f1al temprana de los puntos de inflexi\u00f3n del cambio clim\u00e1tico.<\/p>\n<p>\u00abEstos microbios podr\u00edan actuar como indicadores tempranos de los efectos catastr\u00f3ficos de un cambio clim\u00e1tico r\u00e1pido, lo cual es especialmente importante en ecosistemas que actualmente son grandes sumideros de carbono, como las turberas, donde los mixotr\u00f3ficos son muy abundantes\u00bb, explic\u00f3 Daniel Wieczynski, coautor de la publicaci\u00f3n.<\/p>\n<div class=\"ReadMore-root Section-root Section-is1to3-xs_is1to1\" data-widgets=\"ReadMore\">\n<div class=\"Section-container Section-isRow-isTop-isWrap\">\n<article class=\"Card-root Card-is1to1 \">\n<div class=\"Card-imageWrap\">\n<div class=\"Card-picture\"> <picture class=\"Picture-root Picture-default\"><!--[if IE 9]><video style=\"display: none;\"><![endif]--><source media=\"(-webkit-min-device-pixel-ratio: 2) and (min-resolution: 120dpi)\" srcset=\"http:\/\/cordobainforma.info\/wp-content\/uploads\/2023\/06\/el-calentamiento-global-podria-convertir-a-los-microbios-del-plancton-en-una-seria-amenaza-2.jpg 850w, http:\/\/cordobainforma.info\/wp-content\/uploads\/2023\/06\/el-calentamiento-global-podria-convertir-a-los-microbios-del-plancton-en-una-seria-amenaza-3.jpg 1960w\"><source srcset=\"http:\/\/cordobainforma.info\/wp-content\/uploads\/2023\/06\/el-calentamiento-global-podria-convertir-a-los-microbios-del-plancton-en-una-seria-amenaza-2.jpg 460w, http:\/\/cordobainforma.info\/wp-content\/uploads\/2023\/06\/el-calentamiento-global-podria-convertir-a-los-microbios-del-plancton-en-una-seria-amenaza-3.jpg 980w\"><!--[if IE 9]><\/video><![endif]--><img data-sizes=\"auto\" src=\"http:\/\/cordobainforma.info\/wp-content\/uploads\/2023\/06\/el-calentamiento-global-podria-convertir-a-los-microbios-del-plancton-en-una-seria-amenaza-2.jpg\" class=\"Picture-root Picture-default lazyload\" alt=\"Advierten que la cantidad de di\u00f3xido de carbono en la atm\u00f3sfera alcanz\u00f3 su m\u00e1ximo hist\u00f3rico\"><\/picture><!-- noscript pattern --><noscript><img src=\"http:\/\/cordobainforma.info\/wp-content\/uploads\/2023\/06\/el-calentamiento-global-podria-convertir-a-los-microbios-del-plancton-en-una-seria-amenaza-3.jpg\" alt=\"Advierten que la cantidad de di\u00f3xido de carbono en la atm\u00f3sfera alcanz\u00f3 su m\u00e1ximo hist\u00f3rico\"><\/noscript> <\/div><\/div>\n<\/article><\/div><\/div>\n<p>No obstante, se\u00f1alan los acad\u00e9micos, las se\u00f1ales de alerta podr\u00edan ser silenciadas por el aumento de contaminantes y compuestos qu\u00edmicos producto de las actividades antropog\u00e9nicas en los ecosistemas marinos, como los nitratos, que llegan a los oc\u00e9anos por escorrent\u00eda.<\/p>\n<p>Por otra parte, los investigadores advirtieron que, si bien los resultados obtenidos en su estudio son prometedores, no dejan de ser un modelo, por lo que es necesario continuar con las investigaciones y corroborarlos emp\u00edricamente.<\/p>\n<p><strong><em>Si te ha gustado, \u00a1comp\u00e1rtelo con tus amigos!<\/em><\/strong><\/p>\n<\/div>\n","protected":false},"excerpt":{"rendered":"<p>Publicado: 17 jun 2023 03:20 GMT En caso de que los microbios que constituyen la mayor parte del plancton dejen de ser captadores de carbono y se conviertan en emisores, se desencadenar\u00eda un \u00abpunto de inflexi\u00f3n en el cambio clim\u00e1tico\u00bb. Un equipo internacional de investigadores descubri\u00f3 que el calentamiento global podr\u00eda causar que los microbios [&hellip;]<\/p>\n","protected":false},"author":1,"featured_media":78095,"comment_status":"closed","ping_status":"closed","sticky":false,"template":"","format":"standard","meta":[],"categories":[22],"tags":[],"_links":{"self":[{"href":"http:\/\/cordobainforma.info\/index.php\/wp-json\/wp\/v2\/posts\/78094"}],"collection":[{"href":"http:\/\/cordobainforma.info\/index.php\/wp-json\/wp\/v2\/posts"}],"about":[{"href":"http:\/\/cordobainforma.info\/index.php\/wp-json\/wp\/v2\/types\/post"}],"author":[{"embeddable":true,"href":"http:\/\/cordobainforma.info\/index.php\/wp-json\/wp\/v2\/users\/1"}],"replies":[{"embeddable":true,"href":"http:\/\/cordobainforma.info\/index.php\/wp-json\/wp\/v2\/comments?post=78094"}],"version-history":[{"count":0,"href":"http:\/\/cordobainforma.info\/index.php\/wp-json\/wp\/v2\/posts\/78094\/revisions"}],"wp:featuredmedia":[{"embeddable":true,"href":"http:\/\/cordobainforma.info\/index.php\/wp-json\/wp\/v2\/media\/78095"}],"wp:attachment":[{"href":"http:\/\/cordobainforma.info\/index.php\/wp-json\/wp\/v2\/media?parent=78094"}],"wp:term":[{"taxonomy":"category","embeddable":true,"href":"http:\/\/cordobainforma.info\/index.php\/wp-json\/wp\/v2\/categories?post=78094"},{"taxonomy":"post_tag","embeddable":true,"href":"http:\/\/cordobainforma.info\/index.php\/wp-json\/wp\/v2\/tags?post=78094"}],"curies":[{"name":"wp","href":"https:\/\/api.w.org\/{rel}","templated":true}]}}