{"id":78092,"date":"2023-06-17T03:36:52","date_gmt":"2023-06-17T03:36:52","guid":{"rendered":"http:\/\/cordobainforma.info\/index.php\/2023\/06\/17\/destapan-una-red-internacional-que-defraudo-38-millones-de-euros-en-la-venta-de-vehiculos\/"},"modified":"2023-06-17T03:36:52","modified_gmt":"2023-06-17T03:36:52","slug":"destapan-una-red-internacional-que-defraudo-38-millones-de-euros-en-la-venta-de-vehiculos","status":"publish","type":"post","link":"http:\/\/cordobainforma.info\/index.php\/2023\/06\/17\/destapan-una-red-internacional-que-defraudo-38-millones-de-euros-en-la-venta-de-vehiculos\/","title":{"rendered":"Destapan una red internacional que defraud\u00f3 38 millones de euros en la venta de veh\u00edculos"},"content":{"rendered":"<div><img src=\"http:\/\/cordobainforma.info\/wp-content\/uploads\/2023\/06\/destapan-una-red-internacional-que-defraudo-38-millones-de-euros-en-la-venta-de-vehiculos.jpg\" class=\"ff-og-image-inserted\"><\/div>\n<div readability=\"32\">\n<p><span>Publicado:<\/span><time class=\"Timestamp-root Timestamp-isBlackColor \" datetime=\"2023-06-17T03:36:52+00:00\"> 17 jun 2023 03:36 GMT <\/time><\/p>\n<\/div>\n<div readability=\"52.541621621622\">\n<p>En una operaci\u00f3n conjunta de la Guardia Civil espa\u00f1ola, Europol y la Fiscal\u00eda Europea llevada a cabo este viernes, se desmantel\u00f3 una red internacional que&nbsp;<strong>obtuvo de forma fraudulenta al menos 38 millones de euros<\/strong>&nbsp;(41,6 millones de d\u00f3lares) al no pagar el IVA en la compra y la venta il\u00edcita de coches,&nbsp;<a href=\"https:\/\/www.guardiacivil.es\/es\/prensa\/noticias\/8595.html\" target=\"_blank\" rel=\"noopener noreferrer\">inform\u00f3<\/a>&nbsp;la&nbsp;Guardia Civil en un comunicado.&nbsp;<\/p>\n<p>La operaci\u00f3n Hurac\u00e1n se realiz\u00f3 simult\u00e1neamente en B\u00e9lgica, Alemania, Hungr\u00eda, Italia, Pa\u00edses Bajos, Portugal y Espa\u00f1a, donde las fuerzas del orden llevaron a cabo m\u00e1s de 450 registros. La organizaci\u00f3n criminal estaba integrada por 60 personas y el volumen de <strong>negocio fraudulento alcanz\u00f3 los 225 millones de euros<\/strong>&nbsp;(246,7 millones de d\u00f3lares) en los \u00faltimos seis a\u00f1os. Seg\u00fan la Guardia Civil, la red comercializ\u00f3 m\u00e1s de 10.000 coches emitiendo facturas falsas, lo que hac\u00eda creer a los compradores que hab\u00edan adquirido correctamente los veh\u00edculos.<\/p>\n<\/div>\n","protected":false},"excerpt":{"rendered":"<p>Publicado: 17 jun 2023 03:36 GMT En una operaci\u00f3n conjunta de la Guardia Civil espa\u00f1ola, Europol y la Fiscal\u00eda Europea llevada a cabo este viernes, se desmantel\u00f3 una red internacional que&nbsp;obtuvo de forma fraudulenta al menos 38 millones de euros&nbsp;(41,6 millones de d\u00f3lares) al no pagar el IVA en la compra y la venta il\u00edcita [&hellip;]<\/p>\n","protected":false},"author":1,"featured_media":78093,"comment_status":"closed","ping_status":"closed","sticky":false,"template":"","format":"standard","meta":[],"categories":[22],"tags":[],"_links":{"self":[{"href":"http:\/\/cordobainforma.info\/index.php\/wp-json\/wp\/v2\/posts\/78092"}],"collection":[{"href":"http:\/\/cordobainforma.info\/index.php\/wp-json\/wp\/v2\/posts"}],"about":[{"href":"http:\/\/cordobainforma.info\/index.php\/wp-json\/wp\/v2\/types\/post"}],"author":[{"embeddable":true,"href":"http:\/\/cordobainforma.info\/index.php\/wp-json\/wp\/v2\/users\/1"}],"replies":[{"embeddable":true,"href":"http:\/\/cordobainforma.info\/index.php\/wp-json\/wp\/v2\/comments?post=78092"}],"version-history":[{"count":0,"href":"http:\/\/cordobainforma.info\/index.php\/wp-json\/wp\/v2\/posts\/78092\/revisions"}],"wp:featuredmedia":[{"embeddable":true,"href":"http:\/\/cordobainforma.info\/index.php\/wp-json\/wp\/v2\/media\/78093"}],"wp:attachment":[{"href":"http:\/\/cordobainforma.info\/index.php\/wp-json\/wp\/v2\/media?parent=78092"}],"wp:term":[{"taxonomy":"category","embeddable":true,"href":"http:\/\/cordobainforma.info\/index.php\/wp-json\/wp\/v2\/categories?post=78092"},{"taxonomy":"post_tag","embeddable":true,"href":"http:\/\/cordobainforma.info\/index.php\/wp-json\/wp\/v2\/tags?post=78092"}],"curies":[{"name":"wp","href":"https:\/\/api.w.org\/{rel}","templated":true}]}}