{"id":78088,"date":"2023-06-16T15:17:33","date_gmt":"2023-06-16T15:17:33","guid":{"rendered":"https:\/\/www.mujerhoy.com\/vivir\/psicologia\/como-poner-limites-comentarios-ofensivos-evitar-que-te-afecte-segun-psicologa-beatriz-galvan-20230616164556-nt.html"},"modified":"2023-06-16T15:17:33","modified_gmt":"2023-06-16T15:17:33","slug":"como-poner-limites-a-los-comentarios-ofensivos-e-hirientes-en-tres-pasos-la-tecnica-infalible-de-la-psicologa-beatriz-galvan","status":"publish","type":"post","link":"http:\/\/cordobainforma.info\/index.php\/2023\/06\/16\/como-poner-limites-a-los-comentarios-ofensivos-e-hirientes-en-tres-pasos-la-tecnica-infalible-de-la-psicologa-beatriz-galvan\/","title":{"rendered":"C\u00f3mo poner l\u00edmites a los comentarios ofensivos e hirientes en tres pasos: la t\u00e9cnica infalible de la psic\u00f3loga Beatriz Galv\u00e1n"},"content":{"rendered":"<p><!-- AUTHOR --><\/p>\n<div class=\"voc-author-timesocial \"><!-- AUTHOR --><\/p>\n<div class=\"voc-author-timesocial__signature\"><!-- IMAGE AUTHOR --><picture class=\"voc-image-signature\"><img class=\"voc-image-signature__img\" src=\"http:\/\/cordobainforma.info\/wp-content\/uploads\/2023\/06\/como-poner-limites-a-los-comentarios-ofensivos-e-hirientes-en-tres-pasos-la-tecnica-infalible-de-la-psicologa-beatriz-galvan.jpg\" alt=\"Sara Flamenco\"><\/picture><!-- INFO AUTHOR --><\/div>\n<\/div>\n<p><!-- COMPONENTS --><\/p>\n<p class=\"voc-paragraph\">Tenemos una <a data-voc-vtm-id=\"in-text-traffic\" href=\"https:\/\/www.mujerhoy.com\/vivir\/psicologia\/201904\/09\/inteligencia-emocional-psicologia-20190408165514.html\">educaci\u00f3n emocional<\/a> tan deficiente, que la <strong>comunicaci\u00f3n pasivo agresiva<\/strong> campa a sus anchas en nuestra sociedad. Eso se traduce (entre otras cosas) en la proliferaci\u00f3n de <a data-voc-vtm-id=\"in-text-traffic\" href=\"https:\/\/www.mujerhoy.com\/vivir\/psicologia\/reaccionar-bien-faltan-respeto-asertividad-opinion-psicologa-20230609120609-nt.html\">comentarios hirientes<\/a> disfrazados de halagos, como el t\u00edpico \u00abque pena, con lo guapa de cara que eres\u00bb o \u00abya me gustar\u00eda llegar as\u00ed a los 40\u00bb (frase que, por cierto, tuve que escuchar el otro d\u00eda). <\/p>\n<p class=\"voc-paragraph\">Estos <strong>regalos envenenados <\/strong>tambi\u00e9n pueden venir en forma de consejo que lo \u00fanico que consigue es cuestionar tu forma de actuar, como cuando te dicen que lo mejor es la leche materna si ven que les das un biber\u00f3n a tu hijo, o que le est\u00e1s malcriando si se lo das pasados los 6 meses (recuerda que <a data-voc-vtm-id=\"in-text-traffic\" href=\"https:\/\/www.mujerhoy.com\/vivir\/madres\/201903\/05\/criticas-a-madres-educacion-hijos-20190305125506.html\">seis de cada diez madres reciben cr\u00edticas en su manera de criar a sus hijos<\/a>).\n<\/p>\n<p><h3 class=\"voc-detail__title\"> C\u00f3mo frenar los comentarios t\u00f3xicos<br \/>\n<\/h3>\n<\/p>\n<p class=\"voc-paragraph\">\u00abAnte este tipo de comentarios, <strong>debemos poner l\u00edmites<\/strong>\u00ab, asegura <a data-voc-vtm-id=\"in-text-traffic\" href=\"https:\/\/psicologiagalvan.com\/sobre-beatriz-galvan\/\" target=\"_blank\" rel=\"noopener noreferrer\">la psic\u00f3loga Beatriz Galv\u00e1n<\/a>, especialista en apego y tratamiento del trauma. \u00abPoner l\u00edmites forma parte de nuestro <strong>autocuidado<\/strong>, que son las acciones que llevamos a cabo para mantener y potenciar nuestra salud emocional, f\u00edsica y mental\u00ab, matiza para poner especial \u00e9nfasis en la importancia del autocuidado.\n<\/p>\n<p class=\"voc-paragraph\">\u00abSi recibimos un<br \/>\n<strong> juicio de valor<\/strong>, ese juicio es expresado por la persona desde su propia historia personal. Los juicios emergen de las experiencias pasadas, de las creencias y valores aprendidos por la persona en su entorno familiar y social. Ante un juicio de valor, debemos responder de forma <strong>asertiva<\/strong>, poniendo <strong>l\u00edmites firmes,<\/strong> sin caer en respuestas agresivas ni sumisas. Es decir, no se trata de contraatacar, ni de quedarse callada en actitud pasiva\u00ab, comenta Galv\u00e1n.\n<\/p>\n<p class=\"voc-paragraph\">\u00bfQue quiere decir con eso? Que muchas veces, los juicios de valor dicen m\u00e1s de quienes los manifiestan que de quienes los reciben, por lo que <strong>no deber\u00edan cuestionarte ni mermar tu autoestima<\/strong>. Y poner l\u00edmites es la mejor manera de enfrentarte a este tipo de comentarios, siempre desde una posici\u00f3n de calma pero con seguridad.\n<\/p>\n<div class=\"voc-detail-photo-zoom\"><picture data-toggle=\"modal\" data-target=\"#photoZoomModal-730\" target=\"modal\">\n<div class=\"voc-img-icon-link\"><img loading=\"lazy\" data-original=\"\/\/static2.mujerhoy.com\/www\/multimedia\/202306\/16\/media\/cortadas\/como-poner-limites-psicologa-beatriz-galvan-kZJI--460x637@MujerHoy.jpg\" class=\"lazy\" alt=\"Mujer pelirroja oliendo una flor amarilla. \/ Foto de Dg fotografo, en Pexels.\"><noscript><img src=\"http:\/\/cordobainforma.info\/wp-content\/uploads\/2023\/06\/como-poner-limites-a-los-comentarios-ofensivos-e-hirientes-en-tres-pasos-la-tecnica-infalible-de-la-psicologa-beatriz-galvan-1.jpg\" alt=\"Mujer pelirroja oliendo una flor amarilla. \/ Foto de Dg fotografo, en Pexels.\"><\/noscript><i class=\"voc-icons zoom voc-multimedia-box voc-ico-l\"><\/i><\/div><figcaption class=\"figure-caption\">Mujer pelirroja oliendo una flor amarilla. \/ Foto de Dg fotografo, en Pexels.<\/figcaption><\/picture><\/div>\n<div id=\"photoZoomModal-730\" class=\"voc-lightbox modal fade voc-lightbox--photo-zoom\" role=\"dialog\" data-voc-photozoom-lightbox>\n<div class=\"voc-lightbox__dialog\" role=\"document\">\n<div class=\"voc-lightbox__content\"><!-- Modal header --><!-- Modal content --><\/p>\n<div class=\"voc-lightbox__photo-container\"><picture class><img loading=\"lazy\" data-original=\"\/\/static2.mujerhoy.com\/www\/multimedia\/202306\/16\/media\/cortadas\/como-poner-limites-psicologa-beatriz-galvan-kZJI--460x637@MujerHoy.jpg\" alt=\"Mujer pelirroja oliendo una flor amarilla. \/ Foto de Dg fotografo, en Pexels.\" class=\"lazy\"><noscript><img src=\"http:\/\/cordobainforma.info\/wp-content\/uploads\/2023\/06\/como-poner-limites-a-los-comentarios-ofensivos-e-hirientes-en-tres-pasos-la-tecnica-infalible-de-la-psicologa-beatriz-galvan-1.jpg\" alt=\"Mujer pelirroja oliendo una flor amarilla. \/ Foto de Dg fotografo, en Pexels.\"><\/noscript><\/picture><\/div>\n<\/div>\n<\/div>\n<\/div>\n<p><h3 class=\"voc-detail__title\"> C\u00f3mo poner l\u00edmites, seg\u00fan la psic\u00f3loga Beatriz Galv\u00e1n<br \/>\n<\/h3>\n<\/p>\n<p class=\"voc-paragraph\"><strong>1. Expr\u00e9sate desde el respeto y la calma:<\/strong> para poder poner un l\u00edmite a tu interlocutor sin llegar a ofenderle, es necesario fomentar la <strong>empat\u00eda<\/strong>. \u00bfQu\u00e9 es lo que le ha llevado a esa persona a hablarme de ese modo? Afortunadamente, la mayor\u00eda de las personas no son malvadas por naturaleza y sus comentarios ofensivos suelen tener una raz\u00f3n que, si bien no es justa para con nosotros, pueden ayudarte a entender por qu\u00e9 se ha comportado de ese modo.\n<\/p>\n<p class=\"voc-paragraph\"><strong>2. Evita juicios de valor:<\/strong> para poner un l\u00edmite a la otra persona no es necesario juzgarla, ya que eso la har\u00e1 ponerse <strong>a la defensiva<\/strong> y el objetivo de la comunicaci\u00f3n no se cumplir\u00e1 de manera satisfactoria. Evita los juicios de valor y desetierra los comentarios acerca del f\u00edsico. Si quieres hacer un refuerzo positivo o elogiar a la otra persona, hazlo desde la emoci\u00f3n (\u00abdisfruto pasando tiempo contigo \u00bb, \u00abtransmites tranquilidad\u00bb&#8230;) o desde las fortalezas y competencias positivas.\n<\/p>\n<p class=\"voc-paragraph\"><strong>3. S\u00e9 claro comunicando qu\u00e9 es lo que te ha molestado y el l\u00edmite que deseas establecer:<\/strong> es normal sentirse inc\u00f3moda a la hora de establecer un l\u00edmite, pero dar rodeos no es la soluci\u00f3n. Esta t\u00e1ctica, si bien nos da la falsa seguridad de que amortigua el golpe, lo \u00fanico que hace es <strong>enmara\u00f1ar la conversaci\u00f3n<\/strong>. S\u00e9 en lo que te ha molestado y en el l\u00edmite que quieres establecer sin utilizar palabras ofensivas: \u00abTu comentario acerca de (mi aspecto\/mi cuerpo&#8230;) me ha molestado. Te pido que evites volverlo a hacer\u00bb.\n<\/p>\n<p class=\"voc-paragraph\">\u00abPoner l\u00edmites <strong>potencia nuestra seguridad y nuestra autoestima<\/strong>\u00ab, dice la experta. \u00bbSi algo nos molesta o nos perturba, tenemos derecho a expresar lo que sentimos y pedir que no se repita\u00ab, contin\u00faa. Y es que querer, pero querer bien, es aprender a poner l\u00edmites.\n<\/p>\n<p><!-- TOPICS --><\/p>\n","protected":false},"excerpt":{"rendered":"<p>Tenemos una educaci\u00f3n emocional tan deficiente, que la comunicaci\u00f3n pasivo agresiva campa a sus anchas en nuestra sociedad. Eso se traduce (entre otras cosas) en la proliferaci\u00f3n de comentarios hirientes disfrazados de halagos, como el t\u00edpico \u00abque pena, con lo guapa de cara que eres\u00bb o \u00abya me gustar\u00eda llegar as\u00ed a los 40\u00bb (frase [&hellip;]<\/p>\n","protected":false},"author":1,"featured_media":78089,"comment_status":"open","ping_status":"closed","sticky":false,"template":"","format":"standard","meta":[],"categories":[18],"tags":[],"_links":{"self":[{"href":"http:\/\/cordobainforma.info\/index.php\/wp-json\/wp\/v2\/posts\/78088"}],"collection":[{"href":"http:\/\/cordobainforma.info\/index.php\/wp-json\/wp\/v2\/posts"}],"about":[{"href":"http:\/\/cordobainforma.info\/index.php\/wp-json\/wp\/v2\/types\/post"}],"author":[{"embeddable":true,"href":"http:\/\/cordobainforma.info\/index.php\/wp-json\/wp\/v2\/users\/1"}],"replies":[{"embeddable":true,"href":"http:\/\/cordobainforma.info\/index.php\/wp-json\/wp\/v2\/comments?post=78088"}],"version-history":[{"count":0,"href":"http:\/\/cordobainforma.info\/index.php\/wp-json\/wp\/v2\/posts\/78088\/revisions"}],"wp:featuredmedia":[{"embeddable":true,"href":"http:\/\/cordobainforma.info\/index.php\/wp-json\/wp\/v2\/media\/78089"}],"wp:attachment":[{"href":"http:\/\/cordobainforma.info\/index.php\/wp-json\/wp\/v2\/media?parent=78088"}],"wp:term":[{"taxonomy":"category","embeddable":true,"href":"http:\/\/cordobainforma.info\/index.php\/wp-json\/wp\/v2\/categories?post=78088"},{"taxonomy":"post_tag","embeddable":true,"href":"http:\/\/cordobainforma.info\/index.php\/wp-json\/wp\/v2\/tags?post=78088"}],"curies":[{"name":"wp","href":"https:\/\/api.w.org\/{rel}","templated":true}]}}