{"id":78037,"date":"2023-06-16T04:58:00","date_gmt":"2023-06-16T04:58:00","guid":{"rendered":"http:\/\/cordobainforma.info\/index.php\/2023\/06\/16\/numero-que-duele-la-pobreza-subio-al-434-segun-la-universidad-di-tella\/"},"modified":"2023-06-16T04:58:00","modified_gmt":"2023-06-16T04:58:00","slug":"numero-que-duele-la-pobreza-subio-al-434-segun-la-universidad-di-tella","status":"publish","type":"post","link":"http:\/\/cordobainforma.info\/index.php\/2023\/06\/16\/numero-que-duele-la-pobreza-subio-al-434-segun-la-universidad-di-tella\/","title":{"rendered":"N\u00famero que duele: la pobreza subi\u00f3 al 43,4%, seg\u00fan la Universidad Di Tella"},"content":{"rendered":"<div class=\"media_block\"><\/div>\n<p><strong><a target=\"_blank\" href=\"https:\/\/www.perfil.com\/noticias\/opinion\/argentina-pobreza-en-aumento-e-indigencia-en-descenso.phtml\" rel=\"noopener noreferrer\">La tasa de pobreza<\/a> asciende a 43,4% en los hogares argentinos&nbsp;<\/strong>para el semestre comprendido entre diciembre de 2022 y mayo de 2023, de acuerdo con un nowcast de pobreza de la<strong> Universidad Torcuato Di Tella.<\/strong><\/p>\n<p>El reporte indica que la <strong><a target=\"_blank\" href=\"https:\/\/www.perfil.com\/noticias\/reperfilar\/canasta-basica-cuales-son-los-impuestos-que-la-componen.phtml\" rel=\"noopener noreferrer\">Canasta B\u00e1sica Total (CBT)<\/a> <\/strong>promedio en el Gran Buenos Aires (GBA) para el semestre de referencia se estim\u00f3 en $ 59.727 por adulto equivalente, que significan un aumento interanual&nbsp;de 111,6%.<\/p>\n<p>Por su parte,&nbsp;el promedio del <a target=\"_blank\" href=\"https:\/\/www.perfil.com\/noticias\/economia\/cuanto-necesita-una-familia-para-ser-de-clase-media-en-caba-abril-2023.phtml\" rel=\"noopener noreferrer\">ingreso total familiar<\/a> (ITF) se proyect\u00f3 un <strong>incremento interanual de 76,8%.<\/strong><\/p>\n<p class=\"destacadoNota\"><a target=\"_blank\" href=\"https:\/\/www.perfil.com\/noticias\/reperfilar\/canasta-basica-cuales-son-los-impuestos-que-la-componen.phtml\" rel=\"noopener noreferrer\">Canasta b\u00e1sica: cu\u00e1les son los impuestos que la componen<\/a><\/p>\n<p>Con estos datos y la simulaci\u00f3n de los&nbsp;microdatos de la Encuesta Permanente de Hogares (EPH) del cuarto trimestre de 2022, el primero y el segundo de 2023 se proyect\u00f3 la tasa de pobreza <strong>\u201cdel 43,4%, con un intervalo del 95% entre 41,8% y 44,9%\u00bb.<\/strong><\/p>\n<p>Seg\u00fan el estudio, <strong>\u201cla incidencia proyectada es un promedio ponderado <\/strong>de una tasa de pobreza estimada en 41,2% para diciembre de 2022, 42,3% para el primer trimestre de 2023 y <strong>46,0% para el bimestre abril-mayo de 2023\u201d.<\/strong><\/p>\n<p>Esta proyecci\u00f3n sugiere que el <strong>43,4% de las personas viven en hogares urbanos pobres. <\/strong>La poblaci\u00f3n urbana capturada por la EPH en el semestre de referencia se estim\u00f3 en alrededor de 29.1 millones de personas lo que implica que alrededor de 12,6 millones viven en hogares urbanos pobres.<\/p>\n<p><img alt=\"Nivel de pobreza mayo 2023\" src=\"http:\/\/cordobainforma.info\/wp-content\/uploads\/2023\/06\/numero-que-duele-la-pobreza-subio-al-434-segun-la-universidad-di-tella-1.jpg\" loading=\"lazy\"><\/p>\n<h2><strong>C\u00f3mo se calcula el nowcast de pobreza<\/strong><\/h2>\n<p>El nowcast de pobreza de la Universidad Torcuato Di Tella estima la incidencia de la pobreza, medida en t\u00e9rminos del <strong>porcentaje de personas que viven en hogares pobres,&nbsp;en forma semestral. <\/strong>Se actualiza todos los meses y la estimaci\u00f3n est\u00e1 basada en la Encuesta Permanente de Hogares (EPH) del INDEC junto a proyecciones de la canasta b\u00e1sica total (CBT) utilizando el Indice de Precios al Consumidor y a proyecciones de los deciles de ingreso total familiar.<\/p>\n<h2><strong>Pobreza y ni\u00f1ez<\/strong><\/h2>\n<p>En mayo, la Universidad Cat\u00f3lica Argentina (UCA) difundi\u00f3 un informe donde se establece que 6 de cada 10 ni\u00f1os son pobres en Argentina.<\/p>\n<p>\u201cLa incidencia de las privaciones de recursos que experimentan ni\u00f1os, ni\u00f1as y adolescentes (NNyA)&nbsp;<strong>contin\u00faan siendo muy elevados y mantienen brechas de desigualdad social muy significativas<\/strong>\u201d, sostiene.<\/p>\n<p>En el \u00edtem \u00abSubsistencia\u00bb que mide los indicadores de pobreza y protecci\u00f3n social, se recogi\u00f3 que<strong>&nbsp;un 61,6% (8,2 millones) es pobre y el 13,1% (1,6 millones)&nbsp;indigente<\/strong>. En el primer caso, se trata de las familias que no pueden cubrir la Canasta B\u00e1sica Total que incluye alimentos, vestimenta y dem\u00e1s gastos diarios. Para el segundo, sin embargo, significa que el sueldo no alcanza siquiera para comer.<\/p>\n<p><em>LM \/ ED<\/em><\/p>\n<div class=\"article__tags\">\n<p>En esta Nota<\/p>\n<\/p><\/div>\n","protected":false},"excerpt":{"rendered":"<p>La tasa de pobreza asciende a 43,4% en los hogares argentinos&nbsp;para el semestre comprendido entre diciembre de 2022 y mayo de 2023, de acuerdo con un nowcast de pobreza de la Universidad Torcuato Di Tella. El reporte indica que la Canasta B\u00e1sica Total (CBT) promedio en el Gran Buenos Aires (GBA) para el semestre de [&hellip;]<\/p>\n","protected":false},"author":1,"featured_media":78038,"comment_status":"closed","ping_status":"closed","sticky":false,"template":"","format":"standard","meta":[],"categories":[2],"tags":[],"_links":{"self":[{"href":"http:\/\/cordobainforma.info\/index.php\/wp-json\/wp\/v2\/posts\/78037"}],"collection":[{"href":"http:\/\/cordobainforma.info\/index.php\/wp-json\/wp\/v2\/posts"}],"about":[{"href":"http:\/\/cordobainforma.info\/index.php\/wp-json\/wp\/v2\/types\/post"}],"author":[{"embeddable":true,"href":"http:\/\/cordobainforma.info\/index.php\/wp-json\/wp\/v2\/users\/1"}],"replies":[{"embeddable":true,"href":"http:\/\/cordobainforma.info\/index.php\/wp-json\/wp\/v2\/comments?post=78037"}],"version-history":[{"count":0,"href":"http:\/\/cordobainforma.info\/index.php\/wp-json\/wp\/v2\/posts\/78037\/revisions"}],"wp:featuredmedia":[{"embeddable":true,"href":"http:\/\/cordobainforma.info\/index.php\/wp-json\/wp\/v2\/media\/78038"}],"wp:attachment":[{"href":"http:\/\/cordobainforma.info\/index.php\/wp-json\/wp\/v2\/media?parent=78037"}],"wp:term":[{"taxonomy":"category","embeddable":true,"href":"http:\/\/cordobainforma.info\/index.php\/wp-json\/wp\/v2\/categories?post=78037"},{"taxonomy":"post_tag","embeddable":true,"href":"http:\/\/cordobainforma.info\/index.php\/wp-json\/wp\/v2\/tags?post=78037"}],"curies":[{"name":"wp","href":"https:\/\/api.w.org\/{rel}","templated":true}]}}