{"id":78025,"date":"2023-06-16T03:23:23","date_gmt":"2023-06-16T03:23:23","guid":{"rendered":"http:\/\/cordobainforma.info\/index.php\/2023\/06\/16\/con-nuevo-desafio-a-llaryora-juez-preciso-sus-planes-diario-alfil\/"},"modified":"2023-06-16T03:23:23","modified_gmt":"2023-06-16T03:23:23","slug":"con-nuevo-desafio-a-llaryora-juez-preciso-sus-planes-diario-alfil","status":"publish","type":"post","link":"http:\/\/cordobainforma.info\/index.php\/2023\/06\/16\/con-nuevo-desafio-a-llaryora-juez-preciso-sus-planes-diario-alfil\/","title":{"rendered":"Con <b>nuevo<\/b> desaf\u00edo a Llaryora, Juez precis\u00f3 sus planes &#8211; Diario Alfil"},"content":{"rendered":"<p>\u201cLa <b>econom\u00eda<\/b> de <b>C\u00f3rdoba<\/b> \u2013continu\u00f3- hace diez a\u00f1os que no crece. Est\u00e1 estancada. El problema es nacional, pero el gobierno provincial se ha quedado&nbsp;&#8230; <\/p>\n","protected":false},"excerpt":{"rendered":"<p>\u201cLa econom\u00eda de C\u00f3rdoba \u2013continu\u00f3- hace diez a\u00f1os que no crece. Est\u00e1 estancada. El problema es nacional, pero el gobierno provincial se ha quedado&nbsp;&#8230;<\/p>\n","protected":false},"author":1,"featured_media":0,"comment_status":"closed","ping_status":"closed","sticky":false,"template":"","format":"standard","meta":[],"categories":[23],"tags":[],"_links":{"self":[{"href":"http:\/\/cordobainforma.info\/index.php\/wp-json\/wp\/v2\/posts\/78025"}],"collection":[{"href":"http:\/\/cordobainforma.info\/index.php\/wp-json\/wp\/v2\/posts"}],"about":[{"href":"http:\/\/cordobainforma.info\/index.php\/wp-json\/wp\/v2\/types\/post"}],"author":[{"embeddable":true,"href":"http:\/\/cordobainforma.info\/index.php\/wp-json\/wp\/v2\/users\/1"}],"replies":[{"embeddable":true,"href":"http:\/\/cordobainforma.info\/index.php\/wp-json\/wp\/v2\/comments?post=78025"}],"version-history":[{"count":0,"href":"http:\/\/cordobainforma.info\/index.php\/wp-json\/wp\/v2\/posts\/78025\/revisions"}],"wp:attachment":[{"href":"http:\/\/cordobainforma.info\/index.php\/wp-json\/wp\/v2\/media?parent=78025"}],"wp:term":[{"taxonomy":"category","embeddable":true,"href":"http:\/\/cordobainforma.info\/index.php\/wp-json\/wp\/v2\/categories?post=78025"},{"taxonomy":"post_tag","embeddable":true,"href":"http:\/\/cordobainforma.info\/index.php\/wp-json\/wp\/v2\/tags?post=78025"}],"curies":[{"name":"wp","href":"https:\/\/api.w.org\/{rel}","templated":true}]}}