{"id":77993,"date":"2023-06-16T03:21:49","date_gmt":"2023-06-16T03:21:49","guid":{"rendered":"http:\/\/cordobainforma.info\/index.php\/2023\/06\/16\/ministra-de-salud-de-peru-dimite-en-medio-del-brote-de-dengue-en-el-pais\/"},"modified":"2023-06-16T03:21:49","modified_gmt":"2023-06-16T03:21:49","slug":"ministra-de-salud-de-peru-dimite-en-medio-del-brote-de-dengue-en-el-pais","status":"publish","type":"post","link":"http:\/\/cordobainforma.info\/index.php\/2023\/06\/16\/ministra-de-salud-de-peru-dimite-en-medio-del-brote-de-dengue-en-el-pais\/","title":{"rendered":"Ministra de Salud de Per\u00fa dimite en medio del brote de dengue en el pa\u00eds"},"content":{"rendered":"<p><img src=\"http:\/\/cordobainforma.info\/wp-content\/uploads\/2023\/06\/ministra-de-salud-de-peru-dimite-en-medio-del-brote-de-dengue-en-el-pais.jpg\"><\/p>\n<div><img src=\"http:\/\/cordobainforma.info\/wp-content\/uploads\/2023\/06\/ministra-de-salud-de-peru-dimite-en-medio-del-brote-de-dengue-en-el-pais-2.jpg\" class=\"ff-og-image-inserted\"><\/div>\n<div readability=\"32\">\n<p><span>Publicado:<\/span><time class=\"Timestamp-root Timestamp-isBlackColor \" datetime=\"2023-06-16T03:21:49+00:00\"> 16 jun 2023 03:21 GMT <\/time><\/p>\n<\/div>\n<div readability=\"41\">\n<p>En medio del peor brote de dengue que ha afectado a Per\u00fa en las \u00faltimas d\u00e9cadas, la ministra de Salud, Rosa Guti\u00e9rrez, inform\u00f3 este jueves que present\u00f3 su carta de renuncia, tras ocupar el cargo por unos seis meses.<\/p>\n<p><strong><em>M\u00e1s informaci\u00f3n, en breve.<\/em><\/strong><\/p>\n<\/div>\n","protected":false},"excerpt":{"rendered":"<p>Publicado: 16 jun 2023 03:21 GMT En medio del peor brote de dengue que ha afectado a Per\u00fa en las \u00faltimas d\u00e9cadas, la ministra de Salud, Rosa Guti\u00e9rrez, inform\u00f3 este jueves que present\u00f3 su carta de renuncia, tras ocupar el cargo por unos seis meses. M\u00e1s informaci\u00f3n, en breve.<\/p>\n","protected":false},"author":1,"featured_media":77994,"comment_status":"closed","ping_status":"closed","sticky":false,"template":"","format":"standard","meta":[],"categories":[22],"tags":[],"_links":{"self":[{"href":"http:\/\/cordobainforma.info\/index.php\/wp-json\/wp\/v2\/posts\/77993"}],"collection":[{"href":"http:\/\/cordobainforma.info\/index.php\/wp-json\/wp\/v2\/posts"}],"about":[{"href":"http:\/\/cordobainforma.info\/index.php\/wp-json\/wp\/v2\/types\/post"}],"author":[{"embeddable":true,"href":"http:\/\/cordobainforma.info\/index.php\/wp-json\/wp\/v2\/users\/1"}],"replies":[{"embeddable":true,"href":"http:\/\/cordobainforma.info\/index.php\/wp-json\/wp\/v2\/comments?post=77993"}],"version-history":[{"count":0,"href":"http:\/\/cordobainforma.info\/index.php\/wp-json\/wp\/v2\/posts\/77993\/revisions"}],"wp:featuredmedia":[{"embeddable":true,"href":"http:\/\/cordobainforma.info\/index.php\/wp-json\/wp\/v2\/media\/77994"}],"wp:attachment":[{"href":"http:\/\/cordobainforma.info\/index.php\/wp-json\/wp\/v2\/media?parent=77993"}],"wp:term":[{"taxonomy":"category","embeddable":true,"href":"http:\/\/cordobainforma.info\/index.php\/wp-json\/wp\/v2\/categories?post=77993"},{"taxonomy":"post_tag","embeddable":true,"href":"http:\/\/cordobainforma.info\/index.php\/wp-json\/wp\/v2\/tags?post=77993"}],"curies":[{"name":"wp","href":"https:\/\/api.w.org\/{rel}","templated":true}]}}