{"id":77985,"date":"2023-06-15T11:56:26","date_gmt":"2023-06-15T11:56:26","guid":{"rendered":"https:\/\/www.mujerhoy.com\/moda\/no-te-pierdas\/venecianas-zapato-preferido-sassa-osma-vestidos-verano-20230615101133-nt.html"},"modified":"2023-06-15T11:56:26","modified_gmt":"2023-06-15T11:56:26","slug":"por-que-las-venecianas-se-han-convertido-en-el-zapato-comodo-favorito-de-sassa-de-osma","status":"publish","type":"post","link":"http:\/\/cordobainforma.info\/index.php\/2023\/06\/15\/por-que-las-venecianas-se-han-convertido-en-el-zapato-comodo-favorito-de-sassa-de-osma\/","title":{"rendered":"Por qu\u00e9 las venecianas se han convertido en el zapato c\u00f3modo favorito de Sassa de Osma"},"content":{"rendered":"<p><!-- AUTHOR --><\/p>\n<div class=\"voc-author-timesocial \"><!-- AUTHOR --><\/p>\n<div class=\"voc-author-timesocial__signature\"><!-- IMAGE AUTHOR --><picture class=\"voc-image-signature\"><img class=\"voc-image-signature__img\" src=\"http:\/\/cordobainforma.info\/wp-content\/uploads\/2023\/06\/por-que-las-venecianas-se-han-convertido-en-el-zapato-comodo-favorito-de-sassa-de-osma.jpg\" alt=\"Carla Dom\u00ednguez\"><\/picture><!-- INFO AUTHOR --><\/div>\n<\/div>\n<p><!-- COMPONENTS --><\/p>\n<p class=\"voc-paragraph\">Una de las mujeres mejor vestidas es <a data-voc-vtm-id=\"in-text-traffic\" href=\"https:\/\/www.mujerhoy.com\/celebrities\/realeza\/sassa-osma-christian-hannover-historia-amor-padre-polemica-boda-hijos-20230315143911-nt.html\">Sassa de Osma<\/a>. La arist\u00f3crata se ha convertido en un icono de la realeza. Desde su boda con el pr\u00edncipe de Hannover se ha situado entre las m\u00e1s inspiradoras debido a su buen gusto. Y una prueba de ello es su Instagram donde nos deja con <strong>sus looks m\u00e1s espectaculares<\/strong>.\n<\/p>\n<p class=\"voc-paragraph\">Vemos a Sassa en sus redes sociales con numerosos estilismos. Algunos algo m\u00e1s arreglados, como el vestido inspiraci\u00f3n nupcial de Dior, y otros del d\u00eda a d\u00eda. Aunque si hay una prenda que utiliza mucho en verano la arist\u00f3crata son los vestidos.\n<\/p>\n<p class=\"voc-paragraph\">A Sassa le encanta lucir vestidos durante toda la temporada de primavera-verano. No es que lo digamos nosotras, lo dicen sus redes sociales. En su perfil, cuenta con un mont\u00f3n de instant\u00e1neas donde luce <a data-voc-vtm-id=\"in-text-traffic\" href=\"https:\/\/www.mujerhoy.com\/moda\/no-te-pierdas\/vestidos-puntos-comodos-basicos-verano-hym-20230610123156-nt.html\">vestidos veraniegos<\/a> s\u00faper fresquitos y perfectos para la temporada.\n<\/p>\n<p class=\"voc-paragraph\">Aunque es cierto que nos hemos dado cuenta de una cosa. Como todav\u00eda no estamos en pleno verano, parece que Sassa prefiere combinar sus vestidos favoritos con otro tipo de zapato antes de comenzar a <a data-voc-vtm-id=\"in-text-traffic\" href=\"https:\/\/www.mujerhoy.com\/moda\/no-te-pierdas\/sandalias-plataforma-yute-comodas-chicas-bajitas-zara-hym-20230614135205-nt.html\">lucir sandalias<\/a> o alpargatas.\n<\/p>\n<p class=\"voc-paragraph\">Parece que Sassa se ha vuelto fan\u00e1tica de <a data-voc-vtm-id=\"in-text-traffic\" href=\"https:\/\/www.mujerhoy.com\/moda\/no-te-pierdas\/alexandra-hannover-sorprende-vestido-lencero-slippers-flabelus-20230601094402-nt.html\">las venecianas<\/a>. Son el nuevo calzado de moda y aunque esper\u00e1bamos que se quedara simplemenete en un zapato de invierno; lo cierto es que est\u00e1 colapsando las redes incluso en primavera-verano de forma sorprendente.\n<\/p>\n<div class=\"voc-detail-photo-zoom\"><picture data-toggle=\"modal\" data-target=\"#photoZoomModal-249\" target=\"modal\">\n<div class=\"voc-img-icon-link\"><img loading=\"lazy\" data-original=\"\/\/static1.mujerhoy.com\/www\/multimedia\/202306\/15\/media\/cortadas\/sassa-osma-kOVC--460x637@MujerHoy.jpg\" class=\"lazy\" alt=\"Sassa de Osma con venecianas en rojo. Foto: @sassadeo\"><noscript><img src=\"http:\/\/cordobainforma.info\/wp-content\/uploads\/2023\/06\/por-que-las-venecianas-se-han-convertido-en-el-zapato-comodo-favorito-de-sassa-de-osma-1.jpg\" alt=\"Sassa de Osma con venecianas en rojo. Foto: @sassadeo\"><\/noscript><i class=\"voc-icons zoom voc-multimedia-box voc-ico-l\"><\/i><\/div><figcaption class=\"figure-caption\">Sassa de Osma con venecianas en rojo. Foto: @sassadeo<\/figcaption><\/picture><\/div>\n<div id=\"photoZoomModal-249\" class=\"voc-lightbox modal fade voc-lightbox--photo-zoom\" role=\"dialog\" data-voc-photozoom-lightbox>\n<div class=\"voc-lightbox__dialog\" role=\"document\">\n<div class=\"voc-lightbox__content\"><!-- Modal header --><!-- Modal content --><\/p>\n<div class=\"voc-lightbox__photo-container\"><picture class><img loading=\"lazy\" data-original=\"\/\/static1.mujerhoy.com\/www\/multimedia\/202306\/15\/media\/cortadas\/sassa-osma-kOVC--460x637@MujerHoy.jpg\" alt=\"Sassa de Osma con venecianas en rojo. Foto: @sassadeo\" class=\"lazy\"><noscript><img src=\"http:\/\/cordobainforma.info\/wp-content\/uploads\/2023\/06\/por-que-las-venecianas-se-han-convertido-en-el-zapato-comodo-favorito-de-sassa-de-osma-1.jpg\" alt=\"Sassa de Osma con venecianas en rojo. Foto: @sassadeo\"><\/noscript><\/picture><\/div>\n<\/div>\n<\/div>\n<\/div>\n<p class=\"voc-paragraph\">Decimos que era un buen candidato solo para el invierno debido a su tejido. Si has visto las venecianas, habr\u00e1s podido comprobar que cuentan con terciopelo. Son un tejido realmente algo m\u00e1s invernal, pero que las royals nos han ense\u00f1ado que se puede adapta bien a <strong>un look de primavera con vestidos<\/strong>.\n<\/p>\n<p class=\"voc-paragraph\">As\u00ed nos lo ha demostrado <strong>Sassa de Osma<\/strong>, con este bonito vestido con estampado de flores ideal y manga larga. Es un vestido largo que ha acompa\u00f1ado con unas venecianas en color rojo, muy parecidas a las que ha lucido estas semanas <a data-voc-vtm-id=\"in-text-traffic\" href=\"https:\/\/www.mujerhoy.com\/moda\/no-te-pierdas\/beatrice-borromeo-zapatos-comodos-made-in-spain-entretiempo-20230529110745-nt.html\">Beatrice Borromeo de la marca Flabelus<\/a>.\n<\/p>\n<p class=\"voc-paragraph\">Para acompa\u00f1ar este vestido, Sassa ha incluido tambi\u00e9n un bolso mini en color negro. Si te est\u00e1n entrando ganas de a\u00f1adir venecianas a tus looks con vestidos, est\u00e1s de suerte porque te traemos algunos modelos ideales que nos gustan.\n<\/p>\n<div class=\"voc-detail-photo-zoom\"><picture data-toggle=\"modal\" data-target=\"#photoZoomModal-920\" target=\"modal\">\n<div class=\"voc-img-icon-link\"><img loading=\"lazy\" data-original=\"\/\/static1.mujerhoy.com\/www\/multimedia\/202306\/15\/media\/cortadas\/veneciana-olympia-flabelus-kOVC--460x637@MujerHoy.jpg\" class=\"lazy\" alt=\"Veneciana en color rojo de Flabelus. Foto: Fablelus.\"><noscript><img src=\"http:\/\/cordobainforma.info\/wp-content\/uploads\/2023\/06\/por-que-las-venecianas-se-han-convertido-en-el-zapato-comodo-favorito-de-sassa-de-osma-2.jpg\" alt=\"Veneciana en color rojo de Flabelus. Foto: Fablelus.\"><\/noscript><i class=\"voc-icons zoom voc-multimedia-box voc-ico-l\"><\/i><\/div><figcaption class=\"figure-caption\">Veneciana en color rojo de Flabelus. Foto: Fablelus.<\/figcaption><\/picture><\/div>\n<div id=\"photoZoomModal-920\" class=\"voc-lightbox modal fade voc-lightbox--photo-zoom\" role=\"dialog\" data-voc-photozoom-lightbox>\n<div class=\"voc-lightbox__dialog\" role=\"document\">\n<div class=\"voc-lightbox__content\"><!-- Modal header --><!-- Modal content --><\/p>\n<div class=\"voc-lightbox__photo-container\"><picture class><img loading=\"lazy\" data-original=\"\/\/static1.mujerhoy.com\/www\/multimedia\/202306\/15\/media\/cortadas\/veneciana-olympia-flabelus-kOVC--460x637@MujerHoy.jpg\" alt=\"Veneciana en color rojo de Flabelus. Foto: Fablelus.\" class=\"lazy\"><noscript><img src=\"http:\/\/cordobainforma.info\/wp-content\/uploads\/2023\/06\/por-que-las-venecianas-se-han-convertido-en-el-zapato-comodo-favorito-de-sassa-de-osma-2.jpg\" alt=\"Veneciana en color rojo de Flabelus. Foto: Fablelus.\"><\/noscript><\/picture><\/div>\n<\/div>\n<\/div>\n<\/div>\n<p class=\"voc-paragraph\">Esta es una de las firmas favoritas de influencers y royals. Nos referimos a la marca Flabelus. En su colecci\u00f3n encontrar\u00e1s el modelo Olimpia que ahora est\u00e1 rebajado a 59 euros. Es una veneciana ideal en color rojo, muy llamativo y disponible en multitud de tallas.\n<\/p>\n<div class=\"voc-detail-photo-zoom\"><picture data-toggle=\"modal\" data-target=\"#photoZoomModal-335\" target=\"modal\">\n<div class=\"voc-img-icon-link\"><img loading=\"lazy\" data-original=\"\/\/static1.mujerhoy.com\/www\/multimedia\/202306\/15\/media\/cortadas\/luisa-via-roma-veneciana-roja-kOVC--460x637@MujerHoy.jpg\" class=\"lazy\" alt=\"Veneciana de color rojo de Vibi Venezia. Foto: Luisa Via Roma.\"><noscript><img src=\"http:\/\/cordobainforma.info\/wp-content\/uploads\/2023\/06\/por-que-las-venecianas-se-han-convertido-en-el-zapato-comodo-favorito-de-sassa-de-osma-3.jpg\" alt=\"Veneciana de color rojo de Vibi Venezia. Foto: Luisa Via Roma.\"><\/noscript><i class=\"voc-icons zoom voc-multimedia-box voc-ico-l\"><\/i><\/div><figcaption class=\"figure-caption\">Veneciana de color rojo de Vibi Venezia. Foto: Luisa Via Roma.<\/figcaption><\/picture><\/div>\n<div id=\"photoZoomModal-335\" class=\"voc-lightbox modal fade voc-lightbox--photo-zoom\" role=\"dialog\" data-voc-photozoom-lightbox>\n<div class=\"voc-lightbox__dialog\" role=\"document\">\n<div class=\"voc-lightbox__content\"><!-- Modal header --><!-- Modal content --><\/p>\n<div class=\"voc-lightbox__photo-container\"><picture class><img loading=\"lazy\" data-original=\"\/\/static1.mujerhoy.com\/www\/multimedia\/202306\/15\/media\/cortadas\/luisa-via-roma-veneciana-roja-kOVC--460x637@MujerHoy.jpg\" alt=\"Veneciana de color rojo de Vibi Venezia. Foto: Luisa Via Roma.\" class=\"lazy\"><noscript><img src=\"http:\/\/cordobainforma.info\/wp-content\/uploads\/2023\/06\/por-que-las-venecianas-se-han-convertido-en-el-zapato-comodo-favorito-de-sassa-de-osma-3.jpg\" alt=\"Veneciana de color rojo de Vibi Venezia. Foto: Luisa Via Roma.\"><\/noscript><\/picture><\/div>\n<\/div>\n<\/div>\n<\/div>\n<p class=\"voc-paragraph\">Se trata de una venecianas en color rojizo y tejido de terciopelo. Son un dise\u00f1o de <strong>la marca Vibi Venezia<\/strong> que puedes encontrar disponible en Luisa Via Roma. Cuenta con un ribete en color fucsia y ahora est\u00e1n rebajadas. Puedes encontrarlas en lugar de a 90 euros a 63 euros.\n<\/p>\n<div class=\"voc-detail-photo-zoom\"><picture data-toggle=\"modal\" data-target=\"#photoZoomModal-359\" target=\"modal\">\n<div class=\"voc-img-icon-link\"><img loading=\"lazy\" data-original=\"\/\/static2.mujerhoy.com\/www\/multimedia\/202306\/15\/media\/cortadas\/veneciana-roja-gondolina-kOVC--460x637@MujerHoy.jpg\" class=\"lazy\" alt=\"Veneciana en color rojo de Gondolina Shoes. Foto: Gondolina Shoes\"><noscript><img src=\"http:\/\/cordobainforma.info\/wp-content\/uploads\/2023\/06\/por-que-las-venecianas-se-han-convertido-en-el-zapato-comodo-favorito-de-sassa-de-osma-4.jpg\" alt=\"Veneciana en color rojo de Gondolina Shoes. Foto: Gondolina Shoes\"><\/noscript><i class=\"voc-icons zoom voc-multimedia-box voc-ico-l\"><\/i><\/div><figcaption class=\"figure-caption\">Veneciana en color rojo de Gondolina Shoes. Foto: Gondolina Shoes<\/figcaption><\/picture><\/div>\n<div id=\"photoZoomModal-359\" class=\"voc-lightbox modal fade voc-lightbox--photo-zoom\" role=\"dialog\" data-voc-photozoom-lightbox>\n<div class=\"voc-lightbox__dialog\" role=\"document\">\n<div class=\"voc-lightbox__content\"><!-- Modal header --><!-- Modal content --><\/p>\n<div class=\"voc-lightbox__photo-container\"><picture class><img loading=\"lazy\" data-original=\"\/\/static2.mujerhoy.com\/www\/multimedia\/202306\/15\/media\/cortadas\/veneciana-roja-gondolina-kOVC--460x637@MujerHoy.jpg\" alt=\"Veneciana en color rojo de Gondolina Shoes. Foto: Gondolina Shoes\" class=\"lazy\"><noscript><img src=\"http:\/\/cordobainforma.info\/wp-content\/uploads\/2023\/06\/por-que-las-venecianas-se-han-convertido-en-el-zapato-comodo-favorito-de-sassa-de-osma-4.jpg\" alt=\"Veneciana en color rojo de Gondolina Shoes. Foto: Gondolina Shoes\"><\/noscript><\/picture><\/div>\n<\/div>\n<\/div>\n<\/div>\n<p class=\"voc-paragraph\">La firma Gondolina Shoes es uno de nuestros descubrimientos del mes. Es una firma que cuenta con los dise\u00f1os cl\u00e1sicos de las venecianas de toda la vida. Este modelo es de terciopelo en alogod\u00f3n rojo y est\u00e1n fabricadas y dise\u00f1adas a mano por artesanos italianos en Venecia. \u00a1No pueden ser m\u00e1s aut\u00e9nticas!\n<\/p>\n<p><!-- TOPICS --><\/p>\n","protected":false},"excerpt":{"rendered":"<p>Una de las mujeres mejor vestidas es Sassa de Osma. La arist\u00f3crata se ha convertido en un icono de la realeza. Desde su boda con el pr\u00edncipe de Hannover se ha situado entre las m\u00e1s inspiradoras debido a su buen gusto. Y una prueba de ello es su Instagram donde nos deja con sus looks [&hellip;]<\/p>\n","protected":false},"author":1,"featured_media":77986,"comment_status":"closed","ping_status":"closed","sticky":false,"template":"","format":"standard","meta":[],"categories":[24],"tags":[],"_links":{"self":[{"href":"http:\/\/cordobainforma.info\/index.php\/wp-json\/wp\/v2\/posts\/77985"}],"collection":[{"href":"http:\/\/cordobainforma.info\/index.php\/wp-json\/wp\/v2\/posts"}],"about":[{"href":"http:\/\/cordobainforma.info\/index.php\/wp-json\/wp\/v2\/types\/post"}],"author":[{"embeddable":true,"href":"http:\/\/cordobainforma.info\/index.php\/wp-json\/wp\/v2\/users\/1"}],"replies":[{"embeddable":true,"href":"http:\/\/cordobainforma.info\/index.php\/wp-json\/wp\/v2\/comments?post=77985"}],"version-history":[{"count":0,"href":"http:\/\/cordobainforma.info\/index.php\/wp-json\/wp\/v2\/posts\/77985\/revisions"}],"wp:featuredmedia":[{"embeddable":true,"href":"http:\/\/cordobainforma.info\/index.php\/wp-json\/wp\/v2\/media\/77986"}],"wp:attachment":[{"href":"http:\/\/cordobainforma.info\/index.php\/wp-json\/wp\/v2\/media?parent=77985"}],"wp:term":[{"taxonomy":"category","embeddable":true,"href":"http:\/\/cordobainforma.info\/index.php\/wp-json\/wp\/v2\/categories?post=77985"},{"taxonomy":"post_tag","embeddable":true,"href":"http:\/\/cordobainforma.info\/index.php\/wp-json\/wp\/v2\/tags?post=77985"}],"curies":[{"name":"wp","href":"https:\/\/api.w.org\/{rel}","templated":true}]}}