{"id":77932,"date":"2023-06-15T04:30:00","date_gmt":"2023-06-15T04:30:00","guid":{"rendered":"http:\/\/cordobainforma.info\/index.php\/2023\/06\/15\/dos-mujeres-vandalizaron-un-cuadro-de-monet-en-estocolmo\/"},"modified":"2023-06-15T04:30:00","modified_gmt":"2023-06-15T04:30:00","slug":"dos-mujeres-vandalizaron-un-cuadro-de-monet-en-estocolmo","status":"publish","type":"post","link":"http:\/\/cordobainforma.info\/index.php\/2023\/06\/15\/dos-mujeres-vandalizaron-un-cuadro-de-monet-en-estocolmo\/","title":{"rendered":"Dos mujeres vandalizaron un cuadro de Monet en Estocolmo"},"content":{"rendered":"<div class=\"media_block\"><\/div>\n<p>Dos activistas medioambientales <strong>vandalizaron un <a target=\"_blank\" href=\"https:\/\/www.perfil.com\/noticias\/cultura\/cuadro-claude-monet-salio-a-remate-por-un-millon-dolares-pero-no-encontro-comprador.phtml\" rel=\"noopener noreferrer\">cuadro de Claude Monet<\/a><\/strong>, en el Museo Nacional de Estocolmo.&nbsp;Las mujeres, de 25 y 30 a\u00f1os, arrojaron <strong>pintura roja<\/strong> y pegaron sus manos contra el cristal que protege la obra del pintor franc\u00e9s.&nbsp;Luego, ambas fueron <strong>detenidas <\/strong>por la Polic\u00eda de Suecia.<\/p>\n<p>Seg\u00fan inform\u00f3 en su cuenta oficial de Twitter el movimiento clim\u00e1tico Restaurar Humedales, la protesta de las dos chicas es por la <strong>situaci\u00f3n sanitaria causada por la p\u00e9rdida de humedales<\/strong> en ese pa\u00eds.<\/p>\n<p>El equipo de conservaci\u00f3n del museo est\u00e1 examinando&nbsp;la obra afectada en cuesti\u00f3n: <strong>El jard\u00edn del artista en Giverny (1900)<\/strong>, para determinar si sufri\u00f3 da\u00f1os al respecto.<\/p>\n<p>La portavoz del movimiento Roxy Farhat afirm\u00f3 en declaraciones a la prensa: \u00abQuieren llamar la atenci\u00f3n por el hecho de que las enfermedades relacionadas con el calor se est\u00e1n transformando en una problem\u00e1tica cada vez m\u00e1s grande\u00bb.<\/p>\n<div>\n<figure class=\"image\"><img alt=\"vandalizaron cuadro Claude Monet Estocolmo 1 g_20230615\" src=\"http:\/\/cordobainforma.info\/wp-content\/uploads\/2023\/06\/dos-mujeres-vandalizaron-un-cuadro-de-monet-en-estocolmo.jpg\" loading=\"lazy\"><figcaption>Dos activistas medioambientales vandalizaron un cuadro de Monet. FOTO: AFP<\/figcaption><\/figure>\n<\/div>\n<h2><strong>Las&nbsp;activistas medioambientales protestaban por&nbsp;la \u00abcat\u00e1strofe clim\u00e1tica\u00bb&nbsp;en Suecia<\/strong><\/h2>\n<p>Por su parte, otra vocera de la organizaci\u00f3n Helen Whlgren indic\u00f3 que el objetivo del ataque al cuadro era <strong>presionar al gobierno sueco<\/strong> para que disminuya las emisiones de gases de efecto invernadero.<\/p>\n<p class=\"destacadoNota\"><a target=\"_blank\" href=\"https:\/\/www.perfil.com\/noticias\/internacional\/video-activistas-climaticos-tiraron-pure-de-papas-cuadro-monet-en-alemania.phtml\" rel=\"noopener noreferrer\">Video: activistas clim\u00e1ticos le tiraron pur\u00e9 de papas a un cuadro de Monet en Alemania<\/a><\/p>\n<p>\u00abNecesitamos hacer todo lo posible para llamar la atenci\u00f3n sobre esta <strong>cat\u00e1strofe clim\u00e1tica<\/strong>&nbsp;y nuestras demandas de restaurar los <strong>humedales que almacenan grandes cantidades de carbono<\/strong>\u00ab, remarc\u00f3 Wahlgren.<\/p>\n<p>A su vez, Per Hedstrom, portavoz del Museo Nacional del pa\u00eds escandinavo, repudi\u00f3 el ataque a la obra de Monet y plante\u00f3 que \u00abel patrimonio cultural posee un gran valor simb\u00f3lico y es inaceptable destruirlo, independientemente del objetivo\u00bb.<\/p>\n<p><em>ED<\/em><\/p>\n<div class=\"article__tags\">\n<p>En esta Nota<\/p>\n<\/p><\/div>\n","protected":false},"excerpt":{"rendered":"<p>Dos activistas medioambientales vandalizaron un cuadro de Claude Monet, en el Museo Nacional de Estocolmo.&nbsp;Las mujeres, de 25 y 30 a\u00f1os, arrojaron pintura roja y pegaron sus manos contra el cristal que protege la obra del pintor franc\u00e9s.&nbsp;Luego, ambas fueron detenidas por la Polic\u00eda de Suecia. Seg\u00fan inform\u00f3 en su cuenta oficial de Twitter el [&hellip;]<\/p>\n","protected":false},"author":1,"featured_media":77933,"comment_status":"closed","ping_status":"closed","sticky":false,"template":"","format":"standard","meta":[],"categories":[2],"tags":[],"_links":{"self":[{"href":"http:\/\/cordobainforma.info\/index.php\/wp-json\/wp\/v2\/posts\/77932"}],"collection":[{"href":"http:\/\/cordobainforma.info\/index.php\/wp-json\/wp\/v2\/posts"}],"about":[{"href":"http:\/\/cordobainforma.info\/index.php\/wp-json\/wp\/v2\/types\/post"}],"author":[{"embeddable":true,"href":"http:\/\/cordobainforma.info\/index.php\/wp-json\/wp\/v2\/users\/1"}],"replies":[{"embeddable":true,"href":"http:\/\/cordobainforma.info\/index.php\/wp-json\/wp\/v2\/comments?post=77932"}],"version-history":[{"count":0,"href":"http:\/\/cordobainforma.info\/index.php\/wp-json\/wp\/v2\/posts\/77932\/revisions"}],"wp:featuredmedia":[{"embeddable":true,"href":"http:\/\/cordobainforma.info\/index.php\/wp-json\/wp\/v2\/media\/77933"}],"wp:attachment":[{"href":"http:\/\/cordobainforma.info\/index.php\/wp-json\/wp\/v2\/media?parent=77932"}],"wp:term":[{"taxonomy":"category","embeddable":true,"href":"http:\/\/cordobainforma.info\/index.php\/wp-json\/wp\/v2\/categories?post=77932"},{"taxonomy":"post_tag","embeddable":true,"href":"http:\/\/cordobainforma.info\/index.php\/wp-json\/wp\/v2\/tags?post=77932"}],"curies":[{"name":"wp","href":"https:\/\/api.w.org\/{rel}","templated":true}]}}