{"id":77886,"date":"2023-06-15T02:40:57","date_gmt":"2023-06-15T02:40:57","guid":{"rendered":"http:\/\/cordobainforma.info\/index.php\/2023\/06\/15\/el-alcalde-de-miami-el-primer-candidato-hispano-en-la-carrera-por-la-presidencia-de-ee-uu\/"},"modified":"2023-06-15T02:40:57","modified_gmt":"2023-06-15T02:40:57","slug":"el-alcalde-de-miami-el-primer-candidato-hispano-en-la-carrera-por-la-presidencia-de-ee-uu","status":"publish","type":"post","link":"http:\/\/cordobainforma.info\/index.php\/2023\/06\/15\/el-alcalde-de-miami-el-primer-candidato-hispano-en-la-carrera-por-la-presidencia-de-ee-uu\/","title":{"rendered":"El alcalde de Miami, el primer candidato hispano en la carrera por la presidencia de EE.UU."},"content":{"rendered":"<p><img src=\"http:\/\/cordobainforma.info\/wp-content\/uploads\/2023\/06\/el-alcalde-de-miami-el-primer-candidato-hispano-en-la-carrera-por-la-presidencia-de-ee-uu.jpg\"><\/p>\n<div readability=\"32\">\n<p><span>Publicado:<\/span><time class=\"Timestamp-root Timestamp-isBlackColor \" datetime=\"2023-06-15T02:40:57+00:00\"> 15 jun 2023 02:40 GMT <\/time><\/p>\n<\/div>\n<div readability=\"33\">\n<p> Francis Su\u00e1rez llega a la contienda tras su segundo periodo en la alcald\u00eda y se ha presentado como un nuevo rostro dentro de los republicanos que podr\u00eda atraer a distintas comunidades de votantes. <\/p>\n<\/div>\n<div readability=\"85.47546728972\">\n<p>El alcalde de Miami, Francis Su\u00e1rez,&nbsp;<a href=\"https:\/\/docquery.fec.gov\/cgi-bin\/forms\/C00842971\/1707314\" target=\"_blank\" rel=\"noopener noreferrer\">present\u00f3<\/a>&nbsp;este mi\u00e9rcoles ante la Comisi\u00f3n Federal Electoral de EE.UU. los documentos necesarios para lanzar formalmente su candidatura a la nominaci\u00f3n republicana para la presidencia de Estados Unidos. De este modo, el pol\u00edtico de 45 a\u00f1os y origen cubano, se convierte en el primer hispano en aspirar a ser el pr\u00f3ximo inquilino de la Casa Blanca,&nbsp;<a href=\"https:\/\/www.nytimes.com\/2023\/06\/14\/us\/politics\/francis-suarez-2024-election-republican.html\" target=\"_blank\" rel=\"noopener noreferrer\">informa<\/a>&nbsp;The New York Times.<\/p>\n<p>Con esta postulaci\u00f3n, ya son 12 los aspirantes dentro del partido, siendo el favorito de la lista en las encuestas el expresidente Donald Trump seguido de su principal rival, Ron DeSantis, el gobernador de Florida, estado natal de&nbsp;Su\u00e1rez.<\/p>\n<p>El alcalde&nbsp;de la segunda ciudad m\u00e1s poblada de Florida llega a la contienda tras su segundo periodo \u2014ambos ganados por abrumadora mayor\u00eda\u2014 y se ha presentado como un nuevo rostro dentro de los republicanos que podr\u00eda atraer no solo a j\u00f3venes, sino a la comunidad hispana. Si bien esto podr\u00eda&nbsp;significarle un apoyo inicial considerable, los medios lo ven con pocas posibilidades. \u00abSu\u00e1rez es poco conocido fuera de su estado\u00bb, se\u00f1ala The New York Times.<\/p>\n<div class=\"ReadMore-root Section-root Section-is1to3-xs_is1to1\" data-widgets=\"ReadMore\">\n<div class=\"Section-container Section-isRow-isTop-isWrap\">\n<article class=\"Card-root Card-is1to1 \">\n<div class=\"Card-imageWrap\">\n<div class=\"Card-picture\"> <picture class=\"Picture-root Picture-default\"><!--[if IE 9]><video style=\"display: none;\"><![endif]--><source media=\"(-webkit-min-device-pixel-ratio: 2) and (min-resolution: 120dpi)\" srcset=\"http:\/\/cordobainforma.info\/wp-content\/uploads\/2023\/06\/el-alcalde-de-miami-el-primer-candidato-hispano-en-la-carrera-por-la-presidencia-de-ee-uu-2.jpg 850w, http:\/\/cordobainforma.info\/wp-content\/uploads\/2023\/06\/el-alcalde-de-miami-el-primer-candidato-hispano-en-la-carrera-por-la-presidencia-de-ee-uu-3.jpg 1960w\"><source srcset=\"http:\/\/cordobainforma.info\/wp-content\/uploads\/2023\/06\/el-alcalde-de-miami-el-primer-candidato-hispano-en-la-carrera-por-la-presidencia-de-ee-uu-2.jpg 460w, http:\/\/cordobainforma.info\/wp-content\/uploads\/2023\/06\/el-alcalde-de-miami-el-primer-candidato-hispano-en-la-carrera-por-la-presidencia-de-ee-uu-3.jpg 980w\"><!--[if IE 9]><\/video><![endif]--><img data-sizes=\"auto\" src=\"http:\/\/cordobainforma.info\/wp-content\/uploads\/2023\/06\/el-alcalde-de-miami-el-primer-candidato-hispano-en-la-carrera-por-la-presidencia-de-ee-uu-2.jpg\" class=\"Picture-root Picture-default lazyload\" alt=\"Qu\u00e9 significa la acusaci\u00f3n federal para Trump y sus aspiraciones presidenciales de 2024\"><\/picture><!-- noscript pattern --><noscript><img src=\"http:\/\/cordobainforma.info\/wp-content\/uploads\/2023\/06\/el-alcalde-de-miami-el-primer-candidato-hispano-en-la-carrera-por-la-presidencia-de-ee-uu-3.jpg\" alt=\"Qu\u00e9 significa la acusaci\u00f3n federal para Trump y sus aspiraciones presidenciales de 2024\"><\/noscript> <\/div><\/div>\n<\/article><\/div><\/div>\n<p>De cualquier modo, las recientes&nbsp;<a href=\"https:\/\/actualidad.rt.com\/actualidad\/470006-trump-declararse-inocente-cargos-documentos-clasificados-obstruccion-justicia\" target=\"_blank\" rel=\"noopener noreferrer\">acusaciones<\/a>&nbsp;a Trump por cargos relacionados con documentos clasificados podr\u00edan perturbar la contienda republicana de aqu\u00ed en adelante y&nbsp;cambiar el favoritismos de los votantes.<\/p>\n<h3>Carrera pol\u00edtica<\/h3>\n<p>Francis Su\u00e1rez creci\u00f3 en la pol\u00edtica de la mano de su padre, Xavier Su\u00e1rez, quien tambi\u00e9n se desempe\u00f1\u00f3 como alcalde de la ciudad durante las d\u00e9cadas de 1980 y 1990. Ante de llegar a la alcald\u00eda por primera vez en 2017, Francis fue comisionado de la urbe durante ocho a\u00f1os. En 2021, fue reelegido con el 79 % de los votos.<\/p>\n<p>Durante su mandato, Su\u00e1rez ha intentado llevar innovaci\u00f3n y tecnolog\u00eda a la localidad floridana e incluso abog\u00f3 en convertirla en el nuevo Silicon Valley del pa\u00eds y en el centro de las &#8216;startups&#8217; tecnol\u00f3gicas. En este contexto, ha promocionado el uso de la inteligencia artificial y se ha esforzado por&nbsp;<a href=\"https:\/\/actualidad.rt.com\/actualidad\/395610-miami-ofrece-energia-nuclear-limpia-mineros-bitcoin\" target=\"_blank\" rel=\"noopener noreferrer\">posicionarla<\/a>&nbsp;como un &#8216;hub&#8217; mundial de las criptomonedas. En agosto de 2021, Miami&nbsp;<a href=\"https:\/\/actualidad.rt.com\/actualidad\/399709-miami-lanzar-miamicoin-criptomoneda-atraer-financiacion\" target=\"_blank\" rel=\"noopener noreferrer\">lanz\u00f3<\/a>&nbsp;su propia divisa digital, con la cual se propuso financiar proyectos de infraestructura y diversos eventos.<\/p>\n<p>A diferencia de la mayor\u00eda de sus contendientes en las primarias republicanas, Su\u00e1rez en realidad no tiene mucha experiencia en cargos de elecci\u00f3n popular, ya que la alcald\u00eda de Miami es un trabajo de medio tiempo que es considerado en gran parte simb\u00f3lico. La mayor\u00eda de las responsabilidades recaen sobre el administrador de la ciudad y la Comisi\u00f3n Municipal.<\/p>\n<\/div>\n","protected":false},"excerpt":{"rendered":"<p>Publicado: 15 jun 2023 02:40 GMT Francis Su\u00e1rez llega a la contienda tras su segundo periodo en la alcald\u00eda y se ha presentado como un nuevo rostro dentro de los republicanos que podr\u00eda atraer a distintas comunidades de votantes. El alcalde de Miami, Francis Su\u00e1rez,&nbsp;present\u00f3&nbsp;este mi\u00e9rcoles ante la Comisi\u00f3n Federal Electoral de EE.UU. los documentos [&hellip;]<\/p>\n","protected":false},"author":1,"featured_media":77887,"comment_status":"closed","ping_status":"closed","sticky":false,"template":"","format":"standard","meta":[],"categories":[22],"tags":[],"_links":{"self":[{"href":"http:\/\/cordobainforma.info\/index.php\/wp-json\/wp\/v2\/posts\/77886"}],"collection":[{"href":"http:\/\/cordobainforma.info\/index.php\/wp-json\/wp\/v2\/posts"}],"about":[{"href":"http:\/\/cordobainforma.info\/index.php\/wp-json\/wp\/v2\/types\/post"}],"author":[{"embeddable":true,"href":"http:\/\/cordobainforma.info\/index.php\/wp-json\/wp\/v2\/users\/1"}],"replies":[{"embeddable":true,"href":"http:\/\/cordobainforma.info\/index.php\/wp-json\/wp\/v2\/comments?post=77886"}],"version-history":[{"count":0,"href":"http:\/\/cordobainforma.info\/index.php\/wp-json\/wp\/v2\/posts\/77886\/revisions"}],"wp:featuredmedia":[{"embeddable":true,"href":"http:\/\/cordobainforma.info\/index.php\/wp-json\/wp\/v2\/media\/77887"}],"wp:attachment":[{"href":"http:\/\/cordobainforma.info\/index.php\/wp-json\/wp\/v2\/media?parent=77886"}],"wp:term":[{"taxonomy":"category","embeddable":true,"href":"http:\/\/cordobainforma.info\/index.php\/wp-json\/wp\/v2\/categories?post=77886"},{"taxonomy":"post_tag","embeddable":true,"href":"http:\/\/cordobainforma.info\/index.php\/wp-json\/wp\/v2\/tags?post=77886"}],"curies":[{"name":"wp","href":"https:\/\/api.w.org\/{rel}","templated":true}]}}