{"id":77880,"date":"2023-06-14T17:58:18","date_gmt":"2023-06-14T17:58:18","guid":{"rendered":"https:\/\/www.mujerhoy.com\/moda\/no-te-pierdas\/letizia-colombia-botas-gastadas-pantalones-polemica-viaje-cooperacion-20230614191756-nt.html"},"modified":"2023-06-14T17:58:18","modified_gmt":"2023-06-14T17:58:18","slug":"tercer-look-de-letizia-en-colombia-repite-los-pantalones-de-la-polemica-y-nos-deja-ver-el-estado-real-de-sus-botas-de-exploradora","status":"publish","type":"post","link":"http:\/\/cordobainforma.info\/index.php\/2023\/06\/14\/tercer-look-de-letizia-en-colombia-repite-los-pantalones-de-la-polemica-y-nos-deja-ver-el-estado-real-de-sus-botas-de-exploradora\/","title":{"rendered":"Tercer look de Letizia en Colombia: repite los pantalones de la pol\u00e9mica y nos deja ver el estado real de sus botas de exploradora"},"content":{"rendered":"<p><!-- AUTHOR --><\/p>\n<div class=\"voc-author-timesocial \"><!-- AUTHOR --><\/p>\n<div class=\"voc-author-timesocial__signature\"><!-- IMAGE AUTHOR --><picture class=\"voc-image-signature\"><img class=\"voc-image-signature__img\" src=\"http:\/\/cordobainforma.info\/wp-content\/uploads\/2023\/06\/tercer-look-de-letizia-en-colombia-repite-los-pantalones-de-la-polemica-y-nos-deja-ver-el-estado-real-de-sus-botas-de-exploradora.jpg\" alt=\"Elena de los R\u00edos\"><\/picture><!-- INFO AUTHOR --><\/div>\n<\/div>\n<p><!-- COMPONENTS --><\/p>\n<p class=\"voc-paragraph\">La <strong>reina Letizia<\/strong> ha terminado por convencer a los m\u00e1s esc\u00e9pticos con su <a data-voc-vtm-id=\"in-text-traffic\" href=\"https:\/\/www.mujerhoy.com\/celebrities\/realeza\/reina-letizia-viajes-cooperacion-criticas-polemicas-fotos-discurso-20230612064421-nt.html\">viaje de cooperaci\u00f3n a Colombia<\/a>, en parte por su empat\u00eda y tambi\u00e9n por la evidente buena conexi\u00f3n que mantiene con <a data-voc-vtm-id=\"in-text-traffic\" href=\"https:\/\/www.mujerhoy.com\/celebrities\/realeza\/veronica-alcocer-influyente-primera-dama-colombia-buena-quimica-reina-letizia-monja-gustavo-petro-visita-oficial-espana-20230503145704-nt.html\">Ver\u00f3nica Alcocer<\/a>, la primera dama colombiana. Algo tiene que ver, adem\u00e1s, su fidelidad a un look con credibilidad.\n<\/p>\n<p class=\"voc-paragraph\">No va a ser ninguna sorpresa: Letizia ha conseguido que su ya <strong>proverbial chaleco rojo<\/strong>, una prenda que fue incomprendida en su momento, se confirme como la mejor opci\u00f3n cuando los viajes pretenden hacer luz sobre los proyectos de cooperaci\u00f3n. La reina los combina con <strong>b\u00e1sicos c\u00f3modos<\/strong> que, adem\u00e1s, repite sin problemas. Como es el caso.\n<\/p>\n<p class=\"voc-paragraph\">Para su tercera (y \u00faltima) jornada de agenda oficial en Colombia, la <a data-voc-vtm-id=\"in-text-traffic\" href=\"https:\/\/www.mujerhoy.com\/temas\/personajes\/reina-dona-letizia.html\">reina Letizia<\/a> eligi\u00f3 los mismos pantalones vaqueros de Massimo Dutti de tiro bajo que llev\u00f3 el d\u00eda anterior y la camisa blanca de rigor. No nos dio sorpresas tampoco con el pelo, que llev\u00f3 recogido en su <strong>cola de caballo favorita<\/strong>. Lo que s\u00ed pudimos ver al fin por completo fueron sus <strong>botas<\/strong>: lleva las Panama Jack m\u00e1s que vividas, desgastadas por el trote.\n<\/p>\n<div class=\"voc-detail__cmp\">\n<div class=\"voc-article-container\">\n<article class=\"voc-article voc-article--cmp-photo-text\" readability=\"27\">\n<div class=\"voc-img-container\" readability=\"9\"><picture>\n<div class=\"voc-horizontal voc-img-icon-link\"><img class=\"lazy\" loading=\"lazy\" data-original=\"\/\/static3.mujerhoy.com\/www\/multimedia\/202306\/14\/media\/cortadas\/letizia-colombia-cali-botas-kU5-U200555623087tKI-624x385@MujerHoy.JPG\" alt=\"Crud\u00edsimo primer plano de las botas de exploradora de la reina Letizia, testigo de las horas de caminata que conllevan sus viajes de cooperaci\u00f3n. \"><\/div>\n<\/picture>\n<p class=\"figure-caption \"> Crud\u00edsimo primer plano de las botas de exploradora de la reina Letizia, testigo de las horas de caminata que conllevan sus viajes de cooperaci\u00f3n. \/ <span class=\"voc-photo-author\"> LIMITED PICTURES <\/span><\/p>\n<\/div>\n<\/article>\n<\/div>\n<\/div>\n<p class=\"voc-paragraph\">Aunque existe un lugar com\u00fan de la comedia que retrata al t\u00edpico urbanita que se viste de Panama Jack en cuanto se separa unos metros del asfalto, podemos dar fe que no es el caso de la <a data-voc-vtm-id=\"in-text-traffic\" href=\"https:\/\/www.mujerhoy.com\/moda\/no-te-pierdas\/reina-letizia-estrena-pantalones-cargo-baratos-comodos-viaje-cooperacion-colombia-20230613072500-nt.html\">reina Letizia<\/a>. Sus botas atestiguan el <strong>trote <\/strong>que la monarca les ha dado, gracias a una agenda oficial m\u00e1s que intensa que no discurre precisamente por alfombras rojas. <\/p>\n<p class=\"voc-paragraph\">Durante el primer tramo de su visita a Cali, <a data-voc-vtm-id=\"in-text-traffic\" href=\"https:\/\/www.mujerhoy.com\/celebrities\/realeza\/froilan-polemica-nuevo-trabajo-defensor-clima-cumbre-onu-petroleo-letizia-20230613134901-nt.html\">Letizia<\/a> quiso mostrar por completo sus botas, que son de ca\u00f1a media y color marr\u00f3n muy castigado por el tiempo y los kil\u00f3metros. Quiz\u00e1 para<br \/>\n<strong> variar m\u00ednimamente su look<\/strong>, meti\u00f3 por dentro de las botas los pantalones vaquero de silueta pitillo y tiro bajo de Massimo Dutti. <\/p>\n<p class=\"voc-paragraph\">No caben muchas interpretaciones sobre la insistencia de la reina en estos looks de cooperante: logran que la monarca <strong>se mimetice al m\u00e1ximo <\/strong>con el personal que trabaja en los proyectos. Letizia quiere ponerse al nivel de voluntarios y trabajadores solidarios y, seguramente, estos agradecen su sencillez. <\/p>\n<div class=\"voc-detail-photo-zoom\"><picture data-toggle=\"modal\" data-target=\"#photoZoomModal-908\" target=\"modal\">\n<div class=\"voc-img-icon-link\"><img loading=\"lazy\" data-original=\"\/\/static.mujerhoy.com\/www\/multimedia\/202306\/14\/media\/cortadas\/letizia-cali-colombia-k9OH--460x637@MujerHoy.JPG\" class=\"lazy\" alt=\"La reina Letizia, a su llegada a la finca cafetera que visit\u00f3 en Cali. (FOTO: LIMITED PICTURES)\"><noscript><img src=\"http:\/\/cordobainforma.info\/wp-content\/uploads\/2023\/06\/tercer-look-de-letizia-en-colombia-repite-los-pantalones-de-la-polemica-y-nos-deja-ver-el-estado-real-de-sus-botas-de-exploradora-1.jpg\" alt=\"La reina Letizia, a su llegada a la finca cafetera que visit\u00f3 en Cali. (FOTO: LIMITED PICTURES)\"><\/noscript><i class=\"voc-icons zoom voc-multimedia-box voc-ico-l\"><\/i><\/div><figcaption class=\"figure-caption\">La reina Letizia, a su llegada a la finca cafetera que visit\u00f3 en Cali. (FOTO: LIMITED PICTURES)<\/figcaption><\/picture><\/div>\n<div id=\"photoZoomModal-908\" class=\"voc-lightbox modal fade voc-lightbox--photo-zoom\" role=\"dialog\" data-voc-photozoom-lightbox>\n<div class=\"voc-lightbox__dialog\" role=\"document\">\n<div class=\"voc-lightbox__content\"><!-- Modal header --><!-- Modal content --><\/p>\n<div class=\"voc-lightbox__photo-container\"><picture class><img loading=\"lazy\" data-original=\"\/\/static.mujerhoy.com\/www\/multimedia\/202306\/14\/media\/cortadas\/letizia-cali-colombia-k9OH--460x637@MujerHoy.JPG\" alt=\"La reina Letizia, a su llegada a la finca cafetera que visit\u00f3 en Cali. (FOTO: LIMITED PICTURES)\" class=\"lazy\"><noscript><img src=\"http:\/\/cordobainforma.info\/wp-content\/uploads\/2023\/06\/tercer-look-de-letizia-en-colombia-repite-los-pantalones-de-la-polemica-y-nos-deja-ver-el-estado-real-de-sus-botas-de-exploradora-1.jpg\" alt=\"La reina Letizia, a su llegada a la finca cafetera que visit\u00f3 en Cali. (FOTO: LIMITED PICTURES)\"><\/noscript><\/picture><\/div>\n<\/div>\n<\/div>\n<\/div>\n<p class=\"voc-paragraph\">La <a data-voc-vtm-id=\"in-text-traffic\" href=\"https:\/\/www.mujerhoy.com\/moda\/no-te-pierdas\/reina-letizia-colombia-pantalones-polemicos-tiro-bajo-botas-comodas-20230613161235-nt.html\">reina Letizia<\/a> visit\u00f3 una finca cafetera en Cali, reci\u00e9n llegada de su vuelo de hora y media desde Cartagena de Indias. Situada en el municipio de Yotoco, all\u00ed la esperaban un grupo de excombatientes de las FARC, que han formado una <strong>cooperativa de cultivo y venta de caf\u00e9<\/strong>, con los auspicios de la Uni\u00f3n Europea, la Agencia Nacional de Reincorporaci\u00f3n y la Asociaci\u00f3n Mesa Nacional del Caf\u00e9.\n<\/p>\n<p class=\"voc-paragraph\">Durante el resto de la jornada, y hasta m\u00e1s o menos las siete de la tarde, hora colombiana, la reina Letizia visitar\u00e1 diferentes proyectos productivos <strong>liderados por mujeres <\/strong>y promovidos por AECI en la Escuela Taller de Jardiner\u00eda de Cali y emprendimientos de comercio ambulante en el bariro de Santa Elena que impulsa la Fundaci\u00f3n Microfinanzas BBVA.\n<\/p>\n<p class=\"voc-paragraph\">Este es el<br \/>\n<strong> octavo viaje de cooperaci\u00f3n <\/strong>que la <a data-voc-vtm-id=\"in-text-traffic\" href=\"https:\/\/www.mujerhoy.com\/celebrities\/realeza\/reina-letizia-infanta-sofia-visita-secreta-el-hormiguero-encuentro-privado-chris-hemsworth-fans-20230608130656-nt.html\">reina Letizia<\/a> lleva a cabo desde el ascenso al trono de Felipe VI, en junio de 2014. La monarca inici\u00f3 este tipo de desplazamientos en 2015, con su viaje a Honduras y El Salvador y, con excepci\u00f3n de 2016, ha realizado uno cada a\u00f1o, incluso en 2020 en plena pandemia de la COVID-19.\n<\/p>\n<p><!-- TOPICS --><\/p>\n","protected":false},"excerpt":{"rendered":"<p>La reina Letizia ha terminado por convencer a los m\u00e1s esc\u00e9pticos con su viaje de cooperaci\u00f3n a Colombia, en parte por su empat\u00eda y tambi\u00e9n por la evidente buena conexi\u00f3n que mantiene con Ver\u00f3nica Alcocer, la primera dama colombiana. Algo tiene que ver, adem\u00e1s, su fidelidad a un look con credibilidad. No va a ser [&hellip;]<\/p>\n","protected":false},"author":1,"featured_media":77881,"comment_status":"closed","ping_status":"closed","sticky":false,"template":"","format":"standard","meta":[],"categories":[24],"tags":[],"_links":{"self":[{"href":"http:\/\/cordobainforma.info\/index.php\/wp-json\/wp\/v2\/posts\/77880"}],"collection":[{"href":"http:\/\/cordobainforma.info\/index.php\/wp-json\/wp\/v2\/posts"}],"about":[{"href":"http:\/\/cordobainforma.info\/index.php\/wp-json\/wp\/v2\/types\/post"}],"author":[{"embeddable":true,"href":"http:\/\/cordobainforma.info\/index.php\/wp-json\/wp\/v2\/users\/1"}],"replies":[{"embeddable":true,"href":"http:\/\/cordobainforma.info\/index.php\/wp-json\/wp\/v2\/comments?post=77880"}],"version-history":[{"count":0,"href":"http:\/\/cordobainforma.info\/index.php\/wp-json\/wp\/v2\/posts\/77880\/revisions"}],"wp:featuredmedia":[{"embeddable":true,"href":"http:\/\/cordobainforma.info\/index.php\/wp-json\/wp\/v2\/media\/77881"}],"wp:attachment":[{"href":"http:\/\/cordobainforma.info\/index.php\/wp-json\/wp\/v2\/media?parent=77880"}],"wp:term":[{"taxonomy":"category","embeddable":true,"href":"http:\/\/cordobainforma.info\/index.php\/wp-json\/wp\/v2\/categories?post=77880"},{"taxonomy":"post_tag","embeddable":true,"href":"http:\/\/cordobainforma.info\/index.php\/wp-json\/wp\/v2\/tags?post=77880"}],"curies":[{"name":"wp","href":"https:\/\/api.w.org\/{rel}","templated":true}]}}