{"id":77835,"date":"2023-06-15T02:18:01","date_gmt":"2023-06-15T02:18:01","guid":{"rendered":"https:\/\/www.clarin.com\/deportes\/escueto-comunicado-lanus-denuncia-violencia-genero-lautaro-acosta_0_O0Z9qeYwLa.html"},"modified":"2023-06-15T02:18:01","modified_gmt":"2023-06-15T02:18:01","slug":"el-escueto-comunicado-de-lanus-tras-la-denuncia-por-violencia-de-genero-contra-lautaro-acosta","status":"publish","type":"post","link":"http:\/\/cordobainforma.info\/index.php\/2023\/06\/15\/el-escueto-comunicado-de-lanus-tras-la-denuncia-por-violencia-de-genero-contra-lautaro-acosta\/","title":{"rendered":"El escueto comunicado de Lan\u00fas tras la denuncia por violencia de g\u00e9nero contra Lautaro Acosta"},"content":{"rendered":"<p><img src=\"http:\/\/cordobainforma.info\/wp-content\/uploads\/2023\/06\/el-escueto-comunicado-de-lanus-tras-la-denuncia-por-violencia-de-genero-contra-lautaro-acosta.jpg\"><\/p>\n<div><img src=\"http:\/\/cordobainforma.info\/wp-content\/uploads\/2023\/06\/el-escueto-comunicado-de-lanus-tras-la-denuncia-por-violencia-de-genero-contra-lautaro-acosta-2.jpg\" class=\"ff-og-image-inserted\"><\/div>\n<div readability=\"32.5\">\n<div class=\"title check-space\" data-color=\"style='background-color:'\" readability=\"10\">\n<p><h2>El club inform\u00f3 que aplic\u00f3 el protocolo del Departamento de G\u00e9nero y Diversidad, que no detall\u00f3 en la misma publicaci\u00f3n. Habl\u00f3 de \u00abhechos de p\u00fablico conocimiento\u00bb.<\/h2>\n<\/p>\n<\/div><\/div>\n<div id=\"entry-body\">\n<p>Tras las repercusiones por la <a href=\"https:\/\/www.clarin.com\/deportes\/grave-denuncia-ex-pareja-futbolista-lautaro-acosta-violencia-genero-favor-ayudenme-_0_t9nFg7nFHE.html\" target=\"_blank\" rel=\"noopener noreferrer\">denuncia en redes sociales de Ludmila Isabella<\/a>, ex pareja del futbolista<strong> Lautaro Acosta<\/strong>, el club <strong>Lan\u00fas <\/strong>public\u00f3 un escueto y<strong> poco comprometido<\/strong> comunicado, en el que indica la puesta en pr\u00e1ctica del protocolo institucional para casos de violencia de g\u00e9nero. &nbsp;<\/p>\n<p>\u00abEn virtud de los hechos de p\u00fablico conocimiento y tras haber recibido una denuncia a trav\u00e9s de nuestro Departamento de G\u00e9nero y Diversidad, hemos decidido activar el Protocolo Institucional tal cual se indica en su art\u00edculo n\u00famero 7. De este modo quedamos a disposici\u00f3n de la denunciante y de la Justicia, ratificando nuestro compromiso en la lucha contra toda situaci\u00f3n de violencia\u00bb, public\u00f3 Lan\u00fas en la cuenta oficial de Twitter, pero no en otras redes sociales&nbsp;ni en la p\u00e1gina institucional.<\/p>\n<p>En sus 383 caracteres, Lan\u00fas no aclara cuales son los \u00abhechos de p\u00fablico conocimiento\u00bb, no&nbsp;menciona al futbolista involucrado y tampoco explica de que manera \u00abqueda a disposici\u00f3n&nbsp;de la denunciante\u00bb, que ya en 2019 hab\u00eda consumado una denuncia formal ante la Justicia.&nbsp;<strong>La dirigencia del Granate tir\u00f3 la pelota afuera, se desentendi\u00f3 del juego.<\/strong><\/p>\n<p>Tan&nbsp;poco claro, adem\u00e1s, result\u00f3 el comunicado que minutos m\u00e1s tarde debieron ampliar la publicaci\u00f3n con el enlace al protocolo y art\u00edculo mencionado. <\/p>\n<p>Seg\u00fan el \u00abProtocolo institucional de acci\u00f3n para la prevenci\u00f3n e intervenci\u00f3n ante situaciones de violencia y\/o discriminaci\u00f3n por cuestiones de g\u00e9nero y\/u orientaci\u00f3n sexual del Club Atl\u00e9tico Lan\u00fas\u00bb que impuls\u00f3 el departamento de G\u00e9nero que logr\u00f3 su aprobaci\u00f3n en 2020, el art\u00edculo s\u00e9ptimo indica la intervenci\u00f3n \u00abpara desarrollar estrategias pertinentes para su abordaje y seguimiento\u00bb. <\/p>\n<p><strong>Ni el comunicado ni el protocolo de Lan\u00fas dicen absolutamente nada<\/strong>. \u00bfQu\u00e9 es lo que va a hacer el club? Ni la publicaci\u00f3n de Twitter ni el art\u00edculo indica una acci\u00f3n espec\u00edfica para la situaci\u00f3n \u00abde p\u00fablico conocimiento\u00bb.&nbsp;<\/p>\n<p>Seg\u00fan el protocolo, lo que Lan\u00fas activ\u00f3 es la posibilidad de que&nbsp;\u00abLa\/s persona\/s consultante\/s y y\/o denunciante\/s podr\u00e1\/n notificarla situaci\u00f3n y requerir orientaci\u00f3n v\u00eda correo electr\u00f3nico y\/o por otro medio que el Club Atl\u00e9tico Lan\u00fas ponga a disposici\u00f3n\u00bb. Sin embargo, en su comunicado, Lan\u00fas no rese\u00f1\u00f3 ning\u00fan medio para que, en este caso&nbsp;la ex pareja de Acosta, \u00abnotifique la situaci\u00f3n\u00bb.&nbsp;<\/p>\n<p>Sin embargo, cuando Isabella lo haga, Lan\u00fas entonces \u00abbrindar\u00e1 orientaci\u00f3n\u00bb y \u00abrealizara un seguimiento de la\/s denuncia\/s y\/o consulta\/s efectuadas\u00bb y \u00aben caso de considerarlo pertinente\u00bb recomendar\u00e1 a \u00ablos pasos a seguir y con qu\u00e9 organismos se deber\u00e1n comunicar ya sean de contenci\u00f3n o asesoramiento\u00bb.<\/p>\n<p>El reflejo de Lan\u00fas por actuar con correcci\u00f3n pol\u00edtica ante un hecho delicado que involucra a un s\u00edmbolo del equipo, dej\u00f3 al desnudo lo poco aceitado -o indeseado- de un protocolo adoptado m\u00e1s por la demanda de una \u00e9poca, que por su inter\u00e9s en contar con las herramientas para prevenir hechos de violencia. <strong>Tal vez no hacer nada, era m\u00e1s genuino que hacer nada<\/strong>.&nbsp;<\/p>\n<p> <span class=\"title-related\">Mir\u00e1 tambi\u00e9n<\/span> <\/div>\n","protected":false},"excerpt":{"rendered":"<p>El club inform\u00f3 que aplic\u00f3 el protocolo del Departamento de G\u00e9nero y Diversidad, que no detall\u00f3 en la misma publicaci\u00f3n. Habl\u00f3 de \u00abhechos de p\u00fablico conocimiento\u00bb. Tras las repercusiones por la denuncia en redes sociales de Ludmila Isabella, ex pareja del futbolista Lautaro Acosta, el club Lan\u00fas public\u00f3 un escueto y poco comprometido comunicado, en [&hellip;]<\/p>\n","protected":false},"author":1,"featured_media":77836,"comment_status":"closed","ping_status":"closed","sticky":false,"template":"","format":"standard","meta":[],"categories":[20],"tags":[],"_links":{"self":[{"href":"http:\/\/cordobainforma.info\/index.php\/wp-json\/wp\/v2\/posts\/77835"}],"collection":[{"href":"http:\/\/cordobainforma.info\/index.php\/wp-json\/wp\/v2\/posts"}],"about":[{"href":"http:\/\/cordobainforma.info\/index.php\/wp-json\/wp\/v2\/types\/post"}],"author":[{"embeddable":true,"href":"http:\/\/cordobainforma.info\/index.php\/wp-json\/wp\/v2\/users\/1"}],"replies":[{"embeddable":true,"href":"http:\/\/cordobainforma.info\/index.php\/wp-json\/wp\/v2\/comments?post=77835"}],"version-history":[{"count":0,"href":"http:\/\/cordobainforma.info\/index.php\/wp-json\/wp\/v2\/posts\/77835\/revisions"}],"wp:featuredmedia":[{"embeddable":true,"href":"http:\/\/cordobainforma.info\/index.php\/wp-json\/wp\/v2\/media\/77836"}],"wp:attachment":[{"href":"http:\/\/cordobainforma.info\/index.php\/wp-json\/wp\/v2\/media?parent=77835"}],"wp:term":[{"taxonomy":"category","embeddable":true,"href":"http:\/\/cordobainforma.info\/index.php\/wp-json\/wp\/v2\/categories?post=77835"},{"taxonomy":"post_tag","embeddable":true,"href":"http:\/\/cordobainforma.info\/index.php\/wp-json\/wp\/v2\/tags?post=77835"}],"curies":[{"name":"wp","href":"https:\/\/api.w.org\/{rel}","templated":true}]}}