{"id":77833,"date":"2023-06-15T02:27:03","date_gmt":"2023-06-15T02:27:03","guid":{"rendered":"https:\/\/www.clarin.com\/deportes\/historia-periodista-hizo-emocionar-juan-roman-riquelme-llevo-camiseta-boca_0_Hld4VBx00C.html"},"modified":"2023-06-15T02:27:03","modified_gmt":"2023-06-15T02:27:03","slug":"la-conmovedora-historia-del-periodista-que-hizo-emocionar-a-juan-roman-riquelme-y-se-llevo-su-camiseta-de-boca","status":"publish","type":"post","link":"http:\/\/cordobainforma.info\/index.php\/2023\/06\/15\/la-conmovedora-historia-del-periodista-que-hizo-emocionar-a-juan-roman-riquelme-y-se-llevo-su-camiseta-de-boca\/","title":{"rendered":"La conmovedora historia del periodista que hizo emocionar a Juan Rom\u00e1n Riquelme y se llev\u00f3 su camiseta de Boca"},"content":{"rendered":"<p><img src=\"http:\/\/cordobainforma.info\/wp-content\/uploads\/2023\/06\/la-conmovedora-historia-del-periodista-que-hizo-emocionar-a-juan-roman-riquelme-y-se-llevo-su-camiseta-de-boca.jpg\"><\/p>\n<div><img src=\"http:\/\/cordobainforma.info\/wp-content\/uploads\/2023\/06\/la-conmovedora-historia-del-periodista-que-hizo-emocionar-a-juan-roman-riquelme-y-se-llevo-su-camiseta-de-boca-2.jpg\" class=\"ff-og-image-inserted\"><\/div>\n<div readability=\"33\">\n<div class=\"title check-space\" data-color=\"style='background-color:'\" readability=\"11\">\n<p><h2>Alexis Dassie pidi\u00f3 el micr\u00f3fono en la conferencia de prensa donde anunci\u00f3 su partido despedida para el domingo 25 de junio y, con muchos nervios, le hizo la pregunta a su \u00eddolo.<\/h2>\n<\/p>\n<\/div><\/div>\n<div id=\"entry-body\">\n<p>La conferencia de prensa en la que<a href=\"https:\/\/www.clarin.com\/deportes\/juan-roman-riquelme-anuncio-partido-despedida-boca-messi-va-sueno-_0_n6t45N7Dul.html\" target=\"_blank\" rel=\"noopener noreferrer\"> <strong>Juan Rom\u00e1n Riquelme <\/strong>anunci\u00f3 su partido despedida como jugador con la presencia de Lionel Messi tuvo un momento m\u00e1s que especial<\/a>. En medio de la ronda de periodistas, pidi\u00f3 el micr\u00f3fono <strong>Alexis Dassie <\/strong>y, desde su silla de ruedas, se anim\u00f3 a preguntarle a su \u00eddolo, que tuvo un gesto notable al regalarle la camiseta con el n\u00famero 10 y la leyenda de &#8216;Rom\u00e1n&#8217; que posaba sobre la mesa que compart\u00eda con el presidente del club, <strong>Jorge Amor Ameal<\/strong>.<\/p>\n<p>Dassie tiene 19 a\u00f1os y est\u00e1 haciendo sus primeras armas en el periodismo como parte del equipo de &#8216;Estaci\u00f3n Deportiva&#8217;. Con nervios, acompa\u00f1ado por su hermana Juliana, le consult\u00f3 a Riquelme por la importancia de compartir con Messi y qu\u00e9 bondades ten\u00eda que tener un buen n\u00famero &#8217;10&#8217;.<\/p>\n<p>Pero lo m\u00e1s importante lleg\u00f3 cuando Riquelme, primero empez\u00f3 a aplaudir contagiando a toda la sala, y despu\u00e9s tom\u00f3 la camiseta de Boca que estaba sobre la mesa y, mirando a Ameal, le dijo: \u00abEsta no te la llev\u00e1s vos, \u00e9sta es para \u00e9l\u00bb. <\/p>\n<p>Acto seguido, se la pas\u00f3 a un colaborador y se la hizo llegar a Dassie, que emocionado y con l\u00e1grimas en los ojos, la recibi\u00f3. Incluso ya hab\u00eda una camiseta con la firma de Riquelme esperando por el joven en las oficinas del club.<\/p>\n<h2><strong>La historia de Alexis<\/strong><\/h2>\n<p>En octubre pasado, la agencia T\u00e9lam public\u00f3 la historia de Alexis Dassie, luego que \u00e9ste le realiz\u00f3 una consulta a Facundo Roncaglia durante una conferencia de prensa.<\/p>\n<p>Naci\u00f3 con leucomalacia periventricular, que es la dilataci\u00f3n de uno de los ventr\u00edculos del cerebro. Eso le gener\u00f3 una cuadriparesia, que es la debilidad de todas las extremidades del cuerpo, lo que adem\u00e1s le presenta dificultades card\u00edacas, en la respiraci\u00f3n y en el habla. Tras varias cirug\u00edas, hace m\u00e1s de un a\u00f1o afront\u00f3 la m\u00e1s delicada y la m\u00e1s importante: la reconstrucci\u00f3n de los dos pies, para la que se usaron 75 elementos de implantes. Le hicieron una tenoplastia que le ayud\u00f3 a mejorar su postura, ahora se para m\u00e1s derecho y no sufre tanto el estar encorvado. Gracias a eso, actualmente puede caminar y dar algunos pasos con bastones, aunque en trayectos largos utiliza la silla de ruedas. A pesar de todo lo que le ocurri\u00f3, no hubo impedimentos para realizar lo que m\u00e1s le gusta: <strong>ser periodista deportivo y cubrir las alternativas de Boca<\/strong>.<\/p>\n<p>\u00abTodo comenz\u00f3 hace unos a\u00f1os, en un momento dif\u00edcil de mi vida por las operaciones en los pies. Cuando estaba en reposo hice un taller de periodismo deportivo en Boca, como hobby, y termin\u00f3 gust\u00e1ndome tanto que descubr\u00ed mi vocaci\u00f3n. El periodismo fue una sanaci\u00f3n para m\u00ed\u00bb, le dijo a T\u00e9lam, en La Bombonera, el joven que vive en la localidad bonaerense de Villa Luzuriaga, partido de La Matanza.<\/p>\n<p> <span class=\"title-related\">Mir\u00e1 tambi\u00e9n<\/span> <\/div>\n","protected":false},"excerpt":{"rendered":"<p>Alexis Dassie pidi\u00f3 el micr\u00f3fono en la conferencia de prensa donde anunci\u00f3 su partido despedida para el domingo 25 de junio y, con muchos nervios, le hizo la pregunta a su \u00eddolo. La conferencia de prensa en la que Juan Rom\u00e1n Riquelme anunci\u00f3 su partido despedida como jugador con la presencia de Lionel Messi tuvo [&hellip;]<\/p>\n","protected":false},"author":1,"featured_media":77834,"comment_status":"closed","ping_status":"closed","sticky":false,"template":"","format":"standard","meta":[],"categories":[20],"tags":[],"_links":{"self":[{"href":"http:\/\/cordobainforma.info\/index.php\/wp-json\/wp\/v2\/posts\/77833"}],"collection":[{"href":"http:\/\/cordobainforma.info\/index.php\/wp-json\/wp\/v2\/posts"}],"about":[{"href":"http:\/\/cordobainforma.info\/index.php\/wp-json\/wp\/v2\/types\/post"}],"author":[{"embeddable":true,"href":"http:\/\/cordobainforma.info\/index.php\/wp-json\/wp\/v2\/users\/1"}],"replies":[{"embeddable":true,"href":"http:\/\/cordobainforma.info\/index.php\/wp-json\/wp\/v2\/comments?post=77833"}],"version-history":[{"count":0,"href":"http:\/\/cordobainforma.info\/index.php\/wp-json\/wp\/v2\/posts\/77833\/revisions"}],"wp:featuredmedia":[{"embeddable":true,"href":"http:\/\/cordobainforma.info\/index.php\/wp-json\/wp\/v2\/media\/77834"}],"wp:attachment":[{"href":"http:\/\/cordobainforma.info\/index.php\/wp-json\/wp\/v2\/media?parent=77833"}],"wp:term":[{"taxonomy":"category","embeddable":true,"href":"http:\/\/cordobainforma.info\/index.php\/wp-json\/wp\/v2\/categories?post=77833"},{"taxonomy":"post_tag","embeddable":true,"href":"http:\/\/cordobainforma.info\/index.php\/wp-json\/wp\/v2\/tags?post=77833"}],"curies":[{"name":"wp","href":"https:\/\/api.w.org\/{rel}","templated":true}]}}