{"id":77831,"date":"2023-06-14T04:48:00","date_gmt":"2023-06-14T04:48:00","guid":{"rendered":"http:\/\/cordobainforma.info\/index.php\/2023\/06\/14\/quien-es-el-bancario-relacionado-a-river-que-encabezara-la-lista-de-senadores-de-milei\/"},"modified":"2023-06-14T04:48:00","modified_gmt":"2023-06-14T04:48:00","slug":"quien-es-el-bancario-relacionado-a-river-que-encabezara-la-lista-de-senadores-de-milei","status":"publish","type":"post","link":"http:\/\/cordobainforma.info\/index.php\/2023\/06\/14\/quien-es-el-bancario-relacionado-a-river-que-encabezara-la-lista-de-senadores-de-milei\/","title":{"rendered":"Qui\u00e9n es el bancario relacionado a River que encabezar\u00e1 la lista de senadores de Milei"},"content":{"rendered":"<div class=\"media_block\"><\/div>\n<p>El precandidato a presidente por <strong>La Libertad Avanza<\/strong>, <strong><a target=\"_blank\" href=\"https:\/\/www.perfil.com\/noticias\/politica\/javier-milei-desafiante-si-estuviera-en-una-alianza-con-la-senora-bullrich-ganamos-en-primera-vuelta.phtml\" rel=\"noopener noreferrer\">Javier Milei<\/a><\/strong>, confirm\u00f3 este martes qui\u00e9n <strong>encabezar\u00e1 la boleta de senadores nacionales por la provincia de Buenos Aires. <\/strong>Se trata de<strong> Juan Ignacio N\u00e1poli<\/strong>, exdirector de la Asociaci\u00f3n de Bancos Argentinos y asesor de la presidencia de <strong>Jorge Brito en River Plate<\/strong>.<\/p>\n<p>\u201c<strong>Me veo muy bien en ese cargo, la verdad<\/strong>. El Congreso es un lugar fundamental para lo que viene, pero es una posici\u00f3n que antes no hab\u00eda pensado. Creo que es desde donde mejor puedo ayudar a Javier. Siempre me tuve mucha confianza y creo que estoy ante una oportunidad, quiz\u00e1s la m\u00e1s importante de mi vida, y no la voy a desaprovechar\u201d, asegur\u00f3 N\u00e1poli.<\/p>\n<p>El empresario, Licenciado en Administraci\u00f3n de Empresas por la Universidad Cat\u00f3lica Argentina, <strong>presidente del Banco de Valores, de Valores Afisa (Uruguay), de Napoli Inversiones<\/strong>, miembro del Consejo de la Bolsa de Comercio de Buenos Aires y vocal titular de Adeba, <strong>hace as\u00ed su primera incursi\u00f3n en la pol\u00edtica partidaria<\/strong>.<\/p>\n<div>\n<figure class=\"image\"><img alt=\"Juan N\u00e1poli 1 g_20230614\" src=\"http:\/\/cordobainforma.info\/wp-content\/uploads\/2023\/06\/quien-es-el-bancario-relacionado-a-river-que-encabezara-la-lista-de-senadores-de-milei.jpg\" loading=\"lazy\"><figcaption>&nbsp;Juan Ignacio N\u00e1poli junto a Diana Mondino, candidata a diputada por La Libertad Avanza.&nbsp;<\/figcaption><\/figure>\n<\/div>\n<p>\u201cEstoy empezando este camino en cuestiones partidarias y de candidaturas, pero siempre particip\u00e9 en la vida p\u00fablica y hace tiempo vengo hablando con Javier\u201d, afirm\u00f3 el banquero.<\/p>\n<p>Adem\u00e1s, en comunicaci\u00f3n con <em>Actualidad Pol\u00edtica<\/em>, relat\u00f3: \u201cTuve un ofrecimiento y acept\u00e9 porque <strong>creo que Javier Milei es el \u00fanico candidato que puede llevar adelante las transformaciones que necesita la Argentina<\/strong>. Sabe c\u00f3mo hacerlo, tiene conocimiento y ganas\u201d.<\/p>\n<p>\u201c<strong>Hay que involucrarse y tomar riesgos<\/strong>. Cuando se ve todo tan mal hay que apuntalar al que puede dar vuelta la situaci\u00f3n y resolver los problemas de los argentinos\u201d, reflexion\u00f3 el precandidato a senador nacional por Buenos Aires.<\/p>\n<div>\n<figure class=\"image\"><img alt=\"Juan N\u00e1poli 1 g_20230614\" src=\"http:\/\/cordobainforma.info\/wp-content\/uploads\/2023\/06\/quien-es-el-bancario-relacionado-a-river-que-encabezara-la-lista-de-senadores-de-milei-1.jpg\" loading=\"lazy\"><figcaption>N\u00e1poli junto al expresidente de River Rodolfo D&#8217;onofrio en el Monumental.<\/figcaption><\/figure>\n<\/div>\n<p>Respecto a su rol en el mundo del f\u00fatbol, <strong>N\u00e1poli fue vocal de River y ahora es asesor financiero de la gesti\u00f3n de otro banquero, <\/strong><a target=\"_blank\" href=\"https:\/\/www.perfil.com\/noticias\/periodismopuro\/jorge-pablo-brito-este-pais-requiere-de-mucho-mas-compromiso-de-los-empresarios-por-jorge-fontevecchia.phtml\" rel=\"noopener noreferrer\">Jorge Brito<\/a>, al frente del club.<\/p>\n<h2><strong>El armado de Javier Milei<\/strong><\/h2>\n<p>En estas \u00faltimas semanas, Milei oficializ\u00f3 a dos economistas liberales como sus candidatos. <a target=\"_blank\" href=\"https:\/\/www.perfil.com\/noticias\/cordoba\/quien-es-diana-mondino-la-cordobesa-elegida-por-milei-como-candidata-en-la-ciudad-de-buenos-aires.phtml\" rel=\"noopener noreferrer\">Diana Mondino<\/a>, precandidata a diputada nacional en la Ciudad y <a target=\"_blank\" href=\"https:\/\/www.perfil.com\/noticias\/politica\/milei-anuncio-que-bertie-benegas-lynch-encabezara-de-la-lista-de-diputados-por-la-provincia-de-buenos-aires.phtml\" rel=\"noopener noreferrer\">Bertie Benegas Lynch<\/a>, quien encabezar\u00e1 la lista de diputados nacionales por la provincia de Buenos Aires.<\/p>\n<p>Tambi\u00e9n anunci\u00f3 que el legislador <a target=\"_blank\" href=\"https:\/\/www.perfil.com\/noticias\/politica\/javier-milei-confirmo-que-ramiro-marra-sera-su-candidato-a-jefe-de-gobierno-de-la-ciudad-de-buenos-aires.phtml\" rel=\"noopener noreferrer\">Ramiro Marra<\/a> ser\u00e1 su aspirante a la Jefatura de Gobierno porte\u00f1a y al empresario agropecuario Sebasti\u00e1n Etchevehere como su precandidato a gobernador de Entre R\u00edos.<\/p>\n<p class=\"destacadoNota\"><a target=\"_blank\" href=\"https:\/\/www.perfil.com\/noticias\/politica\/bussi-salio-tercero-en-tucuman-y-defendio-a-milei-no-se-le-puede-achacar-responsabilidad.phtml\" rel=\"noopener noreferrer\">Bussi sali\u00f3 tercero en Tucum\u00e1n y defendi\u00f3 a Milei: \u00abNo se le puede achacar responsabilidad\u00bb<\/a><\/p>\n<p>\u201cNos hab\u00edan dicho que no ten\u00edamos equipo. Y seguimos haciendo caer otra mentira sobre nosotros. Con Carlos Rodr\u00edguez, Roque Fern\u00e1ndez, Diana Mondino, Dar\u00edo Epstein y ahora Bertie seguimos demostrando que tenemos un equipo s\u00f3lido t\u00e9cnico y pol\u00edticamente hablando para sacar a la Argentina de la decadencia\u201d, dijo Milei.<\/p>\n<p>Sin embargo, en las <a target=\"_blank\" href=\"https:\/\/www.perfil.com\/noticias\/canal-e\/el-fenomeno-milei-no-se-replica-en-el-interior-los-motivos-detras-del-escaso-impacto-del-candidato-en-las-provinciales.phtml\" rel=\"noopener noreferrer\">elecciones provinciales<\/a> contin\u00faa con los desaf\u00edos: el candidato a gobernador de La Libertad Avanza en Tucum\u00e1n, <a target=\"_blank\" href=\"https:\/\/www.perfil.com\/noticias\/politica\/un-nuevo-fracaso-de-milei-en-el-interior-319-de-los-votos-en-tucuman.phtml\" rel=\"noopener noreferrer\">Ricardo Bussi<\/a>, qued\u00f3 en tercer lugar en las elecciones del domingo 11 de junio, m\u00e1s de 55 puntos abajo que el ganador del PJ, Osvaldo Jaldo.<\/p>\n<p><em>ML \/ ED<\/em><\/p>\n<div class=\"article__tags\">\n<p>En esta Nota<\/p>\n<\/p><\/div>\n","protected":false},"excerpt":{"rendered":"<p>El precandidato a presidente por La Libertad Avanza, Javier Milei, confirm\u00f3 este martes qui\u00e9n encabezar\u00e1 la boleta de senadores nacionales por la provincia de Buenos Aires. Se trata de Juan Ignacio N\u00e1poli, exdirector de la Asociaci\u00f3n de Bancos Argentinos y asesor de la presidencia de Jorge Brito en River Plate. \u201cMe veo muy bien en [&hellip;]<\/p>\n","protected":false},"author":1,"featured_media":77832,"comment_status":"closed","ping_status":"closed","sticky":false,"template":"","format":"standard","meta":[],"categories":[2],"tags":[],"_links":{"self":[{"href":"http:\/\/cordobainforma.info\/index.php\/wp-json\/wp\/v2\/posts\/77831"}],"collection":[{"href":"http:\/\/cordobainforma.info\/index.php\/wp-json\/wp\/v2\/posts"}],"about":[{"href":"http:\/\/cordobainforma.info\/index.php\/wp-json\/wp\/v2\/types\/post"}],"author":[{"embeddable":true,"href":"http:\/\/cordobainforma.info\/index.php\/wp-json\/wp\/v2\/users\/1"}],"replies":[{"embeddable":true,"href":"http:\/\/cordobainforma.info\/index.php\/wp-json\/wp\/v2\/comments?post=77831"}],"version-history":[{"count":0,"href":"http:\/\/cordobainforma.info\/index.php\/wp-json\/wp\/v2\/posts\/77831\/revisions"}],"wp:featuredmedia":[{"embeddable":true,"href":"http:\/\/cordobainforma.info\/index.php\/wp-json\/wp\/v2\/media\/77832"}],"wp:attachment":[{"href":"http:\/\/cordobainforma.info\/index.php\/wp-json\/wp\/v2\/media?parent=77831"}],"wp:term":[{"taxonomy":"category","embeddable":true,"href":"http:\/\/cordobainforma.info\/index.php\/wp-json\/wp\/v2\/categories?post=77831"},{"taxonomy":"post_tag","embeddable":true,"href":"http:\/\/cordobainforma.info\/index.php\/wp-json\/wp\/v2\/tags?post=77831"}],"curies":[{"name":"wp","href":"https:\/\/api.w.org\/{rel}","templated":true}]}}