{"id":77820,"date":"2023-06-14T01:38:32","date_gmt":"2023-06-14T01:38:32","guid":{"rendered":"http:\/\/cordobainforma.info\/index.php\/2023\/06\/14\/nace-un-gigante-agroindustrial-bunge-compra-viterra-la-nueva-empresa-liderara-las-pagina12\/"},"modified":"2023-06-14T01:38:32","modified_gmt":"2023-06-14T01:38:32","slug":"nace-un-gigante-agroindustrial-bunge-compra-viterra-la-nueva-empresa-liderara-las-pagina12","status":"publish","type":"post","link":"http:\/\/cordobainforma.info\/index.php\/2023\/06\/14\/nace-un-gigante-agroindustrial-bunge-compra-viterra-la-nueva-empresa-liderara-las-pagina12\/","title":{"rendered":"Nace un gigante agroindustrial: Bunge compra Viterra | La <b>nueva<\/b> empresa liderar\u00e1 las &#8230; &#8211; P\u00e1gina12"},"content":{"rendered":"<p>La <b>nueva<\/b> empresa liderar\u00e1 las exportaciones de aceite de girasol y soja &#8230; los mercados y generar un perjuicio para el inter\u00e9s <b>econ\u00f3mico<\/b> general. <\/p>\n","protected":false},"excerpt":{"rendered":"<p>La nueva empresa liderar\u00e1 las exportaciones de aceite de girasol y soja &#8230; los mercados y generar un perjuicio para el inter\u00e9s econ\u00f3mico general.<\/p>\n","protected":false},"author":1,"featured_media":0,"comment_status":"closed","ping_status":"closed","sticky":false,"template":"","format":"standard","meta":[],"categories":[23],"tags":[],"_links":{"self":[{"href":"http:\/\/cordobainforma.info\/index.php\/wp-json\/wp\/v2\/posts\/77820"}],"collection":[{"href":"http:\/\/cordobainforma.info\/index.php\/wp-json\/wp\/v2\/posts"}],"about":[{"href":"http:\/\/cordobainforma.info\/index.php\/wp-json\/wp\/v2\/types\/post"}],"author":[{"embeddable":true,"href":"http:\/\/cordobainforma.info\/index.php\/wp-json\/wp\/v2\/users\/1"}],"replies":[{"embeddable":true,"href":"http:\/\/cordobainforma.info\/index.php\/wp-json\/wp\/v2\/comments?post=77820"}],"version-history":[{"count":0,"href":"http:\/\/cordobainforma.info\/index.php\/wp-json\/wp\/v2\/posts\/77820\/revisions"}],"wp:attachment":[{"href":"http:\/\/cordobainforma.info\/index.php\/wp-json\/wp\/v2\/media?parent=77820"}],"wp:term":[{"taxonomy":"category","embeddable":true,"href":"http:\/\/cordobainforma.info\/index.php\/wp-json\/wp\/v2\/categories?post=77820"},{"taxonomy":"post_tag","embeddable":true,"href":"http:\/\/cordobainforma.info\/index.php\/wp-json\/wp\/v2\/tags?post=77820"}],"curies":[{"name":"wp","href":"https:\/\/api.w.org\/{rel}","templated":true}]}}