{"id":77819,"date":"2023-06-14T03:55:54","date_gmt":"2023-06-14T03:55:54","guid":{"rendered":"http:\/\/cordobainforma.info\/index.php\/2023\/06\/14\/sergio-massa-impulsa-la-exportacion-de-trabajo-argentino-opinando-san-nicolas\/"},"modified":"2023-06-14T03:55:54","modified_gmt":"2023-06-14T03:55:54","slug":"sergio-massa-impulsa-la-exportacion-de-trabajo-argentino-opinando-san-nicolas","status":"publish","type":"post","link":"http:\/\/cordobainforma.info\/index.php\/2023\/06\/14\/sergio-massa-impulsa-la-exportacion-de-trabajo-argentino-opinando-san-nicolas\/","title":{"rendered":"Sergio Massa impulsa la exportaci\u00f3n de trabajo argentino &#8211; Opinando San Nicol\u00e1s"},"content":{"rendered":"<p>El ministro de <b>Econom\u00eda<\/b> destaca la visi\u00f3n de Sergio Massa en la &#8230; Durante la inauguraci\u00f3n de una <b>nueva<\/b> l\u00ednea de producci\u00f3n de camionetas Ford en&nbsp;&#8230; <\/p>\n","protected":false},"excerpt":{"rendered":"<p>El ministro de Econom\u00eda destaca la visi\u00f3n de Sergio Massa en la &#8230; Durante la inauguraci\u00f3n de una nueva l\u00ednea de producci\u00f3n de camionetas Ford en&nbsp;&#8230;<\/p>\n","protected":false},"author":1,"featured_media":0,"comment_status":"closed","ping_status":"closed","sticky":false,"template":"","format":"standard","meta":[],"categories":[23],"tags":[],"_links":{"self":[{"href":"http:\/\/cordobainforma.info\/index.php\/wp-json\/wp\/v2\/posts\/77819"}],"collection":[{"href":"http:\/\/cordobainforma.info\/index.php\/wp-json\/wp\/v2\/posts"}],"about":[{"href":"http:\/\/cordobainforma.info\/index.php\/wp-json\/wp\/v2\/types\/post"}],"author":[{"embeddable":true,"href":"http:\/\/cordobainforma.info\/index.php\/wp-json\/wp\/v2\/users\/1"}],"replies":[{"embeddable":true,"href":"http:\/\/cordobainforma.info\/index.php\/wp-json\/wp\/v2\/comments?post=77819"}],"version-history":[{"count":0,"href":"http:\/\/cordobainforma.info\/index.php\/wp-json\/wp\/v2\/posts\/77819\/revisions"}],"wp:attachment":[{"href":"http:\/\/cordobainforma.info\/index.php\/wp-json\/wp\/v2\/media?parent=77819"}],"wp:term":[{"taxonomy":"category","embeddable":true,"href":"http:\/\/cordobainforma.info\/index.php\/wp-json\/wp\/v2\/categories?post=77819"},{"taxonomy":"post_tag","embeddable":true,"href":"http:\/\/cordobainforma.info\/index.php\/wp-json\/wp\/v2\/tags?post=77819"}],"curies":[{"name":"wp","href":"https:\/\/api.w.org\/{rel}","templated":true}]}}