{"id":77787,"date":"2023-06-14T03:01:16","date_gmt":"2023-06-14T03:01:16","guid":{"rendered":"http:\/\/cordobainforma.info\/index.php\/2023\/06\/14\/el-mensaje-de-lukaku-tras-perder-la-final-de-la-liga-de-campeones\/"},"modified":"2023-06-14T03:01:16","modified_gmt":"2023-06-14T03:01:16","slug":"el-mensaje-de-lukaku-tras-perder-la-final-de-la-liga-de-campeones","status":"publish","type":"post","link":"http:\/\/cordobainforma.info\/index.php\/2023\/06\/14\/el-mensaje-de-lukaku-tras-perder-la-final-de-la-liga-de-campeones\/","title":{"rendered":"El mensaje de Lukaku tras perder la final de la Liga de Campeones"},"content":{"rendered":"<p><img src=\"http:\/\/cordobainforma.info\/wp-content\/uploads\/2023\/06\/el-mensaje-de-lukaku-tras-perder-la-final-de-la-liga-de-campeones.jpg\"><\/p>\n<div readability=\"32\">\n<p><span>Publicado:<\/span><time class=\"Timestamp-root Timestamp-isBlackColor \" datetime=\"2023-06-14T03:01:16+00:00\"> 14 jun 2023 03:01 GMT <\/time><\/p>\n<\/div>\n<div readability=\"35\">\n<p> Durante el juego por el campeonato, el delantero belga del Inter de Mil\u00e1n fall\u00f3 tres opciones claras de gol, que pudieron significar el tanto del empate ante Manchester City. <\/p>\n<\/div>\n<div readability=\"71.490566037736\">\n<p>A pesar de ser uno de los delanteros m\u00e1s efectivos y de una calidad indiscutible, Romelu Lukaku se ha caracterizado por fallar oportunidades claras de gol frente a la porter\u00eda en los partidos m\u00e1s importantes, como en el de la derrota de su equipo, el Inter de Mil\u00e1n, que&nbsp;<a href=\"https:\/\/actualidad.rt.com\/actualidad\/469734-final-champions-manchester-city-inter\">cay\u00f3<\/a>&nbsp;por la m\u00ednima ante el Manchester City en la final de la Liga de Campeones de la UEFA, disputada el s\u00e1bado pasado en la cancha del estadio Ataturk de Estambul (Turqu\u00eda).<\/p>\n<p>El atacante belga sali\u00f3 del banquillo en el minuto 57, pero tuvo una actuaci\u00f3n para el olvido, desperdiciando tres grandes ocasiones de gol en la recta final del partido y bloqueando un remate de su compa\u00f1ero Federico Dimarco, con lo que evit\u00f3 que su equipo marcara el tanto del empate.<\/p>\n<p>Tras esta decepcionante actuaci\u00f3n, el futbolista utiliz\u00f3 las redes sociales para enviar este martes un mensaje a la hinchada nerazzurri. \u00abEn primer lugar, gracias a todos los aficionados del Inter por el cari\u00f1o y el apoyo durante toda la temporada. Ustedes estuvieron a nuestro lado en todo momento y personalmente quiero agradecerles eso\u00bb, escribi\u00f3.<\/p>\n<div class=\"ReadMore-root Section-root Section-is1to3-xs_is1to1\" data-widgets=\"ReadMore\">\n<div class=\"Section-container Section-isRow-isTop-isWrap\">\n<article class=\"Card-root Card-is1to1 \">\n<div class=\"Card-imageWrap\">\n<div class=\"Card-picture\"> <picture class=\"Picture-root Picture-default\"><!--[if IE 9]><video style=\"display: none;\"><![endif]--><source media=\"(-webkit-min-device-pixel-ratio: 2) and (min-resolution: 120dpi)\" srcset=\"http:\/\/cordobainforma.info\/wp-content\/uploads\/2023\/06\/el-mensaje-de-lukaku-tras-perder-la-final-de-la-liga-de-campeones-2.jpg 850w, http:\/\/cordobainforma.info\/wp-content\/uploads\/2023\/06\/el-mensaje-de-lukaku-tras-perder-la-final-de-la-liga-de-campeones-3.jpg 1960w\"><source srcset=\"http:\/\/cordobainforma.info\/wp-content\/uploads\/2023\/06\/el-mensaje-de-lukaku-tras-perder-la-final-de-la-liga-de-campeones-2.jpg 460w, http:\/\/cordobainforma.info\/wp-content\/uploads\/2023\/06\/el-mensaje-de-lukaku-tras-perder-la-final-de-la-liga-de-campeones-3.jpg 980w\"><!--[if IE 9]><\/video><![endif]--><img data-sizes=\"auto\" src=\"http:\/\/cordobainforma.info\/wp-content\/uploads\/2023\/06\/el-mensaje-de-lukaku-tras-perder-la-final-de-la-liga-de-campeones-2.jpg\" class=\"Picture-root Picture-default lazyload\" alt=\"Los hinchas de la Juventus lanzan cantos racistas contra el jugador del Inter Romelu Lukaku\"><\/picture><!-- noscript pattern --><noscript><img src=\"http:\/\/cordobainforma.info\/wp-content\/uploads\/2023\/06\/el-mensaje-de-lukaku-tras-perder-la-final-de-la-liga-de-campeones-3.jpg\" alt=\"Los hinchas de la Juventus lanzan cantos racistas contra el jugador del Inter Romelu Lukaku\"><\/noscript> <\/div><\/div>\n<\/article><\/div><\/div>\n<p><strong>\u00abNo estaba destinado a ser. Lo dimos todo. Es una sensaci\u00f3n de mierda para todos los que amamos este hermoso club&#8230; Pero este equipo tiene hambre y lucharemos para alcanzar ese momento de gloria alg\u00fan d\u00eda\u00bb<\/strong>, concluy\u00f3 su mensaje el futbolista.<\/p>\n<p>Tras terminar su periodo de pr\u00e9stamo con el cuadro italiano, Lukaku deber\u00e1 volver al Chelsea, con quien tiene contrato hasta 2026. Sin embargo, de&nbsp;<a href=\"https:\/\/www.goal.com\/en\/news\/romelu-lukaku-cristiano-ronaldo-link-up-chelsea-striker-offered-eur25-million-a-year-deal-al-nassr-transfer\/blte86e0c845948e3ff\" target=\"_blank\" rel=\"noopener noreferrer\">acuerdo<\/a>&nbsp;a reportes, el futbolista ha recibido ofertas para firmar un contrato por dos a\u00f1os con el club saud\u00ed Al Hilal por unos 54 millones de d\u00f3lares.<\/p>\n<p><strong><em>Si te ha gustado, \u00a1comp\u00e1rtelo con tus amigos!<\/em><\/strong><\/p>\n<\/div>\n","protected":false},"excerpt":{"rendered":"<p>Publicado: 14 jun 2023 03:01 GMT Durante el juego por el campeonato, el delantero belga del Inter de Mil\u00e1n fall\u00f3 tres opciones claras de gol, que pudieron significar el tanto del empate ante Manchester City. A pesar de ser uno de los delanteros m\u00e1s efectivos y de una calidad indiscutible, Romelu Lukaku se ha caracterizado [&hellip;]<\/p>\n","protected":false},"author":1,"featured_media":77788,"comment_status":"closed","ping_status":"closed","sticky":false,"template":"","format":"standard","meta":[],"categories":[22],"tags":[],"_links":{"self":[{"href":"http:\/\/cordobainforma.info\/index.php\/wp-json\/wp\/v2\/posts\/77787"}],"collection":[{"href":"http:\/\/cordobainforma.info\/index.php\/wp-json\/wp\/v2\/posts"}],"about":[{"href":"http:\/\/cordobainforma.info\/index.php\/wp-json\/wp\/v2\/types\/post"}],"author":[{"embeddable":true,"href":"http:\/\/cordobainforma.info\/index.php\/wp-json\/wp\/v2\/users\/1"}],"replies":[{"embeddable":true,"href":"http:\/\/cordobainforma.info\/index.php\/wp-json\/wp\/v2\/comments?post=77787"}],"version-history":[{"count":0,"href":"http:\/\/cordobainforma.info\/index.php\/wp-json\/wp\/v2\/posts\/77787\/revisions"}],"wp:featuredmedia":[{"embeddable":true,"href":"http:\/\/cordobainforma.info\/index.php\/wp-json\/wp\/v2\/media\/77788"}],"wp:attachment":[{"href":"http:\/\/cordobainforma.info\/index.php\/wp-json\/wp\/v2\/media?parent=77787"}],"wp:term":[{"taxonomy":"category","embeddable":true,"href":"http:\/\/cordobainforma.info\/index.php\/wp-json\/wp\/v2\/categories?post=77787"},{"taxonomy":"post_tag","embeddable":true,"href":"http:\/\/cordobainforma.info\/index.php\/wp-json\/wp\/v2\/tags?post=77787"}],"curies":[{"name":"wp","href":"https:\/\/api.w.org\/{rel}","templated":true}]}}