{"id":77785,"date":"2023-06-14T03:03:15","date_gmt":"2023-06-14T03:03:15","guid":{"rendered":"http:\/\/cordobainforma.info\/index.php\/2023\/06\/14\/venezuela-aprueba-crear-una-comision-para-investigar-las-nefastas-e-impertinentes-declaraciones-de-trump\/"},"modified":"2023-06-14T03:03:15","modified_gmt":"2023-06-14T03:03:15","slug":"venezuela-aprueba-crear-una-comision-para-investigar-las-nefastas-e-impertinentes-declaraciones-de-trump","status":"publish","type":"post","link":"http:\/\/cordobainforma.info\/index.php\/2023\/06\/14\/venezuela-aprueba-crear-una-comision-para-investigar-las-nefastas-e-impertinentes-declaraciones-de-trump\/","title":{"rendered":"Venezuela aprueba crear una comisi\u00f3n para investigar las \u00abnefastas e impertinentes\u00bb declaraciones de Trump"},"content":{"rendered":"<p><img src=\"http:\/\/cordobainforma.info\/wp-content\/uploads\/2023\/06\/venezuela-aprueba-crear-una-comision-para-investigar-las-nefastas-e-impertinentes-declaraciones-de-trump.jpg\"><\/p>\n<div><img src=\"http:\/\/cordobainforma.info\/wp-content\/uploads\/2023\/06\/venezuela-aprueba-crear-una-comision-para-investigar-las-nefastas-e-impertinentes-declaraciones-de-trump-2.jpg\" class=\"ff-og-image-inserted\"><\/div>\n<div readability=\"32\">\n<p><span>Publicado:<\/span><time class=\"Timestamp-root Timestamp-isBlackColor \" datetime=\"2023-06-14T03:03:15+00:00\"> 14 jun 2023 03:03 GMT <\/time><\/p>\n<\/div>\n<div readability=\"33\">\n<p> Con este recurso se buscar\u00e1 establecer el alcance de las acciones de Trump y su Administraci\u00f3n para colapsar el pa\u00eds. <\/p>\n<\/div>\n<div readability=\"67.145736434109\">\n<p>La Asamblea Nacional (AN) de Venezuela&nbsp;<a href=\"https:\/\/www.asambleanacional.gob.ve\/noticias\/legislativo-rechaza-categoricamente-declaraciones-de-donald-trump-sobre-venezuela\" target=\"_blank\" rel=\"noopener noreferrer\">aprob\u00f3<\/a>&nbsp;por unanimidad este martes un acuerdo en repudio a las \u00abnefastas e impertinentes declaraciones\u00bb de Donald Trump.&nbsp;Durante un discurso el pasado fin de semana, el expresidente de EE.UU. asegur\u00f3 que cuando su mandato presidencial estaba por terminar, \u00abVenezuela se encontraba a punto de colapsar\u00bb, por lo que EE.UU. podr\u00eda \u00abhaberse apoderado\u00bb de la naci\u00f3n latinoamericana y \u00abquedarse con todo su petr\u00f3leo\u00bb.<\/p>\n<p>La resoluci\u00f3n, presentada por el primer vicepresidente de la AN, Pedro Infante, exhorta al Gobierno estadounidense a que cese el hostigamiento contra el pueblo venezolano&nbsp;e incluye un compromiso para&nbsp;la conformaci\u00f3n de una&nbsp;comisi\u00f3n de investigaci\u00f3n.&nbsp; <\/p>\n<div class=\"EmbedBlock-root EmbedBlock-twitter\">\n<div class=\"TwitterEmbed\" readability=\"6.2771739130435\">\n<blockquote class=\"twitter-tweet\" data-twitter=\"twitter-tweet\" readability=\"6.695652173913\">\n<p lang=\"es\" dir=\"ltr\"><a href=\"https:\/\/twitter.com\/hashtag\/13Jun?src=hash&amp;ref_src=twsrc%5Etfw\">#13Jun<\/a> || Queda aprobado por unanimidad el Proyecto de Acuerdo en repudio a las nefastas e impertinentes declaraciones sobre Venezuela por parte del ex presidente de los EEUU, Donald Trump. <a href=\"https:\/\/t.co\/jXbIqKPkAf\">pic.twitter.com\/jXbIqKPkAf<\/a><\/p>\n<p>\u2014 Asamblea Nacional \ud83c\uddfb\ud83c\uddea (@Asamblea_Ven) <a href=\"https:\/\/twitter.com\/Asamblea_Ven\/status\/1668743229431242752?ref_src=twsrc%5Etfw\">June 13, 2023<\/a><\/p><\/blockquote>\n<\/div>\n<\/div>\n<p>Con este recurso se buscar\u00e1 establecer el alcance de las acciones de Trump y su Administraci\u00f3n,&nbsp;que ten\u00edan como objetivo el colapso del pa\u00eds, y establecer si, por sus caracter\u00edsticas, podr\u00edan ser tipificadas como cr\u00edmenes de lesa humanidad. Asimismo,&nbsp;otro de los objetivos es&nbsp;\u00abdeterminar las responsabilidades de quienes apoyaron las medidas coercitivas unilaterales en contra del pa\u00eds\u00bb, detalla el \u00f3rgano legislativo.<\/p>\n<p>Sin embargo, la responsabilidad no es solo de Trump. Los parlamentarios aseguran que su descaro obedece a una clara pol\u00edtica de Washington hacia cualquier pa\u00eds que pretenda ejercer soberan\u00eda sobre sus recursos. \u00abLo dicho por Donald Trump es una ratificaci\u00f3n de la pol\u00edtica de estado imperial de EE.UU.\u00bb, se\u00f1al\u00f3 el diputado \u00c1ngel Rodr\u00edguez.<\/p>\n<p>\u00abLa pol\u00edtica imperial intenta, siempre ha intentado, hacer de Am\u00e9rica Latina su patio trasero y robar el petr\u00f3leo venezolano\u00bb, coment\u00f3 al respecto Pedro Infante.<\/p><figcaption class=\"Video-caption\"><\/figcaption><\/div>\n","protected":false},"excerpt":{"rendered":"<p>Publicado: 14 jun 2023 03:03 GMT Con este recurso se buscar\u00e1 establecer el alcance de las acciones de Trump y su Administraci\u00f3n para colapsar el pa\u00eds. La Asamblea Nacional (AN) de Venezuela&nbsp;aprob\u00f3&nbsp;por unanimidad este martes un acuerdo en repudio a las \u00abnefastas e impertinentes declaraciones\u00bb de Donald Trump.&nbsp;Durante un discurso el pasado fin de semana, [&hellip;]<\/p>\n","protected":false},"author":1,"featured_media":77786,"comment_status":"closed","ping_status":"closed","sticky":false,"template":"","format":"standard","meta":[],"categories":[22],"tags":[],"_links":{"self":[{"href":"http:\/\/cordobainforma.info\/index.php\/wp-json\/wp\/v2\/posts\/77785"}],"collection":[{"href":"http:\/\/cordobainforma.info\/index.php\/wp-json\/wp\/v2\/posts"}],"about":[{"href":"http:\/\/cordobainforma.info\/index.php\/wp-json\/wp\/v2\/types\/post"}],"author":[{"embeddable":true,"href":"http:\/\/cordobainforma.info\/index.php\/wp-json\/wp\/v2\/users\/1"}],"replies":[{"embeddable":true,"href":"http:\/\/cordobainforma.info\/index.php\/wp-json\/wp\/v2\/comments?post=77785"}],"version-history":[{"count":0,"href":"http:\/\/cordobainforma.info\/index.php\/wp-json\/wp\/v2\/posts\/77785\/revisions"}],"wp:featuredmedia":[{"embeddable":true,"href":"http:\/\/cordobainforma.info\/index.php\/wp-json\/wp\/v2\/media\/77786"}],"wp:attachment":[{"href":"http:\/\/cordobainforma.info\/index.php\/wp-json\/wp\/v2\/media?parent=77785"}],"wp:term":[{"taxonomy":"category","embeddable":true,"href":"http:\/\/cordobainforma.info\/index.php\/wp-json\/wp\/v2\/categories?post=77785"},{"taxonomy":"post_tag","embeddable":true,"href":"http:\/\/cordobainforma.info\/index.php\/wp-json\/wp\/v2\/tags?post=77785"}],"curies":[{"name":"wp","href":"https:\/\/api.w.org\/{rel}","templated":true}]}}