{"id":77734,"date":"2023-06-14T02:10:34","date_gmt":"2023-06-14T02:10:34","guid":{"rendered":"https:\/\/www.clarin.com\/deportes\/rodri-paul-meses-qatar-2022-tini-motor-ritual-mananero-messi-emotivo-recuerdo-abuelo_0_lgONL8BsL2.html"},"modified":"2023-06-14T02:10:34","modified_gmt":"2023-06-14T02:10:34","slug":"rodri-de-paul-a-seis-meses-de-qatar-2022-tini-como-motor-el-ritual-mananero-con-messi-y-el-emotivo-recuerdo-de-su-abuelo","status":"publish","type":"post","link":"http:\/\/cordobainforma.info\/index.php\/2023\/06\/14\/rodri-de-paul-a-seis-meses-de-qatar-2022-tini-como-motor-el-ritual-mananero-con-messi-y-el-emotivo-recuerdo-de-su-abuelo\/","title":{"rendered":"Rodri De Paul, a seis meses de Qatar 2022: Tini como motor, el ritual ma\u00f1anero con Messi y el emotivo recuerdo de su abuelo"},"content":{"rendered":"<p><img src=\"http:\/\/cordobainforma.info\/wp-content\/uploads\/2023\/06\/rodri-de-paul-a-seis-meses-de-qatar-2022-tini-como-motor-el-ritual-mananero-con-messi-y-el-emotivo-recuerdo-de-su-abuelo.jpg\"><\/p>\n<p>La frase de <strong>Rodrigo De Paul<\/strong> aplica para cualquier futbolero promedio en la Rep\u00fablica Argentina. <strong>\u00abNo hay un d\u00eda que no me acuerde del Mundial\u00bb<\/strong>, confes\u00f3 el &#8216;Motorcito&#8217;, primer entrevistado de la serie que la <strong>TV P\u00fablica <\/strong>estren\u00f3 este martes y a la que, incluso, titul\u00f3 como <strong>\u00abLlave a la Eternidad\u00bb<\/strong>. <strong>Su novia Tini Stoessel como motor durante los malos momentos de Qatar 2022, el ritual ma\u00f1anero con el capit\u00e1n Lionel Messi y el emotivo recuerdo de su abuelo <\/strong>fueron los principales t\u00f3picos que abord\u00f3 a d\u00edas que se cumplan seis meses de la conquista de la tercera estrella.<\/p>\n<p><strong>\u00abFue m\u00e1s de lo que esperaba, lo so\u00f1\u00e9 un mont\u00f3n, siento que no voy a volver a vivir ese conjunto de emociones tan extrema, desde alegr\u00eda, miedo, nerviosismo, ansiedad&#8230; Vi\u00e9ndolo desde ac\u00e1 fue todo incre\u00edble, pero tambi\u00e9n hubo momentos bastantes duros\u00bb<\/strong>, devolvi\u00f3 el surgido en Racing en su primera respuesta.<\/p>\n<p>De Paul confes\u00f3 que en los momentos de mayor necesidad emocional opt\u00f3 por elegir una persona motor: su novia <strong>Tini Stoessel<\/strong>. <strong>\u00abIntent\u00e9 elegir una persona, sab\u00eda que mis amigos, mi familia estaban, pero tener varias opiniones a veces te desordena la cabeza. As\u00ed que la eleg\u00ed a ella y me sacaba de esos momentos, me hac\u00eda despegarme un ratito de todo eso que iba sintiendo. No hay una clave, ten\u00e9s que convivir con los nervios y con esos sentimientos en una semifinal o en una final o despu\u00e9s de Arabia Saudita\u00bb<\/strong>, confi\u00f3,&nbsp;mientras luc\u00eda en el cuello una cadenita de plata con la imagen en miniatura de la Copa del Mundo, que justamente le regal\u00f3 su actual pareja.<\/p>\n<p><strong>\u00abHubo muchas noches que me fui llorando a la habitaci\u00f3n. No de angustia, muchas veces de felicidad, pero de sentir que necesit\u00e1s descargarte, otros lo hacen jugando, o no lloran, a m\u00ed me sal\u00eda eso\u00bb<\/strong>, complet\u00f3.<\/p>\n<p>Dentro de esas situaciones complicadas, al ladero de Messi dentro y fuera de la cancha le toc\u00f3 lidiar con tres puntuales: la presunta prohibici\u00f3n para entrar a Qatar por estar en medio de un juicio por separaci\u00f3n de su ex mujer, esa derrota m\u00e1s que dolorosa en el debut frente a Arabia Saudita y la lesi\u00f3n en la v\u00edspera de los cuartos de final ante Pa\u00edses Bajos.<\/p>\n<p><strong>\u00abAntes del Mundial en muchas oportunidades no la pas\u00e9 bien, iban como intentando instalar cosas, dec\u00edan que yo no iba a poder jugar en Qatar. Dec\u00edan que ten\u00eda la cabeza en otro lado, un lugar feo&#8230; Todo mi entorno te puede decir que los \u00faltimos dos meses antes de Qatar no sal\u00ed de mi casa, me iba a entrenar a las 2:00 de la ma\u00f1ana&#8230; el f\u00fatbol es injusto porque la \u00fanica manera de demostrarlo es adentro de la cancha y si no sale, nadie le va a sacar de la cabeza lo que piensan los dem\u00e1s\u00bb<\/strong>, explic\u00f3.<\/p>\n<p><strong>\u00abEl golpe de Arabia no lo puedo explicar. La imagen que tengo en la cabeza es la cena despu\u00e9s del partido. Se escuchaban los ruidos de los cubiertos cortando en el plato, un silencio tremendo, no volaba una mosca. Los muchachos que nos ayudaban de Qatar a servir se ve que alguien les dijo que se vayan, porque no hab\u00eda nadie. Pero el equipo reaccion\u00f3 muy bien a todo ese tipo de situaciones, que no est\u00e1bamos tan acostumbrados, porque solo hab\u00edamos perdido tres partidos. Sab\u00edamos que pod\u00eda pasar, que alg\u00fan d\u00eda iba a venir el golpe, se ve que est\u00e1bamos a la defensiva. Lo gestionamos bien el duelo de uno o dos d\u00edas\u00bb<\/strong>, indic\u00f3.<\/p>\n<p>Y, por \u00faltimo, apareci\u00f3 la lesi\u00f3n muscular que lo dej\u00f3 en jaque justo en la previa de los cuartos de final: <strong>\u00abEl kinesi\u00f3logo me dice que a la ma\u00f1ana \u00edbamos a hacer bicicleta y cinta, porque faltaban dos d\u00edas y no pod\u00edamos esperar que bajara la sangre para ver la lesi\u00f3n. Camin\u00e9 en la cinta y no sent\u00eda nada, entonces le dije que estaba bien y me fui contento. Despu\u00e9s fuimos a la cancha para probar, me acompa\u00f1\u00f3 Messi, se qued\u00f3 sentado en la pelota. El profe me vio hacer las primeras pasadas y con la cara sab\u00eda que dec\u00eda que no estaba normal. Entonces las \u00faltimas tres corr\u00ed como si no pasara nada, cerr\u00e9 los ojos y mi miedo era si me quedaba afuera. En la cancha hicimos la entrada en calor, hasta que pateamos y vi las estrellas. Alguien me vio ah\u00ed, le dijo a Leo (Scaloni) y en el vestuario primero me apret\u00e9 muy fuerte la pierna y escuch\u00e9 que le dijo a Paredes y Palacios que apenas empezaba vayan a calentar. Cuando empez\u00f3 el partido sent\u00eda el dolor, pero yo sab\u00eda que adentro de la cancha los iba a contagiar. Sali\u00f3 bien\u00bb<\/strong>.<\/p>\n<div class=\"sp__Normal embed-box embed-body-photo\" data-index=\"1\">\n<picture class=\"pointer\">\n<img class=\"img-expand\" width=\"100\" height=\"100\" loading=\"lazy\" src=\"http:\/\/cordobainforma.info\/wp-content\/uploads\/2023\/06\/rodri-de-paul-a-seis-meses-de-qatar-2022-tini-como-motor-el-ritual-mananero-con-messi-y-el-emotivo-recuerdo-de-su-abuelo-2.jpg\" alt=\"Foto: Fernando de la Orden \/ Clar\u00edn\"><br \/>\n<span class=\"bt-expand\"><br \/>\n<svg class=\"ico white_mod\">\n<use class=\"use-expand\" xlink:href=\"#icon-expand\" \/>\n<\/svg><br \/>\n<\/span>\n<\/picture><figcaption>Foto: Fernando de la Orden \/ Clar\u00edn <\/figcaption><\/div>\n<h2><strong>El ritual con Messi y Papu G\u00f3mez<\/strong><\/h2>\n<p><strong>\u00abEl Enano (como apoda a Messi) lo re disfrut\u00f3 el Mundial. Nos tom\u00e1bamos las ma\u00f1anas, hab\u00eda un lugar que ten\u00eda pasto, los d\u00edas eran lindos, nos descalz\u00e1bamos y apoy\u00e1bamos los pies ah\u00ed porque pensamos que hab\u00eda buena energ\u00eda ah\u00ed. Pon\u00edamos m\u00fasica, era una ronda de mates, charlar un rato nosotros dos y el Papu, y despu\u00e9s ya volv\u00edamos a la habitaci\u00f3n\u00bb<\/strong>, record\u00f3.<\/p>\n<div class=\"sp__Normal embed-box embed-body-photo\" data-index=\"2\">\n<picture class=\"pointer\">\n<img class=\"img-expand\" width=\"100\" height=\"100\" loading=\"lazy\" src=\"http:\/\/cordobainforma.info\/wp-content\/uploads\/2023\/06\/rodri-de-paul-a-seis-meses-de-qatar-2022-tini-como-motor-el-ritual-mananero-con-messi-y-el-emotivo-recuerdo-de-su-abuelo-3.jpg\" alt=\"Foto: Fernando de la Orden \/ Enviado Especial - Clar\u00edn\"><br \/>\n<span class=\"bt-expand\"><br \/>\n<svg class=\"ico white_mod\">\n<use class=\"use-expand\" xlink:href=\"#icon-expand\" \/>\n<\/svg><br \/>\n<\/span>\n<\/picture><figcaption>Foto: Fernando de la Orden \/ Enviado Especial &#8211; Clar\u00edn <\/figcaption><\/div>\n<p>Por eso, De Paul explic\u00f3 que si bien no sabe <strong>\u00abcu\u00e1nto\u00bb <\/strong>disfrut\u00f3 el Mundial, pero s\u00ed que lo <strong>\u00abvivi\u00f3\u00bb<\/strong>. <strong>\u00abEra todos los d\u00edas mirar todos los partidos, analizar los otros grupos, a ver los cruces de octavos, todo eso estuvo bueno\u00bb<\/strong>, agreg\u00f3.<\/p>\n<p>El cierre fue a pura emoci\u00f3n, porque record\u00f3 a su abuelo Osvaldo, quien falleci\u00f3 mucho tiempo antes de que se convirtiera en un futbolista consagrado. <strong>\u00abEra hincha de Independiente, pens\u00e9 en \u00e9l. Es la vida, siento que en alg\u00fan lugar me vio, o sinti\u00f3 una conexi\u00f3n de cari\u00f1o porque lo pens\u00e9 mucho. Estaba mi vieja, mi t\u00eda, mi abuela que no pudo viajar, pero me mandaban videos de ella. \u00c9l como que le daba mucho orgullo que yo juegue al f\u00fatbol. Ya haberme visto jugar en Primera hubiese sido un mont\u00f3n. \u00c9l tiene dos hijas mujeres y estaba preocupado por la econom\u00eda, \u00e9ramos de clase media baja, entonces trabajaba para que no le falte nada. Entonces creo que estar\u00eda contento desde ese lado, que todos est\u00e9n bien\u00bb<\/strong>, concluy\u00f3.<\/p>\n<p> <span class=\"title-related\">Mir\u00e1 tambi\u00e9n<\/span> <\/p>\n","protected":false},"excerpt":{"rendered":"<p>La frase de Rodrigo De Paul aplica para cualquier futbolero promedio en la Rep\u00fablica Argentina. \u00abNo hay un d\u00eda que no me acuerde del Mundial\u00bb, confes\u00f3 el &#8216;Motorcito&#8217;, primer entrevistado de la serie que la TV P\u00fablica estren\u00f3 este martes y a la que, incluso, titul\u00f3 como \u00abLlave a la Eternidad\u00bb. Su novia Tini Stoessel [&hellip;]<\/p>\n","protected":false},"author":1,"featured_media":77735,"comment_status":"closed","ping_status":"closed","sticky":false,"template":"","format":"standard","meta":[],"categories":[20],"tags":[],"_links":{"self":[{"href":"http:\/\/cordobainforma.info\/index.php\/wp-json\/wp\/v2\/posts\/77734"}],"collection":[{"href":"http:\/\/cordobainforma.info\/index.php\/wp-json\/wp\/v2\/posts"}],"about":[{"href":"http:\/\/cordobainforma.info\/index.php\/wp-json\/wp\/v2\/types\/post"}],"author":[{"embeddable":true,"href":"http:\/\/cordobainforma.info\/index.php\/wp-json\/wp\/v2\/users\/1"}],"replies":[{"embeddable":true,"href":"http:\/\/cordobainforma.info\/index.php\/wp-json\/wp\/v2\/comments?post=77734"}],"version-history":[{"count":0,"href":"http:\/\/cordobainforma.info\/index.php\/wp-json\/wp\/v2\/posts\/77734\/revisions"}],"wp:featuredmedia":[{"embeddable":true,"href":"http:\/\/cordobainforma.info\/index.php\/wp-json\/wp\/v2\/media\/77735"}],"wp:attachment":[{"href":"http:\/\/cordobainforma.info\/index.php\/wp-json\/wp\/v2\/media?parent=77734"}],"wp:term":[{"taxonomy":"category","embeddable":true,"href":"http:\/\/cordobainforma.info\/index.php\/wp-json\/wp\/v2\/categories?post=77734"},{"taxonomy":"post_tag","embeddable":true,"href":"http:\/\/cordobainforma.info\/index.php\/wp-json\/wp\/v2\/tags?post=77734"}],"curies":[{"name":"wp","href":"https:\/\/api.w.org\/{rel}","templated":true}]}}