{"id":77732,"date":"2023-06-13T04:36:00","date_gmt":"2023-06-13T04:36:00","guid":{"rendered":"http:\/\/cordobainforma.info\/index.php\/2023\/06\/13\/gerardo-morales-le-dijo-que-esta-alterada-a-patricia-bullrich-y-ella-lo-cruzo\/"},"modified":"2023-06-13T04:36:00","modified_gmt":"2023-06-13T04:36:00","slug":"gerardo-morales-le-dijo-que-esta-alterada-a-patricia-bullrich-y-ella-lo-cruzo","status":"publish","type":"post","link":"http:\/\/cordobainforma.info\/index.php\/2023\/06\/13\/gerardo-morales-le-dijo-que-esta-alterada-a-patricia-bullrich-y-ella-lo-cruzo\/","title":{"rendered":"Gerardo Morales le dijo que est\u00e1 \u00abalterada\u00bb a Patricia Bullrich y ella lo cruz\u00f3"},"content":{"rendered":"<div class=\"media_block\"><\/div>\n<div><img src=\"http:\/\/cordobainforma.info\/wp-content\/uploads\/2023\/06\/gerardo-morales-le-dijo-que-esta-alterada-a-patricia-bullrich-y-ella-lo-cruzo.jpg\" class=\"ff-og-image-inserted\"><\/div>\n<p>La interna en Juntos por el Cambio no para de escalar. Ahora el gobernador de Jujuy, <a target=\"_blank\" href=\"https:\/\/www.perfil.com\/noticias\/cordoba\/morales-aseguro-que-la-postura-de-macri-es-para-beneficiar-a-patricia-bullrich-en-la-interna.phtml\" rel=\"noopener noreferrer\"><strong>Gerardo Morales<\/strong><\/a>, le pidi\u00f3 a la presidenta del PRO, <a target=\"_blank\" href=\"https:\/\/www.perfil.com\/noticias\/politica\/bullrich-contra-larreta-y-morales-por-la-incorporacion-de-schiaretti-quienes-son-para-decir-quien-entra-y-quien-no.phtml\" rel=\"noopener noreferrer\"><strong>Patricia Bullrich<\/strong><\/a>, que \u00abbaje un cambio\u00bb y afirm\u00f3 que la ve\u00eda \u00ab<strong>alterada<\/strong>\u00ab.&nbsp;\u201cLo \u00faltimo que voy a hacer es bajar un cambio\u201d, respondi\u00f3 la precandidata presidencial.<\/p>\n<p>Mientras se aproximan fechas decisivas en el calendario electoral con la mira en Casa Rosada, la interna en la oposici\u00f3n no parece ceder tras el momento de quiebre por el intento de sumar al&nbsp;gobernador de C\u00f3rdoba,&nbsp;<a target=\"_blank\" href=\"https:\/\/noticias.perfil.com\/noticias\/politica\/juan-schiaretti-el-peronista-de-la-discordia.phtml\" rel=\"noopener noreferrer\"><strong>Juan Schiaretti<\/strong><\/a>, a Juntos por el Cambio.<\/p>\n<p>En el marco de la&nbsp;Convenci\u00f3n Nacional de la Uni\u00f3n C\u00edvica Radical, Gerardo Morales le dej\u00f3 un mensaje a Bullrich: \u00ab<strong>Si <a target=\"_blank\" href=\"https:\/\/www.perfil.com\/noticias\/politica\/morales-alerto-jxc-esta-picada-tildo-bullrich-soberbia.phtml\" rel=\"noopener noreferrer\">Patricia baja un cambio<\/a> y deja de desacreditar creo que va a andar en andariveles normales.<\/strong>&nbsp;Creo que lo que se tiene que dar es un debate de ideas, pero&nbsp;si sigue alterada como est\u00e1, se va alterar la campa\u00f1a\u00bb.<\/p>\n<p>La respuesta de la exministra de Seguridad no tard\u00f3 en llegar. \u00ab<strong>Gerardo, lo \u00faltimo que voy a hacer es \u2018bajar un cambio<\/strong>\u2019.&nbsp;Ir a fondo es lo que nos define como espacio y lo que la sociedad nos demanda.&nbsp;O somos un cambio profundo de la mano de la gente o seguimos con los arreglos entre pol\u00edticos y no somos nada\u00bb, expres\u00f3 desde su cuenta de Twitter.<\/p>\n<p class=\"destacadoNota\"><a target=\"_blank\" href=\"https:\/\/www.perfil.com\/noticias\/modo-fontevecchia\/gerardo-morales-patricia-bullrich-me-hace-lo-mismo-que-milagro-sala-modof.phtml\" rel=\"noopener noreferrer\">Gerardo Morales: \u00abPatricia Bullrich me hace lo mismo que Milagro Sala\u00bb<\/a><\/p>\n<h2><strong>La interna en Juntos por el Cambio<\/strong><\/h2>\n<p>Este nuevo cruce marca una interna que est\u00e1 al rojo vivo. Es que la intenci\u00f3n de la UCR y de Horacio Rodr\u00edguez Larreta de ampliar Juntos por el Cambio es rechazada de plano por Bullrich y Mauricio Macri, principalmente.<\/p>\n<p>La incorporaci\u00f3n de Jos\u00e9 Luis Espert a JxC, que finalmente se concret\u00f3, ya hab\u00eda generado rispideces. Pero lo que termin\u00f3 de estallar el conflicto fue la iniciativa de sumar al gobernador de C\u00f3rdoba.<\/p>\n<p><em>ED<\/em><\/p>\n<div class=\"article__tags\">\n<p>En esta Nota<\/p>\n<\/p><\/div>\n","protected":false},"excerpt":{"rendered":"<p>La interna en Juntos por el Cambio no para de escalar. Ahora el gobernador de Jujuy, Gerardo Morales, le pidi\u00f3 a la presidenta del PRO, Patricia Bullrich, que \u00abbaje un cambio\u00bb y afirm\u00f3 que la ve\u00eda \u00abalterada\u00ab.&nbsp;\u201cLo \u00faltimo que voy a hacer es bajar un cambio\u201d, respondi\u00f3 la precandidata presidencial. Mientras se aproximan fechas decisivas [&hellip;]<\/p>\n","protected":false},"author":1,"featured_media":77733,"comment_status":"closed","ping_status":"closed","sticky":false,"template":"","format":"standard","meta":[],"categories":[2],"tags":[],"_links":{"self":[{"href":"http:\/\/cordobainforma.info\/index.php\/wp-json\/wp\/v2\/posts\/77732"}],"collection":[{"href":"http:\/\/cordobainforma.info\/index.php\/wp-json\/wp\/v2\/posts"}],"about":[{"href":"http:\/\/cordobainforma.info\/index.php\/wp-json\/wp\/v2\/types\/post"}],"author":[{"embeddable":true,"href":"http:\/\/cordobainforma.info\/index.php\/wp-json\/wp\/v2\/users\/1"}],"replies":[{"embeddable":true,"href":"http:\/\/cordobainforma.info\/index.php\/wp-json\/wp\/v2\/comments?post=77732"}],"version-history":[{"count":0,"href":"http:\/\/cordobainforma.info\/index.php\/wp-json\/wp\/v2\/posts\/77732\/revisions"}],"wp:featuredmedia":[{"embeddable":true,"href":"http:\/\/cordobainforma.info\/index.php\/wp-json\/wp\/v2\/media\/77733"}],"wp:attachment":[{"href":"http:\/\/cordobainforma.info\/index.php\/wp-json\/wp\/v2\/media?parent=77732"}],"wp:term":[{"taxonomy":"category","embeddable":true,"href":"http:\/\/cordobainforma.info\/index.php\/wp-json\/wp\/v2\/categories?post=77732"},{"taxonomy":"post_tag","embeddable":true,"href":"http:\/\/cordobainforma.info\/index.php\/wp-json\/wp\/v2\/tags?post=77732"}],"curies":[{"name":"wp","href":"https:\/\/api.w.org\/{rel}","templated":true}]}}