{"id":77720,"date":"2023-06-13T03:05:00","date_gmt":"2023-06-13T03:05:00","guid":{"rendered":"http:\/\/cordobainforma.info\/index.php\/2023\/06\/13\/anuncian-un-plan-de-incentivos-para-la-produccion-automotriz-hoy-dia-cordoba\/"},"modified":"2023-06-13T03:05:00","modified_gmt":"2023-06-13T03:05:00","slug":"anuncian-un-plan-de-incentivos-para-la-produccion-automotriz-hoy-dia-cordoba","status":"publish","type":"post","link":"http:\/\/cordobainforma.info\/index.php\/2023\/06\/13\/anuncian-un-plan-de-incentivos-para-la-produccion-automotriz-hoy-dia-cordoba\/","title":{"rendered":"Anuncian un plan de incentivos para la producci\u00f3n automotriz &#8211; Hoy D\u00eda <b>C\u00f3rdoba<\/b>"},"content":{"rendered":"<p>El ministro de <b>Econom\u00eda<\/b>, Sergio Massa, present\u00f3 ayer el <b>Nuevo<\/b> R\u00e9gimen de Impulso a la Producci\u00f3n de Veh\u00edculos para la Regi\u00f3n, que ofrecer\u00e1&nbsp;&#8230; <\/p>\n","protected":false},"excerpt":{"rendered":"<p>El ministro de Econom\u00eda, Sergio Massa, present\u00f3 ayer el Nuevo R\u00e9gimen de Impulso a la Producci\u00f3n de Veh\u00edculos para la Regi\u00f3n, que ofrecer\u00e1&nbsp;&#8230;<\/p>\n","protected":false},"author":1,"featured_media":0,"comment_status":"closed","ping_status":"closed","sticky":false,"template":"","format":"standard","meta":[],"categories":[23],"tags":[],"_links":{"self":[{"href":"http:\/\/cordobainforma.info\/index.php\/wp-json\/wp\/v2\/posts\/77720"}],"collection":[{"href":"http:\/\/cordobainforma.info\/index.php\/wp-json\/wp\/v2\/posts"}],"about":[{"href":"http:\/\/cordobainforma.info\/index.php\/wp-json\/wp\/v2\/types\/post"}],"author":[{"embeddable":true,"href":"http:\/\/cordobainforma.info\/index.php\/wp-json\/wp\/v2\/users\/1"}],"replies":[{"embeddable":true,"href":"http:\/\/cordobainforma.info\/index.php\/wp-json\/wp\/v2\/comments?post=77720"}],"version-history":[{"count":0,"href":"http:\/\/cordobainforma.info\/index.php\/wp-json\/wp\/v2\/posts\/77720\/revisions"}],"wp:attachment":[{"href":"http:\/\/cordobainforma.info\/index.php\/wp-json\/wp\/v2\/media?parent=77720"}],"wp:term":[{"taxonomy":"category","embeddable":true,"href":"http:\/\/cordobainforma.info\/index.php\/wp-json\/wp\/v2\/categories?post=77720"},{"taxonomy":"post_tag","embeddable":true,"href":"http:\/\/cordobainforma.info\/index.php\/wp-json\/wp\/v2\/tags?post=77720"}],"curies":[{"name":"wp","href":"https:\/\/api.w.org\/{rel}","templated":true}]}}