{"id":77688,"date":"2023-06-13T02:49:47","date_gmt":"2023-06-13T02:49:47","guid":{"rendered":"http:\/\/cordobainforma.info\/index.php\/2023\/06\/13\/biden-cancela-una-reunion-con-stoltenberg-por-un-dolor-de-dientes\/"},"modified":"2023-06-13T02:49:47","modified_gmt":"2023-06-13T02:49:47","slug":"biden-cancela-una-reunion-con-stoltenberg-por-un-dolor-de-dientes","status":"publish","type":"post","link":"http:\/\/cordobainforma.info\/index.php\/2023\/06\/13\/biden-cancela-una-reunion-con-stoltenberg-por-un-dolor-de-dientes\/","title":{"rendered":"Biden cancela una reuni\u00f3n con Stoltenberg por un dolor de dientes"},"content":{"rendered":"<div><img src=\"http:\/\/cordobainforma.info\/wp-content\/uploads\/2023\/06\/biden-cancela-una-reunion-con-stoltenberg-por-un-dolor-de-dientes.jpg\" class=\"ff-og-image-inserted\"><\/div>\n<div readability=\"32\">\n<p><span>Publicado:<\/span><time class=\"Timestamp-root Timestamp-isBlackColor \" datetime=\"2023-06-13T02:49:47+00:00\"> 13 jun 2023 02:49 GMT <\/time><\/p>\n<\/div>\n<div readability=\"56.09702970297\">\n<p>El presidente de EE.UU., Joe Biden, cancel\u00f3 los tres eventos p\u00fablicos que ten\u00eda previstos para este lunes, incluso una reuni\u00f3n con el secretario general de la OTAN, Jens Stoltenberg, para someterse a una endodoncia de dos d\u00edas.<\/p>\n<p>El m\u00e9dico presidencial, el Dr. Kevin O&#8217;Connor,&nbsp;<a href=\"https:\/\/www.whitehouse.gov\/wp-content\/uploads\/2023\/06\/Letter-6.12.pdf\" target=\"_blank\" rel=\"noopener noreferrer\">public\u00f3<\/a>&nbsp;este lunes un comunicado en que declar\u00f3 que despu\u00e9s de \u00abexperimentar un poco de dolor dental en su premolar inferior derecho\u00bb, el pasado domingo el presidente recibi\u00f3 la primera parte de un tratamiento de conducto. \u00ab<strong>El presidente toler\u00f3 bien el procedimiento. No hubo complicaciones<\/strong>\u00ab, se\u00f1al\u00f3 O&#8217;Connor.&nbsp;<\/p>\n<p>Un segundo procedimiento se llev\u00f3 a cabo este lunes.&nbsp;\u00abNo se le puso anestesia general. Ciertamente no se invoc\u00f3 la enmienda n\u00famero 25\u00bb [seg\u00fan la cual el vicepresidente asume la Presidencia cuando el presidente est\u00e1 temporalmente incapacitado],&nbsp;<a href=\"https:\/\/www.whitehouse.gov\/briefing-room\/press-briefings\/2023\/06\/12\/press-briefing-by-press-secretary-karine-jean-pierre-and-nsc-coordinator-for-strategic-communications-john-kirby-15\/\" target=\"_blank\" rel=\"noopener noreferrer\">coment\u00f3<\/a>&nbsp;la portavoz de la Casa Blanca, Karine Jean-Pierre, al hablar el procedimiento m\u00e9dico, y agreg\u00f3 que Biden este lunes trabajar\u00e1 desde su residencia.<\/p>\n<\/div>\n","protected":false},"excerpt":{"rendered":"<p>Publicado: 13 jun 2023 02:49 GMT El presidente de EE.UU., Joe Biden, cancel\u00f3 los tres eventos p\u00fablicos que ten\u00eda previstos para este lunes, incluso una reuni\u00f3n con el secretario general de la OTAN, Jens Stoltenberg, para someterse a una endodoncia de dos d\u00edas. El m\u00e9dico presidencial, el Dr. Kevin O&#8217;Connor,&nbsp;public\u00f3&nbsp;este lunes un comunicado en que [&hellip;]<\/p>\n","protected":false},"author":1,"featured_media":77689,"comment_status":"closed","ping_status":"closed","sticky":false,"template":"","format":"standard","meta":[],"categories":[22],"tags":[],"_links":{"self":[{"href":"http:\/\/cordobainforma.info\/index.php\/wp-json\/wp\/v2\/posts\/77688"}],"collection":[{"href":"http:\/\/cordobainforma.info\/index.php\/wp-json\/wp\/v2\/posts"}],"about":[{"href":"http:\/\/cordobainforma.info\/index.php\/wp-json\/wp\/v2\/types\/post"}],"author":[{"embeddable":true,"href":"http:\/\/cordobainforma.info\/index.php\/wp-json\/wp\/v2\/users\/1"}],"replies":[{"embeddable":true,"href":"http:\/\/cordobainforma.info\/index.php\/wp-json\/wp\/v2\/comments?post=77688"}],"version-history":[{"count":0,"href":"http:\/\/cordobainforma.info\/index.php\/wp-json\/wp\/v2\/posts\/77688\/revisions"}],"wp:featuredmedia":[{"embeddable":true,"href":"http:\/\/cordobainforma.info\/index.php\/wp-json\/wp\/v2\/media\/77689"}],"wp:attachment":[{"href":"http:\/\/cordobainforma.info\/index.php\/wp-json\/wp\/v2\/media?parent=77688"}],"wp:term":[{"taxonomy":"category","embeddable":true,"href":"http:\/\/cordobainforma.info\/index.php\/wp-json\/wp\/v2\/categories?post=77688"},{"taxonomy":"post_tag","embeddable":true,"href":"http:\/\/cordobainforma.info\/index.php\/wp-json\/wp\/v2\/tags?post=77688"}],"curies":[{"name":"wp","href":"https:\/\/api.w.org\/{rel}","templated":true}]}}