{"id":77635,"date":"2023-06-12T22:47:52","date_gmt":"2023-06-12T22:47:52","guid":{"rendered":"https:\/\/www.clarin.com\/deportes\/arde-paris-kylian-mbappe-comunico-psg-renovara-contrato-enero-puede-buscar-club_0_iCzbKHQWR9.html"},"modified":"2023-06-12T22:47:52","modified_gmt":"2023-06-12T22:47:52","slug":"arde-paris-kylian-mbappe-le-comunico-al-psg-que-no-renovara-su-contrato-y-desde-enero-puede-buscar-club","status":"publish","type":"post","link":"http:\/\/cordobainforma.info\/index.php\/2023\/06\/12\/arde-paris-kylian-mbappe-le-comunico-al-psg-que-no-renovara-su-contrato-y-desde-enero-puede-buscar-club\/","title":{"rendered":"Arde Par\u00eds: Kylian Mbapp\u00e9 le comunic\u00f3 al PSG que no renovar\u00e1 su contrato y desde enero puede buscar club"},"content":{"rendered":"<p><img src=\"http:\/\/cordobainforma.info\/wp-content\/uploads\/2023\/06\/arde-paris-kylian-mbappe-le-comunico-al-psg-que-no-renovara-su-contrato-y-desde-enero-puede-buscar-club.jpg\"><\/p>\n<div><img src=\"http:\/\/cordobainforma.info\/wp-content\/uploads\/2023\/06\/arde-paris-kylian-mbappe-le-comunico-al-psg-que-no-renovara-su-contrato-y-desde-enero-puede-buscar-club-2.jpg\" class=\"ff-og-image-inserted\"><\/div>\n<div readability=\"32\">\n<div class=\"title check-space\" data-color=\"style='background-color:'\" readability=\"9\">\n<p><h2>El atacante franc\u00e9s lo comunic\u00f3 en una carta al equipo y estallaron los rumores sobre su posible destino. \u00bfSer\u00e1 el Real Madrid?<\/h2>\n<\/p>\n<\/div><\/div>\n<div id=\"entry-body\">\n<p>Kylian Mbapp\u00e9 le comunic\u00f3 al Paris Saint-Germain que <strong>no ejecutar\u00e1 su cl\u00e1usula de renovaci\u00f3n<\/strong> de su contrato por 12 meses m\u00e1s. El acuerdo expira al final de la pr\u00f3xima campa\u00f1a.<\/p>\n<p>De acuerdo con una persona que tiene conocimiento de la correspondencia, la superestrella francesa <strong>confirm\u00f3 su decisi\u00f3n en una carta al equipo<\/strong>. La persona habl\u00f3 en condici\u00f3n de anonimato debido a que no est\u00e1 autorizada a comentar p\u00fablicamente.<\/p>\n<p>La persona tambi\u00e9n dijo que el PSG no permitir\u00e1 que el jugador se vaya como agente libre y por lo que cabe la posibilidad de que inicie una guerra de pujas por parte de otros clubes y <strong>una posible transferencia este verano<\/strong>.<\/p>\n<p>El club franc\u00e9s, que pertenece a Qatar Sports Investments, <strong>acaba de ver partir a Lionel Messi<\/strong> sin recibir nada a cambio despu\u00e9s de que el argentino sorprendi\u00f3 <a data-cke-saved-href=\"https:\/\/www.clarin.com\/deportes\/lionel-messi-futuro-oferta-inter-miami-crece-complican-chances-barcelona_0_zoDHbsIvb5.html\" target=\"_blank\" href=\"https:\/\/www.clarin.com\/deportes\/lionel-messi-futuro-oferta-inter-miami-crece-complican-chances-barcelona_0_zoDHbsIvb5.html\" rel=\"noopener noreferrer\">con su decisi\u00f3n de irse al Inter Miami de la MLS<\/a>.<\/p>\n<p>Tambi\u00e9n hay incertidumbre sobre el futuro de otra estrella del equipo, el brasile\u00f1o <strong>Neymar<\/strong>.<\/p>\n<p>Pero la posible partida de Mbapp\u00e9, de 24 a\u00f1os, <strong>ser\u00eda la mayor p\u00e9rdida para el PSG<\/strong> dado a que es considerado un \u00edcono nacional y uno de los pocos futbolistas capaces de tomar el puesto de Messi y Cristiano Ronaldo como una de las superestrellas del f\u00fatbol.<\/p>\n<p>Mbapp\u00e9 ten\u00eda hasta el 31 de julio para ejecutar la cl\u00e1usula de renovaci\u00f3n por un a\u00f1o. Ha sido parte del club desde el 2017 tras firmar proveniente del M\u00f3naco por<strong> una cifra reportada en 190 millones de d\u00f3lares<\/strong>.<\/p>\n<p>El a\u00f1o pasado el PSG <strong>rechaz\u00f3 una oferta<\/strong> de 190 millones de d\u00f3lares del Real Madrid por el delantero campe\u00f3n del Mundo y Mbapp\u00e9 termin\u00f3 firmando su actual contrato.<\/p>\n<p>Mbapp\u00e9 esperaba ayudar al equipo parisino a ganar el t\u00edtulo de la Liga de Campeones, pero el club tuvo otra decepcionante campa\u00f1a en la m\u00e1xima competencia europea.<\/p>\n<p>El joven delantero ha sido ligado al Madrid, especialmente despu\u00e9s de que Karim Benzema <a data-cke-saved-href=\"https:\/\/www.clarin.com\/deportes\/karim-benzema-idolo-arabia-saudita-multitud-recibio-delantero-frances-llega-real-madrid_0_Q1Hp1sHFCp.html\" target=\"_blank\" href=\"https:\/\/www.clarin.com\/deportes\/karim-benzema-idolo-arabia-saudita-multitud-recibio-delantero-frances-llega-real-madrid_0_Q1Hp1sHFCp.html\" rel=\"noopener noreferrer\">dej\u00f3 al gigante espa\u00f1ol por el Al-Ittihad de Arabia Saud\u00ed<\/a>.<\/p>\n<p>El Madrid acord\u00f3 firmar al<strong> mediocampista ingl\u00e9s Jude Bellingham<\/strong>. La posible adquisici\u00f3n de Mbapp\u00e9 podr\u00eda confirmar las intenciones del club despu\u00e9s de que este a\u00f1o no gan\u00f3 ni la liga dom\u00e9stica o la Liga de Campeones.<\/p>\n<p>El PSG buscaba un cambio de estrategia despu\u00e9s de que no tuvieron el \u00e9xito esperado en Europa con sus nuevas estrellas. La atenci\u00f3n estar\u00e1 en joven talento franc\u00e9s. Esperaban que Mbapp\u00e9 fuera el n\u00facleo de ese cambio y buscaban que firmara un acuerdo a largo plazo.<\/p>\n<p>Mbapp\u00e9 suma<strong> cinco t\u00edtulos de liga con el PSG<\/strong>, adem\u00e1s de la Copa Mundial 2018 con Francia.<\/p>\n<p>James Robson \/ AP<\/p>\n<p> <span class=\"title-related\">Mir\u00e1 tambi\u00e9n<\/span> <\/div>\n","protected":false},"excerpt":{"rendered":"<p>El atacante franc\u00e9s lo comunic\u00f3 en una carta al equipo y estallaron los rumores sobre su posible destino. \u00bfSer\u00e1 el Real Madrid? Kylian Mbapp\u00e9 le comunic\u00f3 al Paris Saint-Germain que no ejecutar\u00e1 su cl\u00e1usula de renovaci\u00f3n de su contrato por 12 meses m\u00e1s. El acuerdo expira al final de la pr\u00f3xima campa\u00f1a. De acuerdo con [&hellip;]<\/p>\n","protected":false},"author":1,"featured_media":77636,"comment_status":"closed","ping_status":"closed","sticky":false,"template":"","format":"standard","meta":[],"categories":[20],"tags":[],"_links":{"self":[{"href":"http:\/\/cordobainforma.info\/index.php\/wp-json\/wp\/v2\/posts\/77635"}],"collection":[{"href":"http:\/\/cordobainforma.info\/index.php\/wp-json\/wp\/v2\/posts"}],"about":[{"href":"http:\/\/cordobainforma.info\/index.php\/wp-json\/wp\/v2\/types\/post"}],"author":[{"embeddable":true,"href":"http:\/\/cordobainforma.info\/index.php\/wp-json\/wp\/v2\/users\/1"}],"replies":[{"embeddable":true,"href":"http:\/\/cordobainforma.info\/index.php\/wp-json\/wp\/v2\/comments?post=77635"}],"version-history":[{"count":0,"href":"http:\/\/cordobainforma.info\/index.php\/wp-json\/wp\/v2\/posts\/77635\/revisions"}],"wp:featuredmedia":[{"embeddable":true,"href":"http:\/\/cordobainforma.info\/index.php\/wp-json\/wp\/v2\/media\/77636"}],"wp:attachment":[{"href":"http:\/\/cordobainforma.info\/index.php\/wp-json\/wp\/v2\/media?parent=77635"}],"wp:term":[{"taxonomy":"category","embeddable":true,"href":"http:\/\/cordobainforma.info\/index.php\/wp-json\/wp\/v2\/categories?post=77635"},{"taxonomy":"post_tag","embeddable":true,"href":"http:\/\/cordobainforma.info\/index.php\/wp-json\/wp\/v2\/tags?post=77635"}],"curies":[{"name":"wp","href":"https:\/\/api.w.org\/{rel}","templated":true}]}}