{"id":77629,"date":"2023-06-12T21:39:25","date_gmt":"2023-06-12T21:39:25","guid":{"rendered":"https:\/\/somoscordobeses.com\/2023\/06\/12\/ampliacion-de-juntos-por-el-cambio-y-criticas-a-javier-milei-que-dice-el-documento-que-sacara-la-convencion-nacional-de-la-ucr\/"},"modified":"2023-06-12T21:39:25","modified_gmt":"2023-06-12T21:39:25","slug":"ampliacion-de-juntos-por-el-cambio-y-criticas-a-javier-milei-que-dice-el-documento-que-sacara-la-convencion-nacional-de-la-ucr","status":"publish","type":"post","link":"http:\/\/cordobainforma.info\/index.php\/2023\/06\/12\/ampliacion-de-juntos-por-el-cambio-y-criticas-a-javier-milei-que-dice-el-documento-que-sacara-la-convencion-nacional-de-la-ucr\/","title":{"rendered":"Ampliaci\u00f3n de Juntos por el Cambio y cr\u00edticas a Javier Milei: qu\u00e9 dice el documento que sacar\u00e1 la Convenci\u00f3n nacional de la UCR"},"content":{"rendered":"<p><a href=\"https:\/\/viraliza2.com\" rel=\"dofollow\" onmouseover=\"this.style.color='#fff';\" onmouseout=\"this.style.color='#fff';\">sabias que datos curiosos<\/a><br \/>\n<a href=\"https:\/\/elmonterizo.com\" rel=\"dofollow\" onmouseover=\"this.style.color='#fff';\" onmouseout=\"this.style.color='#fff';\">Ultimas Noticias y datos curiosos<\/a> <\/p>\n<div>\n<p> La Convenci\u00f3n Nacional de la <strong>Uni\u00f3n C\u00edvica Radical<\/strong> emitir\u00e1 esta noche un documento en el que reafirmar\u00e1 su pertenencia a Juntos por el Cambio, pero en el que tambi\u00e9n har\u00e1 menciones referidas a la <strong>posibilidad de establecer nuevas alianzas<\/strong> y que incluyen <strong>chicanas directas<\/strong> al economista libertario <strong>Javier Milei<\/strong>.<\/p>\n<p> Si bien no se trata del programa de gobierno, que consta de m\u00e1s de 700 p\u00e1ginas, y durante el debate de esta jornada en Parque Norte puede haber modificaciones, <strong>Clar\u00edn <\/strong>tuvo acceso al grueso del documento que se dar\u00e1 a conocer este a\u00f1o, en la previa de las elecciones, y a 40 a\u00f1os del triunfo de Ricardo Alfons\u00edn en los comicios que marcaron el regreso de la democracia.<\/p>\n<p> \u00abTenemos que<strong> afianzar, ampliar y mejorar nuestra coalici\u00f3n<\/strong>: para que se incorporen todos aquellos que comparten nuestros valores y nuestros objetivos generales en este momento cr\u00edtico, para que funcione mejor y m\u00e1s previsiblemente, minimizando las incertidumbres. Y para evitar ser el eco de irresponsables salidas a la crisis\u00bb, sostiene el comunicado radical, en referencia a la posibilidad de ampliar la coalici\u00f3n, en medio de los cuestionamientos que hubo desde la semana pasada, cuando se habl\u00f3 de <strong>la incorporaci\u00f3n del peronista Juan Schiaretti a Juntos por el Cambio<\/strong>.<\/p>\n<p> Tambi\u00e9n hay cr\u00edticas directas a Javier Milei, presidenciable, aun sin mencionarlo. \u00abVamos a<strong> fortalecer el valor de nuestra moneda<\/strong>. Es un acto de soberan\u00eda que va a beneficiar el progreso argentino. No avanzaremos con la eliminaci\u00f3n del Banco Central o esquemas similares que le aten las manos al pa\u00eds\u00bb, sostuvieron sobre la pol\u00edtica econ\u00f3mica.<\/p>\n<p> Y respecto a tem\u00e1ticas como cambio clim\u00e1tico o portaci\u00f3n de armas, a\u00f1adieron: \u00abTampoco contemplaremos perspectivas que nieguen el cambio clim\u00e1tico o acepten como posibilidad situaciones laxas con la tenencia de armas\u00bb.<\/p>\n<p> Adem\u00e1s, hay una referencia expl\u00edcita a la pertenencia del espacio a Juntos por el Cambio, decidida en 2014 en la Convenci\u00f3n de Gualeguaych\u00fa, que deriv\u00f3 en el posterior gobierno de Cambiemos, con Mauricio Macri como presidente. <\/p>\n<p> \u00abPara hacer posible el cambio que necesita la Argentina afirmamos, nuevamente, nuestra voluntad de constituir, desde nuestro partido y Juntos por el Cambio, una gran coalici\u00f3n que enfrente al gobierno nacional, que traiga un gran triunfo electoral y que permita superar la actual etapa de decadencia pol\u00edtica, econ\u00f3mica y social. Esta coalici\u00f3n se tiene que construir a partir de acuerdos program\u00e1ticos y valores comunes. Y debe fortalecer y proyectar a la Uni\u00f3n C\u00edvica Radical y a sus mujeres y hombres en todo el pa\u00eds\u00bb, redactaron.<\/p>\n<p> Tambi\u00e9n hubo menciones al compromiso del partido en encontrar soluciones a la econom\u00eda. En ese sentido, hubo un punteo espec\u00edfico, en el que sobresali\u00f3 a) establecer orden de la econom\u00eda, en las cuentas p\u00fablicas y en la vida cotidiana de las personas, b) estabilizar la econom\u00eda. Bajar la inflaci\u00f3n en el menor plazo posible, c) cuidado del ingreso y el trabajo de los argentinos, d) salir del cepo en el menor plazo posible, tomando algunas medidas en lo inmediato, y en el menor plazo posible lograr la unificaci\u00f3n del tipo de cambio y e) avanzar hacia un modelo econ\u00f3mico exportador. <\/p>\n<h2>El documento completo de la UCR<\/h2>\n<p> <strong>Declaraci\u00f3n de la Honorable Convenci\u00f3n Nacional de la Uni\u00f3n C\u00edvica Radical<\/strong><\/p>\n<p> <em>Del dolor a la esperanza Se agota un ciclo de fracaso y frustraci\u00f3n en la Argentina. La Convenci\u00f3n Nacional del radicalismo se re\u00fane para debatir entre sus miembros y proponerle al pa\u00eds un camino y un programa que haga viable el cambio que la sociedad reclama.<\/em><\/p>\n<p> <em>Lo hacemos a las puertas de una elecci\u00f3n trascendental que tiene que marcar un cambio de rumbo para que Argentina salga de la decadencia e ingrese en un sendero de progreso y esperanza.<\/em><\/p>\n<p> <em>Este a\u00f1o Argentina enfrenta desaf\u00edos cuya importancia y complejidad son innegables. El conjunto de la ciudadan\u00eda advierte que las cosas est\u00e1n mal y van peor. La inflaci\u00f3n sin control, el aumento de la pobreza y el estancamiento econ\u00f3mico son s\u00edntomas de decadencia y de un modelo econ\u00f3mico y pol\u00edtico agotado.<\/em><\/p>\n<p> <em>El 10 de diciembre la democracia argentina cumplir\u00e1 40 a\u00f1os, tambi\u00e9n al finalizar el actual gobierno se cumplir\u00e1n m\u00e1s de 20 a\u00f1os de ciclo kirchnerista, 16 en el gobierno y 4 como opositores al \u00fanico gobierno de alternancia que hubo en las \u00faltimas dos d\u00e9cadas.<\/em><\/p>\n<p> <em>Hoy cerca del 40% de los argentinos son pobres. Dos de cada tres ni\u00f1os, ni\u00f1as y adolescentes habitan en hogares pobres. La inflaci\u00f3n del 8,4% del \u00faltimo mes es un s\u00edntoma que, acompa\u00f1ado de pol\u00edticas que dificultan la producci\u00f3n y el trabajo, proyectan m\u00e1s recesi\u00f3n, m\u00e1s ca\u00edda del salario, m\u00e1s dificultades para trabajar. M\u00e1s decadencia.<\/em><\/p>\n<p> <em>No se debe consentir que el relato le permita al presidente y vicepresidenta desviar responsabilidades. Son arquitectos centrales y beneficiarios directos de este modelo que est\u00e1 implosionando y que trajo los desastres que estamos viviendo.<\/em><\/p>\n<p> <em>Algunos creen que la crisis empieza por un banco central sin reservas o los \u00edndices de inflaci\u00f3n totalmente descontrolados, la falta de divisas para sostener el crecimiento o el enfriamiento en la econom\u00eda. Estos son s\u00edntomas del modelo populista que encontr\u00f3 sus limites al agotarse todas las fuentes de financiamiento, pero m\u00e1s importante que eso es el reflejo de un modelo pol\u00edtico-social que colaps\u00f3.<\/em><\/p>\n<p> <em>La frase \u201cvamos por todo\u201d enarbolada por sus m\u00e1ximos l\u00edderes lo expres\u00f3 con claridad. Intentaron construir un poder hegem\u00f3nico para borrar la alternancia en el gobierno, eliminar la independencia de la justicia y amordazar a la prensa.<\/em><\/p>\n<p> <em>Esta situaci\u00f3n no va m\u00e1s. Nuestro partido, nuestra coalici\u00f3n y la decisi\u00f3n pol\u00edtica del pueblo argentino le van a poner un freno a esta decadencia.<\/em><\/p>\n<p> <em>Nuestro pa\u00eds tiene que evitar tanto la repetici\u00f3n de las pol\u00edticas y los protagonistas que nos llevaron a esta devastaci\u00f3n, como as\u00ed tambi\u00e9n las tentaciones exc\u00e9ntricas, temerarias y enga\u00f1osas que implican saltos al vac\u00edo en t\u00e9rminos pol\u00edticos y democr\u00e1ticos, y consecuencias sociales y econ\u00f3micas desastrosas. Ambos caminos comparten el rasgo principal del populismo: frente a problemas complejos se prometen soluciones f\u00e1ciles y fraudulentas. Esas falsas soluciones empeoran la vida de todos.<\/em><\/p>\n<p> <em>Para sacar a la Argentina de la desolaci\u00f3n y ponerla en el camino de la esperanza tenemos varias tareas por delante.<\/em><\/p>\n<p> <em>Tenemos que robustecer nuestro partido: con un esp\u00edritu de apertura a todos los argentinos que comparten nuestro ideario, con un funcionamiento institucional din\u00e1mico y sin caer en faccionalismos, con la proyecci\u00f3n de sus mujeres y sus hombres en cada rinc\u00f3n del pa\u00eds para ser servidores p\u00fablicos, y teniendo opiniones y soluciones sobre todos los retos que debe afrontar Argentina. Como partido pol\u00edtico nacional, con historia y con un funcionamiento vigoroso, fortalecer el radicalismo es consolidar la democracia.<\/em><\/p>\n<p> <em>Tenemos que afianzar, ampliar y mejorar nuestra coalici\u00f3n: para que se incorporen todos aquellos que comparten nuestros valores y nuestros objetivos generales en este momento cr\u00edtico, para que funcione mejor y m\u00e1s previsiblemente, minimizando las incertidumbres. Y para evitar ser el eco de irresponsables salidas a la crisis.<\/em><\/p>\n<p> <em>Una parte esencial de esa tarea es ofrecerle al pa\u00eds el mejor programa de gobierno, para mostrar soluciones y equipos, y para que los argentinos se entusiasmen y comprometan con los enormes desaf\u00edos que todos tenemos por delante. En esta Convenci\u00f3n proponemos al pa\u00eds nuestros lineamientos para un programa de gobierno, y las intenciones de gobierno que se anexan a este documento.<\/em><\/p>\n<p> <em>Con esto contribuimos desde la Uni\u00f3n C\u00edvica Radical.<\/em><\/p>\n<p> <em>Argentina puede estar mucho mejor en un tiempo relativamente corto.<\/em><\/p>\n<p> <em>Los radicales nos comprometemos a estabilizar la econom\u00eda, bajar la inflaci\u00f3n y desarrollar pol\u00edticas para que haya crecimiento y desarrollo. A cuidar el salario de los argentinos. A que todos puedan desplegar sus talentos y la fuerza creativa de su trabajo. A defender y remover los obst\u00e1culos para que todos puedan trabajar libremente sin mayores restricciones y que ganen un salario adecuado. A que se pueda exportar e invertir. A que se multipliquen las empresas. A mejorar su productividad. A proteger a quienes necesitan ser protegidos, a garantizar que todos puedan acceder, al menos, a lo m\u00ednimo necesario para vivir, sin importar en qu\u00e9 familia o regi\u00f3n o condiciones nacieron. Impulsaremos un Estado eficiente, eficaz y presente cuando y donde m\u00e1s se lo necesita, que impulse y facilite el desarrollo humano a partir de oportunidades de progreso y la mejora del nivel de vida de los argentinos.<\/em><\/p>\n<p> <em>A cuidar la seguridad y a avanzar muy fuertemente en la lucha contra el crimen organizado y el narcotr\u00e1fico.<\/em><\/p>\n<p> Vamos a fortalecer el valor de nuestra moneda. Es un acto de soberan\u00eda que va a beneficiar el progreso argentino.<\/p>\n<p> <em>No avanzaremos con la eliminaci\u00f3n del Banco Central o esquemas similares que le aten las manos al pa\u00eds.<\/em><\/p>\n<p> <em>Tampoco contemplaremos perspectivas que nieguen el cambio clim\u00e1tico o acepten como posibilidad situaciones laxas con la tenencia de armas.<\/em><\/p>\n<p> <em>La \u00e9poca nueva que se nos presenta ante nuestros ojos debe construirse a partir de la soluci\u00f3n de problemas inmediatos, pero tambi\u00e9n hay que edificar el nuevo camino de desarrollo sostenido y mejoras en todos los frentes. Las reformas a encarar son m\u00faltiples y desafiantes.<\/em><\/p>\n<p> <em>La Argentina que se viene debe cambiar la pelea por el dialogo, el enfrentamiento por el consenso y la divisi\u00f3n por el compromiso con las soluciones que necesitan nuestro pa\u00eds y nuestros compatriotas. A partir de una visi\u00f3n y determinaci\u00f3n de progreso que contribuya al avance de todos Para hacer posible el cambio que necesita la Argentina afirmamos, nuevamente, nuestra voluntad de constituir, desde nuestro partido y Juntos por el Cambio, una gran coalici\u00f3n que enfrente al gobierno nacional, que traiga un gran triunfo electoral y que permita superar la actual etapa de decadencia pol\u00edtica, econ\u00f3mica y social. Esta coalici\u00f3n se tiene que construir a partir de acuerdos program\u00e1ticos y valores comunes. Y debe fortalecer y proyectar a la Uni\u00f3n C\u00edvica Radical y a sus mujeres y hombres en todo el pa\u00eds.<\/em><\/p>\n<p> <em>Esta es la Convenci\u00f3n de los 40 a\u00f1os de democracia. Lucharon por la libertad y nos honra pertenecer al partido y continuar la tarea de los pr\u00f3ceres que trajeron el voto popular, enfrentaron golpes de Estado, sufrieron persecuci\u00f3n, c\u00e1rcel, tortura y muerte. igualdad afirmando la necesidad de cuidar la vida y la paz cuando la moda era la violencia pol\u00edtica y matar al adversario era, para los violentos, aceptable. Recuperaron la democracia, impusieron el Estado de derecho, promovieron el juicio a las juntas, aseguraron la libertad m\u00e1s plena.<\/em><\/p>\n<p> <em>Nuestros deberes actuales son m\u00e1s sencillos, pero no menos trascendentes. Hoy los argentinos, y sobre todo los j\u00f3venes, se sienten amenazados por la sensaci\u00f3n de que el futuro va a ser peor que el presente. Nosotros estamos honrando nuestras misi\u00f3n de construir una esperanza.<\/em><\/p>\n<p> <em>Invitamos a todos los argentinos a crear la nueva \u00e9poca de nuestro pa\u00eds y hacer realidad, a base de trabajo, creatividad y determinaci\u00f3n, que la Argentina es una naci\u00f3n de futuro, con mujeres y hombres libres e iguales, en la que todos tenemos iguales posibilidades de progreso y el esfuerzo trae siempre la recompensa de una vida mejor.<\/em><\/p>\n<h2>Anexo<\/h2>\n<p> <em>El radicalismo reafirma su convicci\u00f3n sobre los lineamientos de gobierno que se aprueban en esta Convenci\u00f3n, y las siguientes intenciones orientativas de gobierno.<\/em><\/p>\n<p> <em>Remarcamos la necesidad de: Establecer orden de la econom\u00eda, en las cuentas p\u00fablicas y en la vida cotidiana de las personas.<\/em><\/p>\n<p> <em>Estabilizar la econom\u00eda. Bajar la inflaci\u00f3n en el menor plazo posible.<\/em><\/p>\n<p> <em>Cuidado del ingreso y el trabajo de los argentinos.<\/em><\/p>\n<p> <em>Salir del cepo en el menor plazo posible, tomando algunas medidas en lo inmediato, y en el menor plazo posible lograr la unificaci\u00f3n del tipo de cambio.<\/em><\/p>\n<p> <em>Lograr un estado eficiente y eficaz.<\/em><\/p>\n<p> <em>Garantizar la independencia del banco central.<\/em><\/p>\n<p> <em>Vamos a cuidar y fortalecer el valor de nuestra moneda. Es un acto de soberan\u00eda.<\/em><\/p>\n<p> <em>Avanzar hacia un modelo econ\u00f3mico exportador.<\/em><\/p>\n<p> <em>Desarrollo econ\u00f3mico con sentido federal para promover una gran transformaci\u00f3n hacia la producci\u00f3n y el trabajo.<\/em><\/p>\n<p> <em>Garantizar una equidad energ\u00e9tica con sentido federal.<\/em><\/p>\n<p> <em>Reafirmar el concepto de Estado presente y eficiente: educaci\u00f3n, defensa de la universidad p\u00fablica, salud p\u00fablica, seguridad p\u00fablica, desarrollo humano, pol\u00edticas de g\u00e9nero y de diversidad \u2013de igualdad y de acciones concretas contra la violencia de g\u00e9nero-, pol\u00edticas de cuidado, pol\u00edticas de desarrollo humano, pol\u00edticas de protecci\u00f3n integral a ni\u00f1os, ni\u00f1as y adolescentes, pol\u00edticas asistenciales a sectores vulnerables, pol\u00edticas de fortalecimiento de la ciencia, tecnolog\u00eda e innovaci\u00f3n -nos proponemos alcanzar, en el menor tiempo posible, la inversi\u00f3n en I+D del 1% del PBI, con igualdad de esfuerzo p\u00fablico y privado-.<\/em><\/p>\n<p> <em>Establecer un Plan federal de inversi\u00f3n en ciencia y tecnolog\u00eda.<\/em><\/p>\n<p> <em>Fortalecer todo el sistema educativo, p\u00fablico y privado. Que la educaci\u00f3n p\u00fablica vuelva a tener un alto nivel, en todo el pa\u00eds, para que todos quienes as\u00ed lo deseen puedan realizar sus estudios en la educaci\u00f3n p\u00fablica sin que esto implique no acceder a una educaci\u00f3n de calidad.<\/em><\/p>\n<p> <em>Avanzar fuertemente en esquemas de educaci\u00f3n para el trabajo.<\/em><\/p>\n<p> <em>Trabajar por una simplificaci\u00f3n impositiva.<\/em><\/p>\n<p> Mejoras de la productividad.<\/p>\n<p> <em>No participaci\u00f3n de las fuerzas armadas en la seguridad interior, s\u00ed ayuda en log\u00edstica de fronteras.<\/em><\/p>\n<p> <em>Fortalecimiento y modernizaci\u00f3n de las agencias de seguridad nacionales.<\/em><\/p>\n<p> <em>Estado presente, activo y eficaz en la lucha contra el crimen organizado, el lavado de dinero y el narcotr\u00e1fico. Utilizaci\u00f3n de todos los esfuerzos tecnol\u00f3gicos y de inteligencia criminal para la lucha contra estos y otros delitos.<\/em><\/p>\n<p> <em>Inversiones en infraestructura productiva, inversiones para el fortalecimiento de la log\u00edstica y baja de sus costos.<\/em><\/p>\n<p> <em>Normas para promover y facilitar la actividad de los emprendedores, la creaci\u00f3n empresas, y el impulso de las micro, peque\u00f1as y medianas empresas, bajando el costo laboral y la presi\u00f3n impositiva y estableciendo nuevas normas para facilitar la contrataci\u00f3n y para facilitar que los argentinos puedan acceder, m\u00e1s f\u00e1cilmente, a nuevas fuentes de trabajo productivo.<\/em><\/p>\n<p> <em>Reg\u00edmenes de incentivos para las econom\u00edas regionales a trav\u00e9s de distintas medidas e incentivos.<\/em><\/p>\n<p> Promoci\u00f3n de actividades econ\u00f3micas, parques industriales y zonas francas.<\/p>\n<p> <em>Est\u00edmulos para las mejoras a la productividad Eliminar restricciones y ataduras a la producci\u00f3n agro industrial, bajando gradualmente la presi\u00f3n fiscal y cuidando, a la vez, la sustentabilidad fiscal.<\/em><\/p>\n<p> <em>Contribuir a frenar el avance del calentamiento global conforme a los protocolos establecidos internacionalmente. Avanzar en la transici\u00f3n energ\u00e9tica y en las oportunidades que trae para nuestra econom\u00eda.<\/em><\/p>\n<p> <em>Avanzar en el aprovechamiento de los minerales cr\u00edticos para la transici\u00f3n energ\u00e9tica demandados por todo el mundo: Litio, cobre, n\u00edquel, cobalto, zinc, entre otros.<\/em><\/p>\n<p> <em>Avanzar en la promoci\u00f3n de la electromovilidad, impulsar las energ\u00edas renovables \u2013provenientes del sol, el viento, el agua y la biomasa vegetal o animal- y nuevas fuentes energ\u00e9ticas como el hidr\u00f3geno verde.<\/em><\/p>\n<p> <em>Aprovechar las posibilidades de producci\u00f3n de Vaca muerta Desarrollo de un modelo minero sustentable Avanzar en el impulso de la Econom\u00eda del conocimiento y todos sus sectores: biotecnolog\u00eda, software, desarrollos audiovisuales, servicios de electr\u00f3nica y comunicaciones, geolog\u00eda, nano ciencias, sat\u00e9lites, inteligencia artificial, rob\u00f3tica y servicios profesionales, entre otros.<\/em><\/p>\n<p> <em>Impulsar la bioeconom\u00eda.<\/em><\/p>\n<p> <em>Preservaci\u00f3n y explotaci\u00f3n responsable de la pesca Implementar una pol\u00edtica exterior que proteja la democracia y los Derechos Humanos, que lidere la paz y la integraci\u00f3n regional principalmente desde el MERCOSUR. Que promueva inversiones e impulse el comercio de nuestros bienes y servicios. Que avance en acuerdos de libre comercio con todos los pa\u00edses y los bloques econ\u00f3micos que sean posibles. Que contribuya con un mundo con reglas y multilateralismos donde contribuir al avance de la agenda clim\u00e1tica, de g\u00e9nero y de seguridad internacional.<\/em><\/p>\n<\/div>\n<nav class=\"navigation post-navigation\" aria-label=\"Continue Reading\">\n<h2 class=\"screen-reader-text\">Continue Reading<\/h2>\n<\/nav>\n","protected":false},"excerpt":{"rendered":"<p>sabias que datos curiosos Ultimas Noticias y datos curiosos La Convenci\u00f3n Nacional de la Uni\u00f3n C\u00edvica Radical emitir\u00e1 esta noche un documento en el que reafirmar\u00e1 su pertenencia a Juntos por el Cambio, pero en el que tambi\u00e9n har\u00e1 menciones referidas a la posibilidad de establecer nuevas alianzas y que incluyen chicanas directas al economista [&hellip;]<\/p>\n","protected":false},"author":1,"featured_media":77630,"comment_status":"closed","ping_status":"closed","sticky":false,"template":"","format":"standard","meta":[],"categories":[2],"tags":[],"_links":{"self":[{"href":"http:\/\/cordobainforma.info\/index.php\/wp-json\/wp\/v2\/posts\/77629"}],"collection":[{"href":"http:\/\/cordobainforma.info\/index.php\/wp-json\/wp\/v2\/posts"}],"about":[{"href":"http:\/\/cordobainforma.info\/index.php\/wp-json\/wp\/v2\/types\/post"}],"author":[{"embeddable":true,"href":"http:\/\/cordobainforma.info\/index.php\/wp-json\/wp\/v2\/users\/1"}],"replies":[{"embeddable":true,"href":"http:\/\/cordobainforma.info\/index.php\/wp-json\/wp\/v2\/comments?post=77629"}],"version-history":[{"count":0,"href":"http:\/\/cordobainforma.info\/index.php\/wp-json\/wp\/v2\/posts\/77629\/revisions"}],"wp:featuredmedia":[{"embeddable":true,"href":"http:\/\/cordobainforma.info\/index.php\/wp-json\/wp\/v2\/media\/77630"}],"wp:attachment":[{"href":"http:\/\/cordobainforma.info\/index.php\/wp-json\/wp\/v2\/media?parent=77629"}],"wp:term":[{"taxonomy":"category","embeddable":true,"href":"http:\/\/cordobainforma.info\/index.php\/wp-json\/wp\/v2\/categories?post=77629"},{"taxonomy":"post_tag","embeddable":true,"href":"http:\/\/cordobainforma.info\/index.php\/wp-json\/wp\/v2\/tags?post=77629"}],"curies":[{"name":"wp","href":"https:\/\/api.w.org\/{rel}","templated":true}]}}