{"id":77627,"date":"2023-06-11T22:39:38","date_gmt":"2023-06-11T22:39:38","guid":{"rendered":"https:\/\/somoscordobeses.com\/2023\/06\/11\/san-francisco-gano-el-torneo-provincial-de-ajedrez-disputado-en-la-carlota\/"},"modified":"2023-06-11T22:39:38","modified_gmt":"2023-06-11T22:39:38","slug":"san-francisco-gano-el-torneo-provincial-de-ajedrez-disputado-en-la-carlota","status":"publish","type":"post","link":"http:\/\/cordobainforma.info\/index.php\/2023\/06\/11\/san-francisco-gano-el-torneo-provincial-de-ajedrez-disputado-en-la-carlota\/","title":{"rendered":"San Francisco gan\u00f3 el torneo provincial de ajedrez disputado en La Carlota"},"content":{"rendered":"<p><a href=\"https:\/\/viraliza2.com\" rel=\"dofollow\" onmouseover=\"this.style.color='#fff';\" onmouseout=\"this.style.color='#fff';\">sabias que datos curiosos<\/a><br \/>\n<a href=\"https:\/\/elmonterizo.com\" rel=\"dofollow\" onmouseover=\"this.style.color='#fff';\" onmouseout=\"this.style.color='#fff';\">Ultimas Noticias y datos curiosos<\/a> <\/p>\n<div>\n<p> Deportes 06\/11\/2023 <img decoding=\"async\" alt=\"Redacci\u00f3n Sur Cordob\u00e9s\" src=\"http:\/\/cordobainforma.info\/wp-content\/uploads\/2023\/06\/san-francisco-gano-el-torneo-provincial-de-ajedrez-disputado-en-la-carlota.png\"><\/p>\n<p><noscript><img decoding=\"async\" alt=\"Redacci\u00f3n Sur Cordob\u00e9s\" src=\"http:\/\/cordobainforma.info\/wp-content\/uploads\/2023\/06\/san-francisco-gano-el-torneo-provincial-de-ajedrez-disputado-en-la-carlota.png\"><\/noscript> Redacci\u00f3n Sur Cordob\u00e9s <\/p>\n<p> <img decoding=\"async\" loading=\"lazy\" alt=\"353791969_645213027634599_3632983174856707021_n\" data-sizes=\"auto\" src=\"http:\/\/cordobainforma.info\/wp-content\/uploads\/2023\/06\/san-francisco-gano-el-torneo-provincial-de-ajedrez-disputado-en-la-carlota.webp\" data-lazy-srcset=\"http:\/\/cordobainforma.info\/wp-content\/uploads\/2023\/06\/san-francisco-gano-el-torneo-provincial-de-ajedrez-disputado-en-la-carlota.webp 1327w, \/download\/multimedia.miniatura.88c0fee41ff22e59.MzUzNzkxOTY5XzY0NTIxMzAyNzYzNDU5OV8zNjMyOThfbWluaWF0dXJhLndlYnA%3D.webp 400w\" height=\"988\" width=\"1327\"><\/p>\n<p><noscript><img decoding=\"async\" loading=\"lazy\" alt=\"353791969_645213027634599_3632983174856707021_n\" data-sizes=\"auto\" src=\"http:\/\/cordobainforma.info\/wp-content\/uploads\/2023\/06\/san-francisco-gano-el-torneo-provincial-de-ajedrez-disputado-en-la-carlota.webp\" srcset=\"http:\/\/cordobainforma.info\/wp-content\/uploads\/2023\/06\/san-francisco-gano-el-torneo-provincial-de-ajedrez-disputado-en-la-carlota.webp 1327w, https:\/\/somoscordobeses.com\/download\/multimedia.miniatura.88c0fee41ff22e59.MzUzNzkxOTY5XzY0NTIxMzAyNzYzNDU5OV8zNjMyOThfbWluaWF0dXJhLndlYnA%3D.webp 400w\" height=\"988\" width=\"1327\"><\/noscript> <\/p>\n<p> <img loading=\"lazy\" decoding=\"async\" data-nombre=\"cec54\" data-publicidad=\"1055\" src=\"http:\/\/cordobainforma.info\/wp-content\/uploads\/2023\/06\/san-francisco-gano-el-torneo-provincial-de-ajedrez-disputado-en-la-carlota.gif\" data-url height=\"100\" width=\"1500\"><\/p>\n<p><noscript><img loading=\"lazy\" decoding=\"async\" data-nombre=\"cec54\" data-publicidad=\"1055\" src=\"http:\/\/cordobainforma.info\/wp-content\/uploads\/2023\/06\/san-francisco-gano-el-torneo-provincial-de-ajedrez-disputado-en-la-carlota.gif\" data-url height=\"100\" width=\"1500\"><\/noscript> <\/p>\n<p> Finaliz\u00f3 el campeonato unificado por equipos de la Asociaci\u00f3n y la Federaci\u00f3n de Ajedrez de la Provincia de C\u00f3rdoba, el cual se realiz\u00f3 en La Carlota.<\/p>\n<p> En los primeros puestos, la clasificaci\u00f3n final fue la siguiente: 1. Club de Ajjedrez San Francisco A, 2. R\u00edo Tercero A, 3. Ajedrez Pensado. Ciudad de C\u00f3rdoba , 4. Marcos Ju\u00e1rez, 5. Asociaci\u00f3n Riocuartense de Ajedrez, 6. Universidad Nacional de R\u00edo Cuarto &nbsp;A, 7. C\u00edrculo de Ajedrez La Carlota A, 8. Club de Ajedrez San Francisco B, 9. Club de Ajedrez La Cumbre y 10. C\u00edrculo de Ajedrez La Carlota B.<\/p>\n<h2>Te puede interesar<\/h2>\n<p> <img decoding=\"async\" loading=\"lazy\" alt=\"Accidente-fatal-bulevar-Colon-0-696x392\" data-sizes=\"auto\" src=\"http:\/\/cordobainforma.info\/wp-content\/uploads\/2023\/06\/san-francisco-gano-el-torneo-provincial-de-ajedrez-disputado-en-la-carlota-1.webp\" data-lazy-srcset=\"http:\/\/cordobainforma.info\/wp-content\/uploads\/2023\/06\/san-francisco-gano-el-torneo-provincial-de-ajedrez-disputado-en-la-carlota-1.webp 696w, \/download\/multimedia.miniatura.91da0aaf29f47bad.QWNjaWRlbnRlLWZhdGFsLWJ1bGV2YXItQ29sb24tMC1fbWluaWF0dXJhLndlYnA%3D.webp 400w\" height=\"392\" width=\"696\"><\/p>\n<p><noscript><img decoding=\"async\" loading=\"lazy\" alt=\"Accidente-fatal-bulevar-Colon-0-696x392\" data-sizes=\"auto\" src=\"http:\/\/cordobainforma.info\/wp-content\/uploads\/2023\/06\/san-francisco-gano-el-torneo-provincial-de-ajedrez-disputado-en-la-carlota-1.webp\" srcset=\"http:\/\/cordobainforma.info\/wp-content\/uploads\/2023\/06\/san-francisco-gano-el-torneo-provincial-de-ajedrez-disputado-en-la-carlota-1.webp 696w, https:\/\/somoscordobeses.com\/download\/multimedia.miniatura.91da0aaf29f47bad.QWNjaWRlbnRlLWZhdGFsLWJ1bGV2YXItQ29sb24tMC1fbWluaWF0dXJhLndlYnA%3D.webp 400w\" height=\"392\" width=\"696\"><\/noscript> <\/p>\n<h3> Una persona fallecida al colisionar contra un \u00e1rbol en Villa Mar\u00eda <\/h3>\n<p> Redacci\u00f3n Sur Cordob\u00e9s <\/p>\n<p> Siniestros viales 06\/11\/2023 <\/p>\n<p> <img decoding=\"async\" loading=\"lazy\" alt=\"passerini\" data-sizes=\"auto\" src=\"http:\/\/cordobainforma.info\/wp-content\/uploads\/2023\/06\/san-francisco-gano-el-torneo-provincial-de-ajedrez-disputado-en-la-carlota-2.webp\" data-lazy-srcset=\"http:\/\/cordobainforma.info\/wp-content\/uploads\/2023\/06\/san-francisco-gano-el-torneo-provincial-de-ajedrez-disputado-en-la-carlota-2.webp 800w, \/download\/multimedia.miniatura.bc6a5f4a25f86925.cGFzc2VyaW5pX21pbmlhdHVyYS53ZWJw.webp 400w\" height=\"400\" width=\"800\"><\/p>\n<p><noscript><img decoding=\"async\" loading=\"lazy\" alt=\"passerini\" data-sizes=\"auto\" src=\"http:\/\/cordobainforma.info\/wp-content\/uploads\/2023\/06\/san-francisco-gano-el-torneo-provincial-de-ajedrez-disputado-en-la-carlota-2.webp\" srcset=\"http:\/\/cordobainforma.info\/wp-content\/uploads\/2023\/06\/san-francisco-gano-el-torneo-provincial-de-ajedrez-disputado-en-la-carlota-2.webp 800w, https:\/\/somoscordobeses.com\/download\/multimedia.miniatura.bc6a5f4a25f86925.cGFzc2VyaW5pX21pbmlhdHVyYS53ZWJw.webp 400w\" height=\"400\" width=\"800\"><\/noscript> <\/p>\n<h3> Habilitaron el polideportivo social n\u00b050 de la ciudad de C\u00f3rdoba <\/h3>\n<p> General 06\/10\/2023 <\/p>\n<p> El viceintendente a cargo del Ejecutivo, Daniel Passerini, estuvo presente en el acto. Se encuentra en barrio Sargento Cabral. Ser\u00e1n 55 en total en la capital provincial.<\/p>\n<p> <img decoding=\"async\" loading=\"lazy\" alt=\"juan-schiaretti-horacio-rodriguez-larreta\" data-sizes=\"auto\" src=\"http:\/\/cordobainforma.info\/wp-content\/uploads\/2023\/06\/san-francisco-gano-el-torneo-provincial-de-ajedrez-disputado-en-la-carlota-3.webp\" data-lazy-srcset=\"http:\/\/cordobainforma.info\/wp-content\/uploads\/2023\/06\/san-francisco-gano-el-torneo-provincial-de-ajedrez-disputado-en-la-carlota-3.webp 803w, \/download\/multimedia.miniatura.a8c57c643b2b66af.anVhbi1zY2hpYXJldHRpLWhvcmFjaW8tcm9kcmlndWVfbWluaWF0dXJhLndlYnA%3D.webp 400w\" height=\"452\" width=\"803\"><\/p>\n<p><noscript><img decoding=\"async\" loading=\"lazy\" alt=\"juan-schiaretti-horacio-rodriguez-larreta\" data-sizes=\"auto\" src=\"http:\/\/cordobainforma.info\/wp-content\/uploads\/2023\/06\/san-francisco-gano-el-torneo-provincial-de-ajedrez-disputado-en-la-carlota-3.webp\" srcset=\"http:\/\/cordobainforma.info\/wp-content\/uploads\/2023\/06\/san-francisco-gano-el-torneo-provincial-de-ajedrez-disputado-en-la-carlota-3.webp 803w, https:\/\/somoscordobeses.com\/download\/multimedia.miniatura.a8c57c643b2b66af.anVhbi1zY2hpYXJldHRpLWhvcmFjaW8tcm9kcmlndWVfbWluaWF0dXJhLndlYnA%3D.webp 400w\" height=\"452\" width=\"803\"><\/noscript> <\/p>\n<h3> Juntos por el Cambio y Schiaretti no tendr\u00e1n alianza, al menos, hasta despu\u00e9s de las PASO <\/h3>\n<p> Pol\u00edtica 06\/09\/2023 <\/p>\n<p> <img decoding=\"async\" loading=\"lazy\" alt=\"auto\" data-sizes=\"auto\" src=\"http:\/\/cordobainforma.info\/wp-content\/uploads\/2023\/06\/san-francisco-gano-el-torneo-provincial-de-ajedrez-disputado-en-la-carlota-4.webp\" data-lazy-srcset=\"http:\/\/cordobainforma.info\/wp-content\/uploads\/2023\/06\/san-francisco-gano-el-torneo-provincial-de-ajedrez-disputado-en-la-carlota-4.webp 1024w, \/download\/multimedia.miniatura.91d9b14f2adf3070.YXV0b19taW5pYXR1cmEud2VicA%3D%3D.webp 400w\" height=\"394\" width=\"1024\"><\/p>\n<p><noscript><img decoding=\"async\" loading=\"lazy\" alt=\"auto\" data-sizes=\"auto\" src=\"http:\/\/cordobainforma.info\/wp-content\/uploads\/2023\/06\/san-francisco-gano-el-torneo-provincial-de-ajedrez-disputado-en-la-carlota-4.webp\" srcset=\"http:\/\/cordobainforma.info\/wp-content\/uploads\/2023\/06\/san-francisco-gano-el-torneo-provincial-de-ajedrez-disputado-en-la-carlota-4.webp 1024w, https:\/\/somoscordobeses.com\/download\/multimedia.miniatura.91d9b14f2adf3070.YXV0b19taW5pYXR1cmEud2VicA%3D%3D.webp 400w\" height=\"394\" width=\"1024\"><\/noscript> <\/p>\n<h3> General Deheza: un auto cay\u00f3 a una alcantarilla <\/h3>\n<p> MARA AUDICIO <\/p>\n<p> Siniestros viales 06\/10\/2023 <\/p>\n<p> El conductor estaba alcoholizado<\/p>\n<p> <img decoding=\"async\" loading=\"lazy\" alt=\"ESCUDERO\" data-sizes=\"auto\" src=\"http:\/\/cordobainforma.info\/wp-content\/uploads\/2023\/06\/san-francisco-gano-el-torneo-provincial-de-ajedrez-disputado-en-la-carlota-5.webp\" data-lazy-srcset=\"http:\/\/cordobainforma.info\/wp-content\/uploads\/2023\/06\/san-francisco-gano-el-torneo-provincial-de-ajedrez-disputado-en-la-carlota-5.webp 1024w, \/download\/multimedia.miniatura.82fd6e9ae8fcf4d9.RVNDVURFUk9fbWluaWF0dXJhLndlYnA%3D.webp 400w\" height=\"579\" width=\"1024\"><\/p>\n<p><noscript><img decoding=\"async\" loading=\"lazy\" alt=\"ESCUDERO\" data-sizes=\"auto\" src=\"http:\/\/cordobainforma.info\/wp-content\/uploads\/2023\/06\/san-francisco-gano-el-torneo-provincial-de-ajedrez-disputado-en-la-carlota-5.webp\" srcset=\"http:\/\/cordobainforma.info\/wp-content\/uploads\/2023\/06\/san-francisco-gano-el-torneo-provincial-de-ajedrez-disputado-en-la-carlota-5.webp 1024w, https:\/\/somoscordobeses.com\/download\/multimedia.miniatura.82fd6e9ae8fcf4d9.RVNDVURFUk9fbWluaWF0dXJhLndlYnA%3D.webp 400w\" height=\"579\" width=\"1024\"><\/noscript> <\/p>\n<h3> En Las Higueras el intendente Alberto Escudero, vot\u00f3 en la ma\u00f1ana <\/h3>\n<p> MARA AUDICIO <\/p>\n<p> Pol\u00edtica 06\/11\/2023 <\/p>\n<p> Lo propio hizo, Andrea Jurado, candidata oficialista.<\/p>\n<p> <img decoding=\"async\" loading=\"lazy\" alt=\"camiones\" data-sizes=\"auto\" src=\"http:\/\/cordobainforma.info\/wp-content\/uploads\/2023\/06\/san-francisco-gano-el-torneo-provincial-de-ajedrez-disputado-en-la-carlota-1.png\" data-lazy-srcset=\"http:\/\/cordobainforma.info\/wp-content\/uploads\/2023\/06\/san-francisco-gano-el-torneo-provincial-de-ajedrez-disputado-en-la-carlota-1.png 673w, \/download\/multimedia.miniatura.900c626002d7330c.63616d696f6e65735f6d696e6961747572612e706e67.png 400w\" height=\"394\" width=\"673\"><\/p>\n<p><noscript><img decoding=\"async\" loading=\"lazy\" alt=\"camiones\" data-sizes=\"auto\" src=\"http:\/\/cordobainforma.info\/wp-content\/uploads\/2023\/06\/san-francisco-gano-el-torneo-provincial-de-ajedrez-disputado-en-la-carlota-1.png\" srcset=\"http:\/\/cordobainforma.info\/wp-content\/uploads\/2023\/06\/san-francisco-gano-el-torneo-provincial-de-ajedrez-disputado-en-la-carlota-1.png 673w, https:\/\/somoscordobeses.com\/download\/multimedia.miniatura.900c626002d7330c.63616d696f6e65735f6d696e6961747572612e706e67.png 400w\" height=\"394\" width=\"673\"><\/noscript> <\/p>\n<h3> Cu\u00e1les son las medidas que prepara el Gobierno para ayudar a los camioneros afectados por la sequ\u00eda <\/h3>\n<p> Redacci\u00f3n Sur Cordob\u00e9s <\/p>\n<p> General 06\/10\/2023 <\/p>\n<p> <img decoding=\"async\" loading=\"lazy\" alt=\"chajan 2\" data-sizes=\"auto\" src=\"http:\/\/cordobainforma.info\/wp-content\/uploads\/2023\/06\/san-francisco-gano-el-torneo-provincial-de-ajedrez-disputado-en-la-carlota-6.webp\" data-lazy-srcset=\"http:\/\/cordobainforma.info\/wp-content\/uploads\/2023\/06\/san-francisco-gano-el-torneo-provincial-de-ajedrez-disputado-en-la-carlota-6.webp 900w, \/download\/multimedia.miniatura.96463f7f7ab8c542.Y2hhamFuIDJfbWluaWF0dXJhLndlYnA%3D.webp 400w\" height=\"465\" width=\"900\"><\/p>\n<p><noscript><img decoding=\"async\" loading=\"lazy\" alt=\"chajan 2\" data-sizes=\"auto\" src=\"http:\/\/cordobainforma.info\/wp-content\/uploads\/2023\/06\/san-francisco-gano-el-torneo-provincial-de-ajedrez-disputado-en-la-carlota-6.webp\" srcset=\"http:\/\/cordobainforma.info\/wp-content\/uploads\/2023\/06\/san-francisco-gano-el-torneo-provincial-de-ajedrez-disputado-en-la-carlota-6.webp 900w, https:\/\/somoscordobeses.com\/download\/multimedia.miniatura.96463f7f7ab8c542.Y2hhamFuIDJfbWluaWF0dXJhLndlYnA%3D.webp 400w\" height=\"465\" width=\"900\"><\/noscript> <\/p>\n<h3> Vecinos de Chaj\u00e1n recibieron las llaves de sus viviendas <\/h3>\n<p> General 06\/10\/2023 <\/p>\n<p> Se trata de cinco familias que cumplieron el sue\u00f1o de la casa propia. Tambi\u00e9n se entreg\u00f3 un veh\u00edculo de Seguridad Ciudadana y se inauguraron obras de infraestructura en la localidad.<\/p>\n<p> <img decoding=\"async\" loading=\"lazy\" alt=\"dni-elecciones-2015\" data-sizes=\"auto\" src=\"http:\/\/cordobainforma.info\/wp-content\/uploads\/2023\/06\/san-francisco-gano-el-torneo-provincial-de-ajedrez-disputado-en-la-carlota-7.webp\" data-lazy-srcset=\"http:\/\/cordobainforma.info\/wp-content\/uploads\/2023\/06\/san-francisco-gano-el-torneo-provincial-de-ajedrez-disputado-en-la-carlota-7.webp 1008w, \/download\/multimedia.miniatura.ad7f54734ba94d9f.ZG5pLWVsZWNjaW9uZXMtMjAxNV9taW5pYXR1cmEud2VicA%3D%3D.webp 400w\" height=\"566\" width=\"1008\"><\/p>\n<p><noscript><img decoding=\"async\" loading=\"lazy\" alt=\"dni-elecciones-2015\" data-sizes=\"auto\" src=\"http:\/\/cordobainforma.info\/wp-content\/uploads\/2023\/06\/san-francisco-gano-el-torneo-provincial-de-ajedrez-disputado-en-la-carlota-7.webp\" srcset=\"http:\/\/cordobainforma.info\/wp-content\/uploads\/2023\/06\/san-francisco-gano-el-torneo-provincial-de-ajedrez-disputado-en-la-carlota-7.webp 1008w, https:\/\/somoscordobeses.com\/download\/multimedia.miniatura.ad7f54734ba94d9f.ZG5pLWVsZWNjaW9uZXMtMjAxNV9taW5pYXR1cmEud2VicA%3D%3D.webp 400w\" height=\"566\" width=\"1008\"><\/noscript> <\/p>\n<h3> Cu\u00e1les son los documentos habilitados para votar a gobernador en C\u00f3rdoba <\/h3>\n<p> General 06\/10\/2023 <\/p>\n<p> <img decoding=\"async\" loading=\"lazy\" alt=\"353035256_800359931527646_1355667053052018115_n\" data-sizes=\"auto\" src=\"http:\/\/cordobainforma.info\/wp-content\/uploads\/2023\/06\/san-francisco-gano-el-torneo-provincial-de-ajedrez-disputado-en-la-carlota-8.webp\" data-lazy-srcset=\"http:\/\/cordobainforma.info\/wp-content\/uploads\/2023\/06\/san-francisco-gano-el-torneo-provincial-de-ajedrez-disputado-en-la-carlota-8.webp 529w, \/download\/multimedia.miniatura.9a041301a6721814.MzUzMDM1MjU2XzgwMDM1OTkzMTUyNzY0Nl8xMzU1NjZfbWluaWF0dXJhLndlYnA%3D.webp 169w\" height=\"940\" width=\"529\"><\/p>\n<p><noscript><img decoding=\"async\" loading=\"lazy\" alt=\"353035256_800359931527646_1355667053052018115_n\" data-sizes=\"auto\" src=\"http:\/\/cordobainforma.info\/wp-content\/uploads\/2023\/06\/san-francisco-gano-el-torneo-provincial-de-ajedrez-disputado-en-la-carlota-8.webp\" srcset=\"http:\/\/cordobainforma.info\/wp-content\/uploads\/2023\/06\/san-francisco-gano-el-torneo-provincial-de-ajedrez-disputado-en-la-carlota-8.webp 529w, https:\/\/somoscordobeses.com\/download\/multimedia.miniatura.9a041301a6721814.MzUzMDM1MjU2XzgwMDM1OTkzMTUyNzY0Nl8xMzU1NjZfbWluaWF0dXJhLndlYnA%3D.webp 169w\" height=\"940\" width=\"529\"><\/noscript> <\/p>\n<h3> FPA detuvo a un sujeto con antecedentes en Villa Mar\u00eda <\/h3>\n<p> Redacci\u00f3n Sur Cordob\u00e9s <\/p>\n<p> General 06\/10\/2023 <\/p>\n<p> <img decoding=\"async\" loading=\"lazy\" alt=\"massa\" src=\"http:\/\/cordobainforma.info\/wp-content\/uploads\/2023\/06\/san-francisco-gano-el-torneo-provincial-de-ajedrez-disputado-en-la-carlota-9.webp\" height=\"185\" width=\"327\"><\/p>\n<p><noscript><img decoding=\"async\" loading=\"lazy\" alt=\"massa\" src=\"http:\/\/cordobainforma.info\/wp-content\/uploads\/2023\/06\/san-francisco-gano-el-torneo-provincial-de-ajedrez-disputado-en-la-carlota-9.webp\" height=\"185\" width=\"327\"><\/noscript> <\/p>\n<h3> Massa neg\u00f3 rumores de renuncia a su cargo de ministro de Econom\u00eda <\/h3>\n<p> Redacci\u00f3n Sur Cordob\u00e9s <\/p>\n<p> Pol\u00edtica 06\/09\/2023 <\/p>\n<p> <img decoding=\"async\" loading=\"lazy\" alt=\"ruta 8\" src=\"http:\/\/cordobainforma.info\/wp-content\/uploads\/2023\/06\/san-francisco-gano-el-torneo-provincial-de-ajedrez-disputado-en-la-carlota.jpg\" height=\"188\" width=\"250\"><\/p>\n<p><noscript><img decoding=\"async\" loading=\"lazy\" alt=\"ruta 8\" src=\"http:\/\/cordobainforma.info\/wp-content\/uploads\/2023\/06\/san-francisco-gano-el-torneo-provincial-de-ajedrez-disputado-en-la-carlota.jpg\" height=\"188\" width=\"250\"><\/noscript> <\/p>\n<h3> Choque entre dos veh\u00edculos deja un muerto en la Ruta Nacional 8 <\/h3>\n<p> Redacci\u00f3n Sur Cordob\u00e9s <\/p>\n<p> Siniestros viales 06\/11\/2023 <\/p>\n<p> <img decoding=\"async\" loading=\"lazy\" alt=\"WhatsApp-Image-2023-06-08-at-22.01.54-1-621x940\" data-sizes=\"auto\" src=\"http:\/\/cordobainforma.info\/wp-content\/uploads\/2023\/06\/san-francisco-gano-el-torneo-provincial-de-ajedrez-disputado-en-la-carlota-10.webp\" data-lazy-srcset=\"http:\/\/cordobainforma.info\/wp-content\/uploads\/2023\/06\/san-francisco-gano-el-torneo-provincial-de-ajedrez-disputado-en-la-carlota-10.webp 621w, \/download\/multimedia.miniatura.807db51083282b06.V2hhdHNBcHAtSW1hZ2UtMjAyMy0wNi0wOC1hdC0yMi5fbWluaWF0dXJhLndlYnA%3D.webp 198w\" height=\"940\" width=\"621\"><\/p>\n<p><noscript><img decoding=\"async\" loading=\"lazy\" alt=\"WhatsApp-Image-2023-06-08-at-22.01.54-1-621x940\" data-sizes=\"auto\" src=\"http:\/\/cordobainforma.info\/wp-content\/uploads\/2023\/06\/san-francisco-gano-el-torneo-provincial-de-ajedrez-disputado-en-la-carlota-10.webp\" srcset=\"http:\/\/cordobainforma.info\/wp-content\/uploads\/2023\/06\/san-francisco-gano-el-torneo-provincial-de-ajedrez-disputado-en-la-carlota-10.webp 621w, https:\/\/somoscordobeses.com\/download\/multimedia.miniatura.807db51083282b06.V2hhdHNBcHAtSW1hZ2UtMjAyMy0wNi0wOC1hdC0yMi5fbWluaWF0dXJhLndlYnA%3D.webp 198w\" height=\"940\" width=\"621\"><\/noscript> <\/p>\n<h3> La FPA detuvo a un sujeto con pedido de captura en Las Varillas <\/h3>\n<p> Redacci\u00f3n Sur Cordob\u00e9s <\/p>\n<p> General 06\/09\/2023 <\/p>\n<p> <img loading=\"lazy\" decoding=\"async\" data-nombre=\"justo maldonado (campa\u00f1a) los cisnes\" data-publicidad=\"2533\" src=\"http:\/\/cordobainforma.info\/wp-content\/uploads\/2023\/06\/san-francisco-gano-el-torneo-provincial-de-ajedrez-disputado-en-la-carlota-11.webp\" data-url height=\"636\" width=\"450\" previous-src=\"http:\/\/cordobainforma.info\/wp-content\/uploads\/2023\/06\/san-francisco-gano-el-torneo-provincial-de-ajedrez-disputado-en-la-carlota-11.webp\"><\/p>\n<p><noscript><img loading=\"lazy\" decoding=\"async\" data-nombre=\"justo maldonado (campa\u00f1a) los cisnes\" data-publicidad=\"2533\" src=\"http:\/\/cordobainforma.info\/wp-content\/uploads\/2023\/06\/san-francisco-gano-el-torneo-provincial-de-ajedrez-disputado-en-la-carlota-11.webp\" data-url height=\"636\" width=\"450\" previous-src=\"http:\/\/cordobainforma.info\/wp-content\/uploads\/2023\/06\/san-francisco-gano-el-torneo-provincial-de-ajedrez-disputado-en-la-carlota-11.webp\"><\/noscript> <\/p>\n<p> <img loading=\"lazy\" decoding=\"async\" data-nombre=\"juntos por el cambio 2\" data-publicidad=\"2507\" src=\"http:\/\/cordobainforma.info\/wp-content\/uploads\/2023\/06\/san-francisco-gano-el-torneo-provincial-de-ajedrez-disputado-en-la-carlota-12.webp\" data-url height=\"1600\" width=\"760\" previous-src=\"http:\/\/cordobainforma.info\/wp-content\/uploads\/2023\/06\/san-francisco-gano-el-torneo-provincial-de-ajedrez-disputado-en-la-carlota-12.webp\"><\/p>\n<p><noscript><img loading=\"lazy\" decoding=\"async\" data-nombre=\"juntos por el cambio 2\" data-publicidad=\"2507\" src=\"http:\/\/cordobainforma.info\/wp-content\/uploads\/2023\/06\/san-francisco-gano-el-torneo-provincial-de-ajedrez-disputado-en-la-carlota-12.webp\" data-url height=\"1600\" width=\"760\" previous-src=\"http:\/\/cordobainforma.info\/wp-content\/uploads\/2023\/06\/san-francisco-gano-el-torneo-provincial-de-ajedrez-disputado-en-la-carlota-12.webp\"><\/noscript> <\/p>\n<h2>Lo m\u00e1s visto<\/h2>\n<p> <img decoding=\"async\" loading=\"lazy\" alt=\"muni la carlota\" data-sizes=\"auto\" src=\"http:\/\/cordobainforma.info\/wp-content\/uploads\/2023\/06\/san-francisco-gano-el-torneo-provincial-de-ajedrez-disputado-en-la-carlota-13.webp\" data-lazy-srcset=\"http:\/\/cordobainforma.info\/wp-content\/uploads\/2023\/06\/san-francisco-gano-el-torneo-provincial-de-ajedrez-disputado-en-la-carlota-13.webp 653w, \/download\/multimedia.miniatura.b355bd0c2574544f.bXVuaSBsYSBjYXJsb3RhX21pbmlhdHVyYS53ZWJw.webp 400w\" height=\"490\" width=\"653\"><\/p>\n<p><noscript><img decoding=\"async\" loading=\"lazy\" alt=\"muni la carlota\" data-sizes=\"auto\" src=\"http:\/\/cordobainforma.info\/wp-content\/uploads\/2023\/06\/san-francisco-gano-el-torneo-provincial-de-ajedrez-disputado-en-la-carlota-13.webp\" srcset=\"http:\/\/cordobainforma.info\/wp-content\/uploads\/2023\/06\/san-francisco-gano-el-torneo-provincial-de-ajedrez-disputado-en-la-carlota-13.webp 653w, https:\/\/somoscordobeses.com\/download\/multimedia.miniatura.b355bd0c2574544f.bXVuaSBsYSBjYXJsb3RhX21pbmlhdHVyYS53ZWJw.webp 400w\" height=\"490\" width=\"653\"><\/noscript> <\/p>\n<h3> Derecho a r\u00e9plica: \u00abIntendente hable con los o\u00eddos\u00bb <\/h3>\n<p> Opini\u00f3n 06\/08\/2023 <\/p>\n<p> <img decoding=\"async\" loading=\"lazy\" alt=\"equino\" data-sizes=\"auto\" src=\"http:\/\/cordobainforma.info\/wp-content\/uploads\/2023\/06\/san-francisco-gano-el-torneo-provincial-de-ajedrez-disputado-en-la-carlota-14.webp\" data-lazy-srcset=\"http:\/\/cordobainforma.info\/wp-content\/uploads\/2023\/06\/san-francisco-gano-el-torneo-provincial-de-ajedrez-disputado-en-la-carlota-14.webp 1280w, \/download\/multimedia.miniatura.8c15065d8e4a0b10.ZXF1aW5vX21pbmlhdHVyYS53ZWJw.webp 400w\" height=\"960\" width=\"1280\"><\/p>\n<p><noscript><img decoding=\"async\" loading=\"lazy\" alt=\"equino\" data-sizes=\"auto\" src=\"http:\/\/cordobainforma.info\/wp-content\/uploads\/2023\/06\/san-francisco-gano-el-torneo-provincial-de-ajedrez-disputado-en-la-carlota-14.webp\" srcset=\"http:\/\/cordobainforma.info\/wp-content\/uploads\/2023\/06\/san-francisco-gano-el-torneo-provincial-de-ajedrez-disputado-en-la-carlota-14.webp 1280w, https:\/\/somoscordobeses.com\/download\/multimedia.miniatura.8c15065d8e4a0b10.ZXF1aW5vX21pbmlhdHVyYS53ZWJw.webp 400w\" height=\"960\" width=\"1280\"><\/noscript> <\/p>\n<h3> Ruta 8: volc\u00f3 un auto al impactar con un equino <\/h3>\n<p> MARA AUDICIO <\/p>\n<p> Siniestros viales 06\/09\/2023 <\/p>\n<p> Una mujer y un menor fueron hospitalizados.<\/p>\n<p> <img decoding=\"async\" loading=\"lazy\" alt=\"353383853_2072847132885580_2157379133437811354_n\" data-alto-grande=\"1201\" data-ancho-grande=\"1600\" data-sizes=\"auto\" src=\"http:\/\/cordobainforma.info\/wp-content\/uploads\/2023\/06\/san-francisco-gano-el-torneo-provincial-de-ajedrez-disputado-en-la-carlota-15.webp\" data-lazy-srcset=\"http:\/\/cordobainforma.info\/wp-content\/uploads\/2023\/06\/san-francisco-gano-el-torneo-provincial-de-ajedrez-disputado-en-la-carlota-15.webp 999w, \/download\/multimedia.grande.beb0b44ac78952d5.MzUzMzgzODUzXzIwNzI4NDcxMzI4ODU1ODBfMjE1NzNfZ3JhbmRlLndlYnA%3D.webp 1600w, \/download\/multimedia.miniatura.9dd12f7fb56eb547.MzUzMzgzODUzXzIwNzI4NDcxMzI4ODU1ODBfMjE1NzNfbWluaWF0dXJhLndlYnA%3D.webp 400w\" height=\"750\" width=\"999\"><\/p>\n<p><noscript><img decoding=\"async\" loading=\"lazy\" alt=\"353383853_2072847132885580_2157379133437811354_n\" data-alto-grande=\"1201\" data-ancho-grande=\"1600\" data-sizes=\"auto\" src=\"http:\/\/cordobainforma.info\/wp-content\/uploads\/2023\/06\/san-francisco-gano-el-torneo-provincial-de-ajedrez-disputado-en-la-carlota-15.webp\" srcset=\"http:\/\/cordobainforma.info\/wp-content\/uploads\/2023\/06\/san-francisco-gano-el-torneo-provincial-de-ajedrez-disputado-en-la-carlota-15.webp 999w, https:\/\/somoscordobeses.com\/download\/multimedia.grande.beb0b44ac78952d5.MzUzMzgzODUzXzIwNzI4NDcxMzI4ODU1ODBfMjE1NzNfZ3JhbmRlLndlYnA%3D.webp 1600w, https:\/\/somoscordobeses.com\/download\/multimedia.miniatura.9dd12f7fb56eb547.MzUzMzgzODUzXzIwNzI4NDcxMzI4ODU1ODBfMjE1NzNfbWluaWF0dXJhLndlYnA%3D.webp 400w\" height=\"750\" width=\"999\"><\/noscript> <\/p>\n<h3> Siniestro vial en el acceso Este a la localidad de Pascanas <\/h3>\n<p> Redacci\u00f3n Sur Cordob\u00e9s <\/p>\n<p> Siniestros viales 06\/10\/2023 <\/p>\n<p> <img decoding=\"async\" loading=\"lazy\" alt=\"camiones\" data-sizes=\"auto\" src=\"http:\/\/cordobainforma.info\/wp-content\/uploads\/2023\/06\/san-francisco-gano-el-torneo-provincial-de-ajedrez-disputado-en-la-carlota-1.png\" data-lazy-srcset=\"http:\/\/cordobainforma.info\/wp-content\/uploads\/2023\/06\/san-francisco-gano-el-torneo-provincial-de-ajedrez-disputado-en-la-carlota-1.png 673w, \/download\/multimedia.miniatura.900c626002d7330c.63616d696f6e65735f6d696e6961747572612e706e67.png 400w\" height=\"394\" width=\"673\"><\/p>\n<p><noscript><img decoding=\"async\" loading=\"lazy\" alt=\"camiones\" data-sizes=\"auto\" src=\"http:\/\/cordobainforma.info\/wp-content\/uploads\/2023\/06\/san-francisco-gano-el-torneo-provincial-de-ajedrez-disputado-en-la-carlota-1.png\" srcset=\"http:\/\/cordobainforma.info\/wp-content\/uploads\/2023\/06\/san-francisco-gano-el-torneo-provincial-de-ajedrez-disputado-en-la-carlota-1.png 673w, https:\/\/somoscordobeses.com\/download\/multimedia.miniatura.900c626002d7330c.63616d696f6e65735f6d696e6961747572612e706e67.png 400w\" height=\"394\" width=\"673\"><\/noscript> <\/p>\n<h3> Cu\u00e1les son las medidas que prepara el Gobierno para ayudar a los camioneros afectados por la sequ\u00eda <\/h3>\n<p> Redacci\u00f3n Sur Cordob\u00e9s <\/p>\n<p> General 06\/10\/2023 <\/p>\n<p> <img decoding=\"async\" loading=\"lazy\" alt=\"dni-elecciones-2015\" data-sizes=\"auto\" src=\"http:\/\/cordobainforma.info\/wp-content\/uploads\/2023\/06\/san-francisco-gano-el-torneo-provincial-de-ajedrez-disputado-en-la-carlota-7.webp\" data-lazy-srcset=\"http:\/\/cordobainforma.info\/wp-content\/uploads\/2023\/06\/san-francisco-gano-el-torneo-provincial-de-ajedrez-disputado-en-la-carlota-7.webp 1008w, \/download\/multimedia.miniatura.ad7f54734ba94d9f.ZG5pLWVsZWNjaW9uZXMtMjAxNV9taW5pYXR1cmEud2VicA%3D%3D.webp 400w\" height=\"566\" width=\"1008\"><\/p>\n<p><noscript><img decoding=\"async\" loading=\"lazy\" alt=\"dni-elecciones-2015\" data-sizes=\"auto\" src=\"http:\/\/cordobainforma.info\/wp-content\/uploads\/2023\/06\/san-francisco-gano-el-torneo-provincial-de-ajedrez-disputado-en-la-carlota-7.webp\" srcset=\"http:\/\/cordobainforma.info\/wp-content\/uploads\/2023\/06\/san-francisco-gano-el-torneo-provincial-de-ajedrez-disputado-en-la-carlota-7.webp 1008w, https:\/\/somoscordobeses.com\/download\/multimedia.miniatura.ad7f54734ba94d9f.ZG5pLWVsZWNjaW9uZXMtMjAxNV9taW5pYXR1cmEud2VicA%3D%3D.webp 400w\" height=\"566\" width=\"1008\"><\/noscript> <\/p>\n<h3> Cu\u00e1les son los documentos habilitados para votar a gobernador en C\u00f3rdoba <\/h3>\n<p> General 06\/10\/2023 <\/p>\n<p> <img decoding=\"async\" loading=\"lazy\" alt=\"ruta 8\" src=\"http:\/\/cordobainforma.info\/wp-content\/uploads\/2023\/06\/san-francisco-gano-el-torneo-provincial-de-ajedrez-disputado-en-la-carlota.jpg\" height=\"188\" width=\"250\"><\/p>\n<p><noscript><img decoding=\"async\" loading=\"lazy\" alt=\"ruta 8\" src=\"http:\/\/cordobainforma.info\/wp-content\/uploads\/2023\/06\/san-francisco-gano-el-torneo-provincial-de-ajedrez-disputado-en-la-carlota.jpg\" height=\"188\" width=\"250\"><\/noscript> <\/p>\n<h3> Choque entre dos veh\u00edculos deja un muerto en la Ruta Nacional 8 <\/h3>\n<p> Redacci\u00f3n Sur Cordob\u00e9s <\/p>\n<p> Siniestros viales 06\/11\/2023 <\/p>\n<p> <img decoding=\"async\" loading=\"lazy\" alt=\"Accidente-fatal-bulevar-Colon-0-696x392\" data-sizes=\"auto\" src=\"http:\/\/cordobainforma.info\/wp-content\/uploads\/2023\/06\/san-francisco-gano-el-torneo-provincial-de-ajedrez-disputado-en-la-carlota-1.webp\" data-lazy-srcset=\"http:\/\/cordobainforma.info\/wp-content\/uploads\/2023\/06\/san-francisco-gano-el-torneo-provincial-de-ajedrez-disputado-en-la-carlota-1.webp 696w, \/download\/multimedia.miniatura.91da0aaf29f47bad.QWNjaWRlbnRlLWZhdGFsLWJ1bGV2YXItQ29sb24tMC1fbWluaWF0dXJhLndlYnA%3D.webp 400w\" height=\"392\" width=\"696\"><\/p>\n<p><noscript><img decoding=\"async\" loading=\"lazy\" alt=\"Accidente-fatal-bulevar-Colon-0-696x392\" data-sizes=\"auto\" src=\"http:\/\/cordobainforma.info\/wp-content\/uploads\/2023\/06\/san-francisco-gano-el-torneo-provincial-de-ajedrez-disputado-en-la-carlota-1.webp\" srcset=\"http:\/\/cordobainforma.info\/wp-content\/uploads\/2023\/06\/san-francisco-gano-el-torneo-provincial-de-ajedrez-disputado-en-la-carlota-1.webp 696w, https:\/\/somoscordobeses.com\/download\/multimedia.miniatura.91da0aaf29f47bad.QWNjaWRlbnRlLWZhdGFsLWJ1bGV2YXItQ29sb24tMC1fbWluaWF0dXJhLndlYnA%3D.webp 400w\" height=\"392\" width=\"696\"><\/noscript> <\/p>\n<h3> Una persona fallecida al colisionar contra un \u00e1rbol en Villa Mar\u00eda <\/h3>\n<p> Redacci\u00f3n Sur Cordob\u00e9s <\/p>\n<p> Siniestros viales 06\/11\/2023 <\/p>\n<\/div>\n<nav class=\"navigation post-navigation\" aria-label=\"Continue Reading\">\n<h2 class=\"screen-reader-text\">Continue Reading<\/h2>\n<\/nav>\n","protected":false},"excerpt":{"rendered":"<p>sabias que datos curiosos Ultimas Noticias y datos curiosos Deportes 06\/11\/2023 Redacci\u00f3n Sur Cordob\u00e9s Finaliz\u00f3 el campeonato unificado por equipos de la Asociaci\u00f3n y la Federaci\u00f3n de Ajedrez de la Provincia de C\u00f3rdoba, el cual se realiz\u00f3 en La Carlota. En los primeros puestos, la clasificaci\u00f3n final fue la siguiente: 1. Club de Ajjedrez San [&hellip;]<\/p>\n","protected":false},"author":1,"featured_media":77628,"comment_status":"closed","ping_status":"closed","sticky":false,"template":"","format":"standard","meta":[],"categories":[2],"tags":[],"_links":{"self":[{"href":"http:\/\/cordobainforma.info\/index.php\/wp-json\/wp\/v2\/posts\/77627"}],"collection":[{"href":"http:\/\/cordobainforma.info\/index.php\/wp-json\/wp\/v2\/posts"}],"about":[{"href":"http:\/\/cordobainforma.info\/index.php\/wp-json\/wp\/v2\/types\/post"}],"author":[{"embeddable":true,"href":"http:\/\/cordobainforma.info\/index.php\/wp-json\/wp\/v2\/users\/1"}],"replies":[{"embeddable":true,"href":"http:\/\/cordobainforma.info\/index.php\/wp-json\/wp\/v2\/comments?post=77627"}],"version-history":[{"count":0,"href":"http:\/\/cordobainforma.info\/index.php\/wp-json\/wp\/v2\/posts\/77627\/revisions"}],"wp:featuredmedia":[{"embeddable":true,"href":"http:\/\/cordobainforma.info\/index.php\/wp-json\/wp\/v2\/media\/77628"}],"wp:attachment":[{"href":"http:\/\/cordobainforma.info\/index.php\/wp-json\/wp\/v2\/media?parent=77627"}],"wp:term":[{"taxonomy":"category","embeddable":true,"href":"http:\/\/cordobainforma.info\/index.php\/wp-json\/wp\/v2\/categories?post=77627"},{"taxonomy":"post_tag","embeddable":true,"href":"http:\/\/cordobainforma.info\/index.php\/wp-json\/wp\/v2\/tags?post=77627"}],"curies":[{"name":"wp","href":"https:\/\/api.w.org\/{rel}","templated":true}]}}