{"id":77619,"date":"2023-06-12T04:05:00","date_gmt":"2023-06-12T04:05:00","guid":{"rendered":"http:\/\/cordobainforma.info\/index.php\/2023\/06\/12\/los-resultados-de-las-elecciones-en-san-luis-el-festejo-de-poggi-junto-a-horacio-rodriguez-larreta\/"},"modified":"2023-06-12T04:05:00","modified_gmt":"2023-06-12T04:05:00","slug":"los-resultados-de-las-elecciones-en-san-luis-el-festejo-de-poggi-junto-a-horacio-rodriguez-larreta","status":"publish","type":"post","link":"http:\/\/cordobainforma.info\/index.php\/2023\/06\/12\/los-resultados-de-las-elecciones-en-san-luis-el-festejo-de-poggi-junto-a-horacio-rodriguez-larreta\/","title":{"rendered":"Los resultados de las elecciones en San Luis: el festejo de Poggi junto a Horacio Rodr\u00edguez Larreta"},"content":{"rendered":"<div class=\"media_block\"><\/div>\n<p>Cerraron las 1308 mesas de votaci\u00f3n en la provincia de <strong>San Luis<\/strong>, que este domingo celebr\u00f3 elecciones para&nbsp;elegir gobernador y vice, senadores y diputados provinciales, intendentes municipales y concejales, con Ley de Lemas y con la particularidad de que el apellido <strong>Rodr\u00edguez Sa\u00e1 <\/strong>no estuvo en ninguna de las boletas.<\/p>\n<h2>Resultados parciales&nbsp;<\/h2>\n<p>Con el&nbsp;<strong>45.71\u200b\u200b% <\/strong>de mesas escrutadas, se publicaron los primeros datos:&nbsp;<\/p>\n<ul>\n<li><strong>Cambia San Luis: 53.04%<\/strong><\/li>\n<\/ul>\n<p><a target=\"_blank\" href=\"https:\/\/www.perfil.com\/noticias\/politica\/quien-es-claudio-poggi-el-gobernador-electo-que-rompe-con-40-anos-de-pj-en-san-luis.phtml\" rel=\"noopener noreferrer\">Claudio Poggi <\/a>(lista AVANZAR 99.31%)<\/p>\n<p>Eduardo Mones Ruiz (lista ENCUENTRO MULTISECTORIAL 0.69%)<\/p>\n<ul>\n<li><strong>Uni\u00f3n por San Luis: 45.94\u200b%&nbsp;<\/strong><\/li>\n<\/ul>\n<p>Jorge Fern\u00e1ndez (lista CELESTE UNIDAD 96.63%)<\/p>\n<p>Marcelo Amitrano (SUBLEMA BLANCA, AZUL Y BLANCA 1.58%)<\/p>\n<p>Mariela Cros (lista MOVIMIENTO EVITA, TIERRA, TECHO Y TRABAJO SAN LUIS 1.08%)<\/p>\n<ul>\n<li><strong>Frente de Izquierda y de los Trabajadores (Johana Anah\u00ed Gomez): 0.83%<\/strong><strong>\u200b<\/strong><\/li>\n<\/ul>\n<p><strong>\u200b<\/strong><\/p>\n<ul>\n<li><strong>Movimiento al Socialismo: 0.20%<\/strong><\/li>\n<\/ul>\n<p>Votos en blanco: 2.50%&nbsp;<\/p>\n<p>Votos nulos: 1.17%<\/p>\n<h2>La confianza de Cambia San Luis<\/h2>\n<p>La precandidata a presidente por Juntos por el Cambio, <a target=\"_blank\" href=\"https:\/\/www.perfil.com\/noticias\/politica\/patricia-bullrich-y-horacio-rodriguez-larreta-planean-viajar-al-pais-para-apoyar-a-los-candidatos-de-juntos-por-el-cambio.phtml\" rel=\"noopener noreferrer\">Patricia Bullrich<\/a>, presente en Mendoza para acompa\u00f1ar&nbsp;<strong>a la f\u00f3rmula Cornejo-Pasado, declar\u00f3: \u00abHabl\u00e9 con Claudio Poggi y es el nuevo gobernador de San Luis\u00bb.&nbsp;<\/strong><\/p>\n<p>\u00abDespu\u00e9s de 40 a\u00f1os, hemos logrado un cambio en San Luis\u00bb, dijo Bullrich.&nbsp;<\/p>\n<p>Por su parte, al llegar al b\u00fanker&nbsp;de&nbsp;Claudio Poggi este domingo por la noche, <strong>Adolfo Rodr\u00edguez Sa\u00e1&nbsp;<\/strong>felicit\u00f3 a su candidato por&nbsp;los resultados provisorios.&nbsp;\u201cFelicitaciones, sos el nuevo gobernador\u201d, celebr\u00f3.&nbsp;<\/p>\n<p>En declaraciones a la radio<em> Cadena Popular<\/em>, ya por la tarde, afirm\u00f3 que habr\u00eda una diferencia significativa: \u201cla informaci\u00f3n en Santa Rosa, en Merlo, en la Punta, de Mercedes Funes, de Juan Jorba, <strong>son resultados abrumadores<\/strong>, dijo\u201d.&nbsp;<\/p>\n<p>Adem\u00e1s, si bien avanzan con pocas mesas escrutadas, Adolfo <strong>Rodr\u00edguez Saa detall\u00f3 que \u201cla tendencia es irreversible\u201d<\/strong> y que \u201cen la ciudad de San Luis, en 24 mesas Fern\u00e1ndez tiene el 42% y <strong>Poggi tiene el 58%<\/strong>\u201d.<\/p>\n<p>\u201cYo me animo a decirle al pueblo de San Luis que tenemos que tener paciencia, que tenemos que esperar a que est\u00e9n los resultados oficiales, pero <strong>yo le aviso que Claudio Poggi ser\u00e1 el nuevo gobernador<\/strong>\u201d, constat\u00f3.<\/p>\n<div>\n<figure class=\"image\"><img alt=\"Adolfo Rodr\u00edguez Sa\u00e1 Claudio Poggi g_20230611\" src=\"http:\/\/cordobainforma.info\/wp-content\/uploads\/2023\/06\/los-resultados-de-las-elecciones-en-san-luis-el-festejo-de-poggi-junto-a-horacio-rodriguez-larreta.jpg\" loading=\"lazy\"><figcaption>El abrazo entre Adolfo Rodr\u00edguez Sa\u00e1 y su candidato, Claudio Poggi<\/figcaption><\/figure>\n<\/div>\n<h2>&nbsp;<\/h2>\n<h2>Horacio Rodr\u00edguez Larreta lleg\u00f3 a San Luis&nbsp;<\/h2>\n<p>En el marco de la gira por las provincias que realiza el precandidato a presidente de Juntos por el Cambio,<strong> Horacio Rodr\u00edguez Larreta<\/strong>, lleg\u00f3 sobre la medianoche a San Luis, para acompa\u00f1ar a su candidato, Claudio Poggi.&nbsp;<\/p>\n<p>En su t\u00e1ctica de ampliar la coalici\u00f3n de Juntos por el Cambio, el triunfo sobre San Luis representa un resultado central para el jefe de gobierno porte\u00f1o. <strong>Sin cruzarse con su competencia<\/strong> dentro de la interna, Patricia Bullrich, Larreta festej\u00f3 junto a Poggi.&nbsp;<\/p>\n<p><strong>\u201cLa conformaci\u00f3n del frente hizo posible el cambio. La vocaci\u00f3n de sumar no concluye nunca. El ejemplo es el de Claudio, mir\u00e1 el resultado: les ganamos a los Rodr\u00edguez Saa despu\u00e9s de m\u00e1s de 40 a\u00f1os\u00bb, dijo Larreta.<\/strong><\/p>\n<p>Previamente, el jefe de gobierno porte\u00f1o se encontraba en <strong>Corrientes<\/strong>, donde esperaba los resultados de las elecciones legislativas de esa provincia. <strong>All\u00ed comparti\u00f3 una reuni\u00f3n con Vald\u00e9s,<\/strong>&nbsp;en su despacho de la Casa de Gobierno, donde tambi\u00e9n estuvo el presidente de la Coalici\u00f3n C\u00edvica-ARI, Maximiliano Ferraro.<\/p>\n<p>\u00abYa estamos juntos y lo vamos a ratificar, para ganarle al kirchnerismo y que se vayan para siempre y&nbsp;<strong>para bajar la inflaci\u00f3n, tenemos que estar juntos y nos une la pasi\u00f3n por el trabajo\u00bb<\/strong>, dijo Rodr\u00edguez Larreta.<\/p>\n<div>\n<figure class=\"image\"><img alt=\"Horacio Rodr\u00edguez Larreta: \" src=\"http:\/\/cordobainforma.info\/wp-content\/uploads\/2023\/06\/los-resultados-de-las-elecciones-en-san-luis-el-festejo-de-poggi-junto-a-horacio-rodriguez-larreta-1.jpg\" loading=\"lazy\"><figcaption>Larreta llegar\u00e1 a San Luis por la noche, para acompa\u00f1ar a Claudio Poggi<\/figcaption><\/figure>\n<\/div>\n<p>Por la madrugada, Larreta tiene previsto arribar a <strong>Tucum\u00e1n<\/strong>, donde se mostrar\u00e1 junto al binomio de Juntos por el Cambio, Roberto S\u00e1nchez y Germ\u00e1n Alfaro. Sin embargo, por una cuesti\u00f3n de tiempos, el mandatario porte\u00f1o no visitar\u00e1 <strong>Mendoza<\/strong>, donde este domingo tambi\u00e9n se celebraron las PASO.<\/p>\n<h2><span>\u00bfC\u00f3mo funciona el sistema electoral puntano?<\/span><\/h2>\n<p>Los comicios se desarrollaron con normalidad en todo el territorio provincial y, seg\u00fan relataron desde la Secretar\u00eda Electoral, la mayor\u00eda de las personas se acerc\u00f3 hacia media ma\u00f1ana y al mediod\u00eda.&nbsp;<\/p>\n<p>En San Luis se aplica la <strong>ley de lemas, un sistema electoral conocido como doble voto simult\u00e1neo<\/strong>. As\u00ed lo estableci\u00f3 en febrero el gobernador Alberto Rodr\u00edguez Sa\u00e1, a trav\u00e9s del decreto 52, por el cual hizo oficial la convocatoria a las elecciones. Este sistema tambi\u00e9n se utiliza en otros distritos, como Formosa, Misiones y Santa Cruz.<\/p>\n<p>Este m\u00e9todo permite que cada partido o alianza constituya un lema, el cual se compone por <strong>sublemas<\/strong>, es decir, listas internas de cada agrupaci\u00f3n. As\u00ed es como cada espacio puede presentar la cantidad de candidatos que disponga. En esta oportunidad, <strong>compitieron m\u00e1s de 3500 personas <\/strong>en San Luis para los distintos cargos provinciales y municipales.<\/p>\n<p class=\"destacadoNota\"><a target=\"_blank\" href=\"https:\/\/www.perfil.com\/noticias\/politica\/los-resultados-de-las-elecciones-en-tucuman.phtml\" rel=\"noopener noreferrer\">Los resultados de las Elecciones en Tucum\u00e1n: pese a las demoras, cerraron los comicios con una participaci\u00f3n del 72%<\/a><\/p>\n<p>A la hora del escrutinio, se suma el total de votos que recibe cada sublema y <strong>quien resulta ganador es el candidato del lema que obtuvo m\u00e1s sufragios<\/strong>, sin importar si fue el m\u00e1s elegido por la gente.<\/p>\n<p>Por lo tanto, la ley de lemas demandar\u00e1 un conteo de votos categor\u00eda por categor\u00eda, y por ello, una tendencia surgir\u00e1 reci\u00e9n hacia la medianoche, cuando haya un volumen considerable de mesas escrutadas de la capital y de Villa Mercedes, que concentran m\u00e1s del 70% del padr\u00f3n.<\/p>\n<h2>Qui\u00e9n es Claudio Poggi, el candidato mejor posicionado para gobernador&nbsp;<\/h2>\n<p>El <strong>actual diputado nacional Claudio Poggi<\/strong> se postula por <strong>\u201cCambia San Luis\u201d<\/strong> a la gobernaci\u00f3n, con Ricardo Endeiza como vice, <strong>apoyado por Adolfo Rodr\u00edguez Sa\u00e1<\/strong>. Poggi, nacido hace casi 60 a\u00f1os en C\u00f3rdoba, <strong>ya fue gobernador de San Luis entre 2011 y 2015<\/strong>, y ahora se presenta como adversario del candidato Jorge \u201cEl Gato\u201d Fern\u00e1ndez, impulsado por Alberto Rodr\u00edguez Saa.&nbsp;<\/p>\n<p>Representante provincial ante el Consejo Federal de Inversiones, subsecretario de Hacienda y m\u00e1s tarde ministro de Econom\u00eda, Poggi fue parte de la fugaz presidencia de Rodr\u00edguez Sa\u00e1 en 2001, para luego llegar a Buenos Aires. <strong>Fue diputado nacional<\/strong> entre 2003 y 2009, con licencias para ocupar cargos de ministro en los gobiernos de Alberto Rodr\u00edguez Sa\u00e1, quien en 2011 acept\u00f3 la sugerencia de Adolfo para que Poggi sea el candidato a gobernador.<\/p>\n<p class=\"destacadoNota\"><a target=\"_blank\" href=\"https:\/\/www.perfil.com\/noticias\/politica\/sin-los-rodrigez-saa-san-luis-elige-gobernador-y-vicegobernador.phtml\" rel=\"noopener noreferrer\">Sin los Rodr\u00edguez Sa\u00e1, San Luis vive una &#8216;rara&#8217; elecci\u00f3n: \u00abEs un voto de libertad\u00bb, dijo Claudio Poggi<\/a><\/p>\n<p>Luego de su gobernaci\u00f3n, perteneciente a la Alianza Compromiso Federal, Poggi decidi\u00f3 no ir por la reelecci\u00f3n y se present\u00f3 como candidato a diputado nacional y encabez\u00f3 la lista de Compromiso Federal.&nbsp;<\/p>\n<p>En febrero del 2016 dej\u00f3 de pertenecer al bloque Compromiso Federal para conformar un bloque unipersonal en la C\u00e1mara de Diputados de la Naci\u00f3n llamado \u00abAvanzar San Luis\u00bb. <strong>En el 2017 fue elegido como senador nacional por la alianza Cambiemos<\/strong>.<\/p>\n<h2>Adolfo Rodr\u00edguez Sa\u00e1 reconoci\u00f3 \u00abdiscrepancias muy profundas\u00bb con su hermano Alberto<\/h2>\n<p><img alt=\"Adolfo Rodr\u00edguez Sa\u00e1 20220826\" src=\"http:\/\/cordobainforma.info\/wp-content\/uploads\/2023\/06\/los-resultados-de-las-elecciones-en-san-luis-el-festejo-de-poggi-junto-a-horacio-rodriguez-larreta-2.jpg\" loading=\"lazy\"><\/p>\n<p>El senador nacional por San Luis Adolfo Rodr\u00edguez Sa\u00e1 asegur\u00f3 hoy que <a target=\"_blank\" href=\"https:\/\/www.perfil.com\/noticias\/politica\/los-hermanos-rodriguez-saa-exhibieron-sus-graves-discrepancias-politicas-en-una-eleccion-provincial-clave.phtml\" rel=\"noopener noreferrer\"><strong>tiene \u00abdiscrepancias muy profundas\u00bb con su hermano, el gobernador Alberto Rodr\u00edguez Sa\u00e1<\/strong><\/a>.<\/p>\n<p>\u00abLamentablemente las discrepancias pol\u00edticas que tenemos son muy graves. Porque de tener la mejor provincia, la que causaba sensaci\u00f3n, la que dec\u00edamos \u00b4es otro pa\u00eds\u00b4&#8230; Ten\u00edamos los mejores indicadores, arrancamos en 1983 en la cola y est\u00e1bamos en los primeros lugares de la tabla en todos los indicadores de todos los organismos, los mejores del pa\u00eds. Ahora estamos en los peores lugares\u00bb, cuestion\u00f3 el legislador.<\/p>\n<p>Al concurrir a votar, en momentos en que acompa\u00f1a a la lista opositora que encabeza Claudio Poggi, Rodr\u00edguez Sa\u00e1 <strong>dijo que lo peor de la administraci\u00f3n de Alberto es que siete de cada diez ni\u00f1os viven en una familia pobre y que la mitad est\u00e1n mal alimentados.<\/strong><\/p>\n<p class=\"destacadoNota\"><a target=\"_blank\" href=\"https:\/\/www.perfil.com\/noticias\/politica\/los-resultados-de-las-elecciones-paso-en-mendoza.phtml\" rel=\"noopener noreferrer\">Los resultados de las Elecciones PASO en Mendoza: cerraron unos comicios clave a nivel nacional con una participaci\u00f3n del 70%<\/a><\/p>\n<p>\u00abEs grav\u00edsimo, es muy doloroso. Esta es la diferencia. Por esa raz\u00f3n estamos en diferentes veredas\u00bb, se quej\u00f3, y record\u00f3: \u00abA m\u00ed me echaron del Partido Justicialista de San Luis con la Polic\u00eda y con el amparo de la Justicia Electoral nacional\u00bb.<\/p>\n<p>\u00abVolver es lo que desear\u00eda. Pero las estructuras partidarias org\u00e1nicas tienen una din\u00e1mica propia. Los cientos de dirigentes que hab\u00edamos actuado entre 1983 y 2001, y que fuimos echados, ahora no pertenecemos y eso es muy dif\u00edcil\u00bb, asegur\u00f3.<\/p>\n<p>Y agreg\u00f3: <strong>\u00abEstoy retirado por el momento de las actividades del peronismo nacional porque me aboqu\u00e9 a lo provincial. Pero si miro el panorama, es lamentable tanto en el oficialismo como en la oposici\u00f3n.<\/strong> Se est\u00e1n peleando a 20 d\u00edas de la elecci\u00f3n. Hay que respetar la ley y que haya PASO. Si mi opini\u00f3n pudiera tenerse en cuenta, deber\u00eda presentar su lista Wado (de Pedro), (Daniel) Scioli, todos. Invitarlo a (el ex secretario de Comercio, Guillermo) Moreno. Y en Juntos por el Cambio, lo mismo. Que el pueblo argentino vote y decide, que no sea por un acuerdo de c\u00fapulas\u00bb.<br \/>&nbsp;<\/p>\n<h2>Qu\u00e9 se vot\u00f3 en San Luis<\/h2>\n<p>Si bien los hermanos Alberto y Adolfo Rodr\u00edguez Sa\u00e1 no se postularon, jugaron a favor de las dos principales coaliciones: el oficialista Uni\u00f3n por San Luis, con el apoyo del gobernador, Alberto, tuvo como sublema principal a \u00abCeleste unidad\u00bb, que presenta la f\u00f3rmula conformada por el ex juez del Superior Tribunal de Justicia puntana Jorge Fern\u00e1ndez junto a la senadora nacional Eugenia Catalfamo para gobernador y vice, respectivamente.<\/p>\n<p>Por este espacio, tambi\u00e9n se presentaron Mariela Cros con el sublema \u00abMovimiento Evita, Tierra, Techo y Trabajo\u00bb; el actual ministro de Producci\u00f3n, Marcelo Amitrano, con \u00abBlanca Azul y Blanca\u00bb; y Diego Gonz\u00e1lez, con \u00abModelo Productivo\u00bb. Todos esos sublemas suman para el frente oficialista.<\/p>\n<p>En la vereda de enfrente estuvo \u00abCambia San Luis\u00bb, apoyado por el expresidente y exgobernador Adolfo Rodr\u00edguez Sa\u00e1, y cuyo sublema principal \u00abAvanzar\u00bb lo representa el diputado nacional Claudio Poggi y por el abogado Ricardo Endeiza. En este mismo frente opositor, el sublema \u00abEncuentro Multisectorial\u00bb presenta a Eduardo Mones Ruiz como candidato a gobernador, acompa\u00f1ado por Marcelo Rodas para vice.<\/p>\n<p>Por primera vez en 40 a\u00f1os de democracia, la izquierda exhibi\u00f3 candidatos para los principales cargos de la provincia de San Luis: el Frente de Izquierda y de los Trabajadores llevar\u00e1 como principales candidatos a Johana Anah\u00ed Gomez y Dario Iv\u00e1n Amado para gobernadora y vicegobernador, respectivamente.<\/p>\n<p><strong>Elecci\u00f3n de senadores y diputados<\/strong><\/p>\n<p>Adem\u00e1s de elegir gobernador y vicegobernador para los pr\u00f3ximos cuatro a\u00f1os, San Luis renueva en estas elecciones cinco bancas de senadores y 21 de diputados provinciales, sumado a 17 intendencias, 38 comisionados municipales y m\u00e1s de 70 cargos de concejales. La provincia es una de las ocho que este a\u00f1o renueva bancas para el Senado de la Naci\u00f3n y la C\u00e1mara de Diputados de la Naci\u00f3n en la misma fecha que las presidenciales.<\/p>\n<h2>Qu\u00e9 hago si no fui a votar y de cu\u00e1nto es la multa<\/h2>\n<p>En las elecciones&nbsp;generales&nbsp;en San Luis, votar&nbsp;<strong>es obligatorio para los electores mayores de 18 a\u00f1os y menores de 70 a\u00f1os.&nbsp;<\/strong>El jueves 10 de agosto vence el plazo para&nbsp;<strong>justificar el no voto ante la Justicia Electoral Provincial.<\/strong><\/p>\n<p>En algunos casos est\u00e1 justificado no concurrir a votar, como&nbsp;estar enfermo o imposibilitado por fuerza mayor,&nbsp;ser juez o auxiliar de la Justicia, o encontrarse a m\u00e1s de 500&nbsp;kil\u00f3metros del lugar donde deba&nbsp;votar. En el \u00faltimo caso, se debe obtener un certificado en la comisar\u00eda m\u00e1s cercana, o en sede consular si se encuentra en el exterior. Adem\u00e1s, en caso de haber perdido el DNI, se deber\u00e1 denunciar, para tambi\u00e9n quedar exento de multas.&nbsp;<\/p>\n<p class=\"destacadoNota\"><strong>Se impondr\u00e1 multa de $50 a $500<\/strong><\/p>\n<p>El<strong>&nbsp;C\u00f3digo Nacional Electoral<\/strong>&nbsp;establece en su art\u00edculo 125, en el apartado \u201cfaltas electorales\u201d, que \u201c<strong>se impondr\u00e1 multa de $50 a $500<\/strong>&nbsp;al elector mayor de 18 a\u00f1os y menor de 70 a\u00f1os que dejare de emitir su voto y no se justificare ante la justicia nacional electoral dentro de los sesenta 60 d\u00edas de la respectiva elecci\u00f3n\u201d.<\/p>\n<p><strong>Quienes no paguen la multa por no haber ido a votar quedar\u00e1n registrados como infractores<\/strong>. No podr\u00e1n realizar algunos tr\u00e1mites durante un a\u00f1o, como obtener el pasaporte, y tampoco podr\u00e1n ser designados para desempe\u00f1ar funciones o empleos p\u00fablicos durante tres a\u00f1os a partir de la elecci\u00f3n.<\/p>\n<div class=\"article__tags\">\n<p>En esta Nota<\/p>\n<\/p><\/div>\n","protected":false},"excerpt":{"rendered":"<p>Cerraron las 1308 mesas de votaci\u00f3n en la provincia de San Luis, que este domingo celebr\u00f3 elecciones para&nbsp;elegir gobernador y vice, senadores y diputados provinciales, intendentes municipales y concejales, con Ley de Lemas y con la particularidad de que el apellido Rodr\u00edguez Sa\u00e1 no estuvo en ninguna de las boletas. Resultados parciales&nbsp; Con el&nbsp;45.71\u200b\u200b% de [&hellip;]<\/p>\n","protected":false},"author":1,"featured_media":77620,"comment_status":"closed","ping_status":"closed","sticky":false,"template":"","format":"standard","meta":[],"categories":[2],"tags":[],"_links":{"self":[{"href":"http:\/\/cordobainforma.info\/index.php\/wp-json\/wp\/v2\/posts\/77619"}],"collection":[{"href":"http:\/\/cordobainforma.info\/index.php\/wp-json\/wp\/v2\/posts"}],"about":[{"href":"http:\/\/cordobainforma.info\/index.php\/wp-json\/wp\/v2\/types\/post"}],"author":[{"embeddable":true,"href":"http:\/\/cordobainforma.info\/index.php\/wp-json\/wp\/v2\/users\/1"}],"replies":[{"embeddable":true,"href":"http:\/\/cordobainforma.info\/index.php\/wp-json\/wp\/v2\/comments?post=77619"}],"version-history":[{"count":0,"href":"http:\/\/cordobainforma.info\/index.php\/wp-json\/wp\/v2\/posts\/77619\/revisions"}],"wp:featuredmedia":[{"embeddable":true,"href":"http:\/\/cordobainforma.info\/index.php\/wp-json\/wp\/v2\/media\/77620"}],"wp:attachment":[{"href":"http:\/\/cordobainforma.info\/index.php\/wp-json\/wp\/v2\/media?parent=77619"}],"wp:term":[{"taxonomy":"category","embeddable":true,"href":"http:\/\/cordobainforma.info\/index.php\/wp-json\/wp\/v2\/categories?post=77619"},{"taxonomy":"post_tag","embeddable":true,"href":"http:\/\/cordobainforma.info\/index.php\/wp-json\/wp\/v2\/tags?post=77619"}],"curies":[{"name":"wp","href":"https:\/\/api.w.org\/{rel}","templated":true}]}}