{"id":77575,"date":"2023-06-12T01:39:54","date_gmt":"2023-06-12T01:39:54","guid":{"rendered":"http:\/\/cordobainforma.info\/index.php\/2023\/06\/12\/coronel-retirada-y-exdiplomatica-de-ee-uu-la-expansion-de-la-otan-solo-la-debilitara\/"},"modified":"2023-06-12T01:39:54","modified_gmt":"2023-06-12T01:39:54","slug":"coronel-retirada-y-exdiplomatica-de-ee-uu-la-expansion-de-la-otan-solo-la-debilitara","status":"publish","type":"post","link":"http:\/\/cordobainforma.info\/index.php\/2023\/06\/12\/coronel-retirada-y-exdiplomatica-de-ee-uu-la-expansion-de-la-otan-solo-la-debilitara\/","title":{"rendered":"Coronel retirada y exdiplom\u00e1tica de EE.UU.: \u00abLa expansi\u00f3n de la OTAN solo la debilitar\u00e1\u00bb"},"content":{"rendered":"<p><img src=\"http:\/\/cordobainforma.info\/wp-content\/uploads\/2023\/06\/coronel-retirada-y-exdiplomatica-de-ee-uu-la-expansion-de-la-otan-solo-la-debilitara.jpg\"><\/p>\n<div readability=\"32\">\n<p><span>Publicado:<\/span><time class=\"Timestamp-root Timestamp-isBlackColor \" datetime=\"2023-06-12T01:39:54+00:00\"> 12 jun 2023 01:39 GMT <\/time><\/p>\n<\/div>\n<div readability=\"34\">\n<p> En opini\u00f3n de Ann Wright, los miembros del bloque militar deben pensar \u00absi vale la pena meterse en problemas para apoyar las est\u00fapidas guerras\u00bb de la Alianza. <\/p>\n<\/div>\n<div readability=\"63.235908141962\">\n<p>La OTAN \u00abgoza de excelente salud\u00bb por el momento, lo que genera la impresi\u00f3n de que puede \u00abexpandirse pronto a otros pa\u00edses\u00bb, se\u00f1ala la coronel retirada del Ej\u00e9rcito de EE.UU. y exdiplom\u00e1tica Ann Wright. Sin embargo,&nbsp;considera que \u00abesto no fortalece a <a href=\"https:\/\/actualidad.rt.com\/actualidad\/166345-organizacion-tratado-atlantico-norte-otan\" target=\"_blank\" rel=\"up noopener noreferrer\">la OTAN<\/a>, sino que la debilita\u00bb.<\/p>\n<p>\u00abEn este punto est\u00e1 claro que no es una alianza defensiva sino ofensiva\u00bb, <a href=\"https:\/\/www.ilfattoquotidiano.it\/in-edicola\/articoli\/2023\/06\/11\/ucraina-leroina-usa-wright-se-la-nato-sallarga-sindebolisce-italia-pensa-al-tuo-bene\/7190133\/\" target=\"_blank\" rel=\"noopener noreferrer\">afirm\u00f3<\/a> en una entrevista con el peri\u00f3dico italiano Il Fatto Cuotidiano. \u00abY de hecho, uno de sus principales objetivos es llevar adelante algunos conflictos\u00bb, agreg\u00f3.<\/p>\n<div class=\"ReadMore-root Section-root Section-is1to3-xs_is1to1\" data-widgets=\"ReadMore\">\n<div class=\"Section-container Section-isRow-isTop-isWrap\">\n<article class=\"Card-root Card-is1to1 \">\n<div class=\"Card-imageWrap\">\n<div class=\"Card-picture\"> <picture class=\"Picture-root Picture-default\"><!--[if IE 9]><video style=\"display: none;\"><![endif]--><source media=\"(-webkit-min-device-pixel-ratio: 2) and (min-resolution: 120dpi)\" srcset=\"http:\/\/cordobainforma.info\/wp-content\/uploads\/2023\/06\/coronel-retirada-y-exdiplomatica-de-ee-uu-la-expansion-de-la-otan-solo-la-debilitara-2.jpg 850w, http:\/\/cordobainforma.info\/wp-content\/uploads\/2023\/06\/coronel-retirada-y-exdiplomatica-de-ee-uu-la-expansion-de-la-otan-solo-la-debilitara-3.jpg 1960w\"><source srcset=\"http:\/\/cordobainforma.info\/wp-content\/uploads\/2023\/06\/coronel-retirada-y-exdiplomatica-de-ee-uu-la-expansion-de-la-otan-solo-la-debilitara-2.jpg 460w, http:\/\/cordobainforma.info\/wp-content\/uploads\/2023\/06\/coronel-retirada-y-exdiplomatica-de-ee-uu-la-expansion-de-la-otan-solo-la-debilitara-3.jpg 980w\"><!--[if IE 9]><\/video><![endif]--><img data-sizes=\"auto\" src=\"http:\/\/cordobainforma.info\/wp-content\/uploads\/2023\/06\/coronel-retirada-y-exdiplomatica-de-ee-uu-la-expansion-de-la-otan-solo-la-debilitara-2.jpg\" class=\"Picture-root Picture-default lazyload\" alt=\"Ex primer ministro ucraniano: La OTAN &quot;se promociona&quot; enviando armas inoperativas a Kiev\"><\/picture><!-- noscript pattern --><noscript><img src=\"http:\/\/cordobainforma.info\/wp-content\/uploads\/2023\/06\/coronel-retirada-y-exdiplomatica-de-ee-uu-la-expansion-de-la-otan-solo-la-debilitara-3.jpg\" alt=\"Ex primer ministro ucraniano: La OTAN &quot;se promociona&quot; enviando armas inoperativas a Kiev\"><\/noscript> <\/div><\/div>\n<\/article><\/div><\/div>\n<p>Bajo esta l\u00ednea, la exfuncionaria del Departamento de Estado de 76 a\u00f1os exhorta a los pa\u00edses miembros de la OTAN a \u00abdarse cuenta de c\u00f3mo es esta organizaci\u00f3n y cu\u00e1n peligrosa es\u00bb. En su opini\u00f3n, parte de los peligros proviene del hecho de que la alianza sea guiada por EE.UU., al ser un pa\u00eds que involucra a otros en guerras como la <a href=\"https:\/\/actualidad.rt.com\/actualidad\/461303-tony-blair-revelar-invasion-irak-justificar\" target=\"_blank\" rel=\"up noopener noreferrer\">invasi\u00f3n de Irak<\/a>&nbsp;en 2003, un hecho hist\u00f3rico que oblig\u00f3 a Wright a retirarse del servicio por desacuerdo.<\/p>\n<p>En este sentido, sugiere a los aliados de Washington \u00abpensar m\u00e1s en s\u00ed mismos y si vale la pena meterse en problemas para apoyar las est\u00fapidas guerras de la OTAN\u00bb. Quiz\u00e1s para ellos pueda \u00abhaber un enfoque distinto\u00bb, declar\u00f3 la mujer.<\/p>\n<p>Hace unos d\u00edas, la Canciller\u00eda china <a href=\"https:\/\/actualidad.rt.com\/actualidad\/469347-china-paises-asia-rechaza-expansion-otan\" target=\"_blank\" rel=\"up noopener noreferrer\">se\u00f1al\u00f3<\/a> que la mayor\u00eda de los pa\u00edses de Asia est\u00e1 en contra de la expansi\u00f3n de la OTAN hacia el este y tambi\u00e9n rechazan el surgimiento de bloques militares en la regi\u00f3n.<\/p>\n<\/div>\n","protected":false},"excerpt":{"rendered":"<p>Publicado: 12 jun 2023 01:39 GMT En opini\u00f3n de Ann Wright, los miembros del bloque militar deben pensar \u00absi vale la pena meterse en problemas para apoyar las est\u00fapidas guerras\u00bb de la Alianza. La OTAN \u00abgoza de excelente salud\u00bb por el momento, lo que genera la impresi\u00f3n de que puede \u00abexpandirse pronto a otros pa\u00edses\u00bb, [&hellip;]<\/p>\n","protected":false},"author":1,"featured_media":77576,"comment_status":"closed","ping_status":"closed","sticky":false,"template":"","format":"standard","meta":[],"categories":[22],"tags":[],"_links":{"self":[{"href":"http:\/\/cordobainforma.info\/index.php\/wp-json\/wp\/v2\/posts\/77575"}],"collection":[{"href":"http:\/\/cordobainforma.info\/index.php\/wp-json\/wp\/v2\/posts"}],"about":[{"href":"http:\/\/cordobainforma.info\/index.php\/wp-json\/wp\/v2\/types\/post"}],"author":[{"embeddable":true,"href":"http:\/\/cordobainforma.info\/index.php\/wp-json\/wp\/v2\/users\/1"}],"replies":[{"embeddable":true,"href":"http:\/\/cordobainforma.info\/index.php\/wp-json\/wp\/v2\/comments?post=77575"}],"version-history":[{"count":0,"href":"http:\/\/cordobainforma.info\/index.php\/wp-json\/wp\/v2\/posts\/77575\/revisions"}],"wp:featuredmedia":[{"embeddable":true,"href":"http:\/\/cordobainforma.info\/index.php\/wp-json\/wp\/v2\/media\/77576"}],"wp:attachment":[{"href":"http:\/\/cordobainforma.info\/index.php\/wp-json\/wp\/v2\/media?parent=77575"}],"wp:term":[{"taxonomy":"category","embeddable":true,"href":"http:\/\/cordobainforma.info\/index.php\/wp-json\/wp\/v2\/categories?post=77575"},{"taxonomy":"post_tag","embeddable":true,"href":"http:\/\/cordobainforma.info\/index.php\/wp-json\/wp\/v2\/tags?post=77575"}],"curies":[{"name":"wp","href":"https:\/\/api.w.org\/{rel}","templated":true}]}}