{"id":77573,"date":"2023-06-12T02:29:31","date_gmt":"2023-06-12T02:29:31","guid":{"rendered":"http:\/\/cordobainforma.info\/index.php\/2023\/06\/12\/kim-jong-un-desea-la-victoria-para-rusia-en-su-lucha-contra-los-imperialistas\/"},"modified":"2023-06-12T02:29:31","modified_gmt":"2023-06-12T02:29:31","slug":"kim-jong-un-desea-la-victoria-para-rusia-en-su-lucha-contra-los-imperialistas","status":"publish","type":"post","link":"http:\/\/cordobainforma.info\/index.php\/2023\/06\/12\/kim-jong-un-desea-la-victoria-para-rusia-en-su-lucha-contra-los-imperialistas\/","title":{"rendered":"Kim Jong-un desea la victoria para Rusia en su lucha contra los \u00abimperialistas\u00bb"},"content":{"rendered":"<div><img src=\"http:\/\/cordobainforma.info\/wp-content\/uploads\/2023\/06\/kim-jong-un-desea-la-victoria-para-rusia-en-su-lucha-contra-los-imperialistas.jpg\" class=\"ff-og-image-inserted\"><\/div>\n<div readability=\"32\">\n<p><span>Publicado:<\/span><time class=\"Timestamp-root Timestamp-isBlackColor \" datetime=\"2023-06-12T02:29:31+00:00\"> 12 jun 2023 02:29 GMT <\/time><\/p>\n<\/div>\n<div readability=\"51.585657370518\">\n<p>El l\u00edder de Corea del Norte, Kim Jong-un, envi\u00f3 este lunes 12 de junio una carta al presidente Vlad\u00edmir Putin con motivo del D\u00eda de Rusia en la que manifest\u00f3 \u00abpleno apoyo y solidaridad\u00bb con la naci\u00f3n euroasi\u00e1tica en su lucha por la justicia contra el imperialismo, <a href=\"https:\/\/kcnawatch.org\/newstream\/1686521388-398467602\/greetings-to-russian-president\/\" target=\"_blank\" rel=\"noopener noreferrer\">inform\u00f3<\/a> la Agencia Telegr\u00e1fica Central de Corea.<\/p>\n<p>Kim se\u00f1al\u00f3 en la misiva que Mosc\u00fa ha entrado en \u00abuna fase decisiva\u00bb en la lucha contra las \u00ab<strong>fuerzas hostiles<\/strong>\u00bb que \u00ab<strong>desaf\u00edan para privar a Rusia de su soberan\u00eda<\/strong>, seguridad y vida pac\u00edfica\u00bb. \u00abLa justicia siempre triunfar\u00e1 y el pueblo ruso seguir\u00e1 a\u00f1adiendo gloria a la historia de la victoria, una tradici\u00f3n que le es propia\u00bb.<\/p>\n<p>\u00abEl pueblo de la Rep\u00fablica Popular Democr\u00e1tica de Corea extiende su pleno apoyo y solidaridad con el pueblo ruso en su lucha sin cuartel por llevar a la pr\u00e1ctica la sagrada causa para preservar los derechos soberanos, el desarrollo y los intereses de su pa\u00eds contra las pr\u00e1cticas prepotentes y arbitrarias de los imperialistas\u00bb, reza la carta.<\/p>\n<\/div>\n","protected":false},"excerpt":{"rendered":"<p>Publicado: 12 jun 2023 02:29 GMT El l\u00edder de Corea del Norte, Kim Jong-un, envi\u00f3 este lunes 12 de junio una carta al presidente Vlad\u00edmir Putin con motivo del D\u00eda de Rusia en la que manifest\u00f3 \u00abpleno apoyo y solidaridad\u00bb con la naci\u00f3n euroasi\u00e1tica en su lucha por la justicia contra el imperialismo, inform\u00f3 la [&hellip;]<\/p>\n","protected":false},"author":1,"featured_media":77574,"comment_status":"closed","ping_status":"closed","sticky":false,"template":"","format":"standard","meta":[],"categories":[22],"tags":[],"_links":{"self":[{"href":"http:\/\/cordobainforma.info\/index.php\/wp-json\/wp\/v2\/posts\/77573"}],"collection":[{"href":"http:\/\/cordobainforma.info\/index.php\/wp-json\/wp\/v2\/posts"}],"about":[{"href":"http:\/\/cordobainforma.info\/index.php\/wp-json\/wp\/v2\/types\/post"}],"author":[{"embeddable":true,"href":"http:\/\/cordobainforma.info\/index.php\/wp-json\/wp\/v2\/users\/1"}],"replies":[{"embeddable":true,"href":"http:\/\/cordobainforma.info\/index.php\/wp-json\/wp\/v2\/comments?post=77573"}],"version-history":[{"count":0,"href":"http:\/\/cordobainforma.info\/index.php\/wp-json\/wp\/v2\/posts\/77573\/revisions"}],"wp:featuredmedia":[{"embeddable":true,"href":"http:\/\/cordobainforma.info\/index.php\/wp-json\/wp\/v2\/media\/77574"}],"wp:attachment":[{"href":"http:\/\/cordobainforma.info\/index.php\/wp-json\/wp\/v2\/media?parent=77573"}],"wp:term":[{"taxonomy":"category","embeddable":true,"href":"http:\/\/cordobainforma.info\/index.php\/wp-json\/wp\/v2\/categories?post=77573"},{"taxonomy":"post_tag","embeddable":true,"href":"http:\/\/cordobainforma.info\/index.php\/wp-json\/wp\/v2\/tags?post=77573"}],"curies":[{"name":"wp","href":"https:\/\/api.w.org\/{rel}","templated":true}]}}