{"id":77522,"date":"2023-06-12T01:38:03","date_gmt":"2023-06-12T01:38:03","guid":{"rendered":"https:\/\/www.clarin.com\/deportes\/romantico-posteo-julian-alvarez-novia-emilia-ferrero_0_BkDuHAlcY5.html"},"modified":"2023-06-12T01:38:03","modified_gmt":"2023-06-12T01:38:03","slug":"el-romantico-posteo-de-julian-alvarez-para-su-novia-emilia-ferrero","status":"publish","type":"post","link":"http:\/\/cordobainforma.info\/index.php\/2023\/06\/12\/el-romantico-posteo-de-julian-alvarez-para-su-novia-emilia-ferrero\/","title":{"rendered":"El rom\u00e1ntico posteo de Juli\u00e1n \u00c1lvarez para su novia Emilia Ferrero"},"content":{"rendered":"<p><img src=\"http:\/\/cordobainforma.info\/wp-content\/uploads\/2023\/06\/el-romantico-posteo-de-julian-alvarez-para-su-novia-emilia-ferrero.jpg\"><\/p>\n<div readability=\"32\">\n<div class=\"title check-space\" data-color=\"style='background-color:'\" readability=\"9\">\n<p><h2>Un d\u00eda despu\u00e9s de ganar la Champions, el Ara\u00f1a le dedic\u00f3 cari\u00f1osas palabras a su pareja por su cumplea\u00f1os.<\/h2>\n<\/p>\n<\/div><\/div>\n<div id=\"entry-body\">\n<p>Juli\u00e1n \u00c1lvarez sigue de festejo. Un d\u00eda despu\u00e9s de ganar la Champions League con el Manchester City, el delantero argentino<strong> celebr\u00f3 este domingo el cumplea\u00f1os de su novia, Emilia Ferrero, con un rom\u00e1ntico posteo<\/strong> en sus redes sociales. Ella hab\u00eda estado con \u00e9l en el campo de juego del estadio al momento de levantar la Orejona.<\/p>\n<p>\u00abMe hace feliz verte feliz, me hace feliz que se cumplan tus deseos y me har\u00eda muy feliz que todos tus sue\u00f1os se hagan realidad. <strong>Gracias por estar siempre, gracias por apoyarme, gracias por ense\u00f1arme y gracias por ser como sos. Nunca dejes de sonre\u00edr, te mereces todo.<\/strong> \u00a1FELIZ CUMPLEA\u00d1OS MAR\u00cdA EMILIA! TE AMO UN MONT\u00d3N\u00bb, escribi\u00f3 Juli\u00e1n en su cuenta de Instagram, con una foto de ambos recostados en una playa.<\/p>\n<p>El posteo r\u00e1pidamente explot\u00f3 en likes y comentarios, entre ellos el de la propia Emilia, quien retribuy\u00f3 el gesto con la misma tesitura: \u00ab<strong>Muchas gracias por todo mi amor! A tu lado ya soy feliz. Te amo mucho\u00bb. <\/strong>Un fin de semana sin dudas inolvidable para la pareja.<\/p>\n<div class=\"sp__Normal embed-box embed-body-photo\" data-index=\"0\">\n<picture class=\"pointer\">\n<img class=\"img-expand\" width=\"100\" height=\"100\" loading=\"lazy\" src=\"http:\/\/cordobainforma.info\/wp-content\/uploads\/2023\/06\/el-romantico-posteo-de-julian-alvarez-para-su-novia-emilia-ferrero-2.jpg\" alt=\"Juli\u00e1n \u00c1lvarez y un rom\u00e1ntico posteo para su novia.\"><br \/>\n<span class=\"bt-expand\"><br \/>\n<svg class=\"ico white_mod\">\n<use class=\"use-expand\" xlink:href=\"#icon-expand\" \/>\n<\/svg><br \/>\n<\/span>\n<\/picture><figcaption>Juli\u00e1n \u00c1lvarez y un rom\u00e1ntico posteo para su novia. <\/figcaption><\/div>\n<h2><strong>Juli\u00e1n y su novia en la final de la Champions<\/strong><\/h2>\n<div class=\"sp__Normal embed-box embed-body-photo\" data-index=\"2\">\n<picture class=\"pointer\">\n<img class=\"img-expand\" width=\"100\" height=\"100\" loading=\"lazy\" src=\"http:\/\/cordobainforma.info\/wp-content\/uploads\/2023\/06\/el-romantico-posteo-de-julian-alvarez-para-su-novia-emilia-ferrero-3.jpg\" alt=\"Juli\u00e1n \u00c1lvarez con su novia Emilia.\"><br \/>\n<span class=\"bt-expand\"><br \/>\n<svg class=\"ico white_mod\">\n<use class=\"use-expand\" xlink:href=\"#icon-expand\" \/>\n<\/svg><br \/>\n<\/span>\n<\/picture><figcaption>Juli\u00e1n \u00c1lvarez con su novia Emilia. <\/figcaption><\/div>\n<p> <span class=\"title-related\">Mir\u00e1 tambi\u00e9n<\/span> <\/div>\n","protected":false},"excerpt":{"rendered":"<p>Un d\u00eda despu\u00e9s de ganar la Champions, el Ara\u00f1a le dedic\u00f3 cari\u00f1osas palabras a su pareja por su cumplea\u00f1os. Juli\u00e1n \u00c1lvarez sigue de festejo. Un d\u00eda despu\u00e9s de ganar la Champions League con el Manchester City, el delantero argentino celebr\u00f3 este domingo el cumplea\u00f1os de su novia, Emilia Ferrero, con un rom\u00e1ntico posteo en sus [&hellip;]<\/p>\n","protected":false},"author":1,"featured_media":77523,"comment_status":"closed","ping_status":"closed","sticky":false,"template":"","format":"standard","meta":[],"categories":[20],"tags":[],"_links":{"self":[{"href":"http:\/\/cordobainforma.info\/index.php\/wp-json\/wp\/v2\/posts\/77522"}],"collection":[{"href":"http:\/\/cordobainforma.info\/index.php\/wp-json\/wp\/v2\/posts"}],"about":[{"href":"http:\/\/cordobainforma.info\/index.php\/wp-json\/wp\/v2\/types\/post"}],"author":[{"embeddable":true,"href":"http:\/\/cordobainforma.info\/index.php\/wp-json\/wp\/v2\/users\/1"}],"replies":[{"embeddable":true,"href":"http:\/\/cordobainforma.info\/index.php\/wp-json\/wp\/v2\/comments?post=77522"}],"version-history":[{"count":0,"href":"http:\/\/cordobainforma.info\/index.php\/wp-json\/wp\/v2\/posts\/77522\/revisions"}],"wp:featuredmedia":[{"embeddable":true,"href":"http:\/\/cordobainforma.info\/index.php\/wp-json\/wp\/v2\/media\/77523"}],"wp:attachment":[{"href":"http:\/\/cordobainforma.info\/index.php\/wp-json\/wp\/v2\/media?parent=77522"}],"wp:term":[{"taxonomy":"category","embeddable":true,"href":"http:\/\/cordobainforma.info\/index.php\/wp-json\/wp\/v2\/categories?post=77522"},{"taxonomy":"post_tag","embeddable":true,"href":"http:\/\/cordobainforma.info\/index.php\/wp-json\/wp\/v2\/tags?post=77522"}],"curies":[{"name":"wp","href":"https:\/\/api.w.org\/{rel}","templated":true}]}}