{"id":77520,"date":"2023-06-12T01:42:10","date_gmt":"2023-06-12T01:42:10","guid":{"rendered":"https:\/\/www.clarin.com\/deportes\/uruguay-mundial-sub-20-convocados-bielsa-seleccion-mayor-campeones_0_8EFhAirVvr.html"},"modified":"2023-06-12T01:42:10","modified_gmt":"2023-06-12T01:42:10","slug":"quienes-son-los-siete-campeones-mundo-sub-20-de-uruguay-que-bielsa-convoco-a-la-mayor","status":"publish","type":"post","link":"http:\/\/cordobainforma.info\/index.php\/2023\/06\/12\/quienes-son-los-siete-campeones-mundo-sub-20-de-uruguay-que-bielsa-convoco-a-la-mayor\/","title":{"rendered":"Qui\u00e9nes son los siete campeones mundo Sub 20 de Uruguay que Bielsa convoc\u00f3 a la mayor"},"content":{"rendered":"<p><img src=\"http:\/\/cordobainforma.info\/wp-content\/uploads\/2023\/06\/quienes-son-los-siete-campeones-mundo-sub-20-de-uruguay-que-bielsa-convoco-a-la-mayor.jpg\"><\/p>\n<div readability=\"31.5\">\n<div class=\"title check-space\" data-color=\"style='background-color:'\" readability=\"8\">\n<p><h2>El entrenador argentino quiere seguir de cerca en esta gira a varios de los que ganaron el Mundial.<\/h2>\n<\/p>\n<\/div><\/div>\n<div id=\"entry-body\">\n<p><strong>Marcelo Bielsa<\/strong>, quien tom\u00f3 las riendas de la selecci\u00f3n de Uruguay hace muy poco, avis\u00f3 en su presentaci\u00f3n que en esta gira pretend\u00eda tener cerca a jugadores que conoc\u00eda poco y empezar con la renovaci\u00f3n pensando en el 2026. En ese sentido, <strong>hay <a data-cke-saved-href=\"https:\/\/www.clarin.com\/deportes\/uruguay-vs-italia-final-mundial-sub-20-previa-hora-verla-vivo-probables-formaciones_0_2Ej5z8ghoZ.html\" target=\"_blank\" href=\"https:\/\/www.clarin.com\/deportes\/uruguay-vs-italia-final-mundial-sub-20-previa-hora-verla-vivo-probables-formaciones_0_2Ej5z8ghoZ.html\" rel=\"noopener noreferrer\">siete j\u00f3venes que se consagraron este domingo del Mundial Sub 20<\/a> y tendr\u00e1n su oportunidad de estrenarse con la Mayor&#8230;<\/strong><\/p>\n<h2><strong>Los siete uruguayos campeones del Mundial Sub 20 que ir\u00e1n a la Mayor<\/strong><\/h2>\n<p>&#8211;<strong><em>Randall Rodr\u00edguez (Pe\u00f1arol)<\/em><\/strong>: <strong>El arquero del Carbonero hizo un Mundial b\u00e1rbaro<\/strong>. Recibi\u00f3 s\u00f3lo tres goles (todos frente a Inglaterra) y mantuvo la valla invicta en los otros seis compromisos, <strong>siendo clave ante T\u00fanez (1-0), Gambia (1-0) e Israel (1-0) para sellar las clasificaciones. <\/strong>Todav\u00eda no tuvo su debut en la Primera de Pe\u00f1arol, aunque lo consideran clave en el futuro. Bielsa, tambi\u00e9n.<\/p>\n<div class=\"sp__Normal embed-box embed-body-photo\" data-index=\"1\">\n<picture class=\"pointer\">\n<img class=\"img-expand\" width=\"100\" height=\"100\" loading=\"lazy\" src=\"http:\/\/cordobainforma.info\/wp-content\/uploads\/2023\/06\/quienes-son-los-siete-campeones-mundo-sub-20-de-uruguay-que-bielsa-convoco-a-la-mayor-2.jpg\" alt=\"Randall Rodr\u00edguez, el arquero de la Sub 20. (EFE)\"><br \/>\n<span class=\"bt-expand\"><br \/>\n<svg class=\"ico white_mod\">\n<use class=\"use-expand\" xlink:href=\"#icon-expand\" \/>\n<\/svg> <\/span>\n<\/picture><figcaption>Randall Rodr\u00edguez, el arquero de la Sub 20. (EFE) <\/figcaption><\/div>\n<p>&#8211;<strong><em>Sebasti\u00e1n Boselli (Defensor Sporting)<\/em><\/strong>:<strong> Este zaguero de buen juego de pies ya cuenta con 15 partidos sobre el lomo. <\/strong>Tan sobresaliente fue su nivel en sus primeros compromisos como profesional que tiene a <strong>River <\/strong>observ\u00e1ndolo: su padre ya confirm\u00f3 acercamientos. <strong>Gran nivel en la Copa del Mundo como primer central.<\/strong><\/p>\n<div class=\"sp__Normal embed-box embed-body-photo\" data-index=\"2\">\n<picture class=\"pointer\">\n<img class=\"img-expand\" width=\"100\" height=\"100\" loading=\"lazy\" src=\"http:\/\/cordobainforma.info\/wp-content\/uploads\/2023\/06\/quienes-son-los-siete-campeones-mundo-sub-20-de-uruguay-que-bielsa-convoco-a-la-mayor-3.jpg\" alt=\"Sebasti\u00e1n Boselli, el defensor uruguayo que es seguido por River. (AFP)\"><br \/>\n<span class=\"bt-expand\"><br \/>\n<svg class=\"ico white_mod\">\n<use class=\"use-expand\" xlink:href=\"#icon-expand\" \/>\n<\/svg><br \/>\n<\/span>\n<\/picture><figcaption>Sebasti\u00e1n Boselli, el defensor uruguayo que es seguido por River. (AFP) <\/figcaption><\/div>\n<p>&#8211;<strong><em>Mateo Ponte (Danubio)<\/em><\/strong>: el lateral derecho de Danubio tiene un enorme despliegue. En su club lleva jugados 21 partidos y un gol convertido. Y en la Sub 20 tiene \u00a131 encuentros! <strong>Pilar de este proceso que tuvo su punto c\u00falmine en la final ganada a Italia de este domingo. <\/strong><\/p>\n<div class=\"sp__Normal embed-box embed-body-photo\" data-index=\"3\">\n<picture class=\"pointer\">\n<img class=\"img-expand\" width=\"100\" height=\"100\" loading=\"lazy\" src=\"http:\/\/cordobainforma.info\/wp-content\/uploads\/2023\/06\/quienes-son-los-siete-campeones-mundo-sub-20-de-uruguay-que-bielsa-convoco-a-la-mayor-4.jpg\" alt=\"Ponte, gran prospecto de lateral derecho. (AP)\"><br \/>\n<span class=\"bt-expand\"><br \/>\n<svg class=\"ico white_mod\">\n<use class=\"use-expand\" xlink:href=\"#icon-expand\" \/>\n<\/svg><br \/>\n<\/span>\n<\/picture><figcaption>Ponte, gran prospecto de lateral derecho. (AP) <\/figcaption><\/div>\n<p><strong><em>-Fabricio D\u00edaz (Liverpool)<\/em><\/strong>: <strong>Desde chico siempre fue visto como el 5 del futuro de la Celeste<\/strong>. Es el futbolista de la Sub 20 con m\u00e1s partidos como profesional: 116 presentaciones en Liverpool de Montevideo, con cinco goles y siete asistencias. <strong>Fue la gran figura de Uruguay en el debut mundialista, contra Iraq, con un pase gol a Alan Maturro sobre el final.<\/strong><\/p>\n<div class=\"sp__Normal embed-box embed-body-photo\" data-index=\"4\">\n<picture class=\"pointer\">\n<img class=\"img-expand\" width=\"100\" height=\"100\" loading=\"lazy\" src=\"http:\/\/cordobainforma.info\/wp-content\/uploads\/2023\/06\/quienes-son-los-siete-campeones-mundo-sub-20-de-uruguay-que-bielsa-convoco-a-la-mayor-5.jpg\" alt=\"Fabricio D\u00edaz, el gran volante central de la Celesta. (EFE)\"><br \/>\n<span class=\"bt-expand\"><br \/>\n<svg class=\"ico white_mod\">\n<use class=\"use-expand\" xlink:href=\"#icon-expand\" \/>\n<\/svg><br \/>\n<\/span>\n<\/picture><figcaption>Fabricio D\u00edaz, el gran volante central de la Celesta. (EFE) <\/figcaption><\/div>\n<p><strong><em>-Facundo Gonz\u00e1lez (Valencia)<\/em><\/strong>: Luego de la baja de \u00c1lvaro Rodr\u00edguez, la mirada estuvo puesta en este defensor central que termin\u00f3 de hacer las Inferiores en Espa\u00f1a. <strong>No pudo hacer su debut a\u00fan, con 17 partidos y un gol en el Valencia Mestalla.<\/strong> En la Sub 20 acumula 20 presentaciones. <strong>Bielsa lo tiene como el gran referente de ac\u00e1 a los pr\u00f3ximos a\u00f1os.<\/strong><\/p>\n<div class=\"sp__Normal embed-box embed-body-photo\" data-index=\"5\">\n<picture class=\"pointer\">\n<img class=\"img-expand\" width=\"100\" height=\"100\" loading=\"lazy\" src=\"http:\/\/cordobainforma.info\/wp-content\/uploads\/2023\/06\/quienes-son-los-siete-campeones-mundo-sub-20-de-uruguay-que-bielsa-convoco-a-la-mayor-6.jpg\" alt=\"Gonz\u00e1lez tiene el ADN del central charr\u00faa. (EFE)\"><br \/>\n<span class=\"bt-expand\"><br \/>\n<svg class=\"ico white_mod\">\n<use class=\"use-expand\" xlink:href=\"#icon-expand\" \/>\n<\/svg><br \/>\n<\/span>\n<\/picture><figcaption>Gonz\u00e1lez tiene el ADN del central charr\u00faa. (EFE) <\/figcaption><\/div>\n<p><strong><em>-Luciano Rodr\u00edguez (Liverpool)<\/em><\/strong>: <strong>De las Inferiores de Bella Vista a Progreso. Y de Progreso al Liverpool Montevideo<\/strong>. Entre ambos clubes, este volante acumula 64 encuentros y ocho goles. <strong>En la Copa del Mundo no ven\u00eda demostrando todo su potencial (hasta fue expulsado contra Gambia<\/strong>, en los cuartos de final), pero en la final convirti\u00f3 el gol que le dio el t\u00edtulo a su selecci\u00f3n. <\/p>\n<div class=\"sp__Normal embed-box embed-body-photo\" data-index=\"6\">\n<picture class=\"pointer\">\n<img class=\"img-expand\" width=\"100\" height=\"100\" loading=\"lazy\" src=\"http:\/\/cordobainforma.info\/wp-content\/uploads\/2023\/06\/quienes-son-los-siete-campeones-mundo-sub-20-de-uruguay-que-bielsa-convoco-a-la-mayor-7.jpg\" alt=\"Rodr\u00edguez y el gol del t\u00edtulo (AFP). \"><br \/>\n<span class=\"bt-expand\"><br \/>\n<svg class=\"ico white_mod\">\n<use class=\"use-expand\" xlink:href=\"#icon-expand\" \/>\n<\/svg><br \/>\n<\/span>\n<\/picture><figcaption>Rodr\u00edguez y el gol del t\u00edtulo (AFP). <\/figcaption><\/div>\n<p><strong><em>-Anderson Duarte (Defensor Sporting)<\/em><\/strong>: <strong>De las grandes figuras de la Celeste en este Mundial, con goles vs. Gambia, Estados Unidos e Israel. <\/strong>Punzante, incisivo, determinante. Lleva 29 partidos en Defensor. Y pas\u00f3 por todo el proceso de las Juveniles de Uruguay: sub 15, sub 17 y sub 20. <strong>Lo siguen los grandes de Europa.<\/strong><\/p>\n<div class=\"sp__Normal embed-box embed-body-photo\" data-index=\"7\">\n<picture class=\"pointer\">\n<img class=\"img-expand\" width=\"100\" height=\"100\" loading=\"lazy\" src=\"http:\/\/cordobainforma.info\/wp-content\/uploads\/2023\/06\/quienes-son-los-siete-campeones-mundo-sub-20-de-uruguay-que-bielsa-convoco-a-la-mayor-8.jpg\" alt=\"Duarte, el h\u00e9roe de Uruguay en las semis. (AP)\"><br \/>\n<span class=\"bt-expand\"><br \/>\n<svg class=\"ico white_mod\">\n<use class=\"use-expand\" xlink:href=\"#icon-expand\" \/>\n<\/svg><br \/>\n<\/span>\n<\/picture><figcaption>Duarte, el h\u00e9roe de Uruguay en las semis. (AP) <\/figcaption><\/div>\n<h2><strong>El gol del t\u00edtulo de Luciano Rodr\u00edguez<\/strong><\/h2>\n<p> <span class=\"title-related\">Mir\u00e1 tambi\u00e9n<\/span> <\/div>\n","protected":false},"excerpt":{"rendered":"<p>El entrenador argentino quiere seguir de cerca en esta gira a varios de los que ganaron el Mundial. Marcelo Bielsa, quien tom\u00f3 las riendas de la selecci\u00f3n de Uruguay hace muy poco, avis\u00f3 en su presentaci\u00f3n que en esta gira pretend\u00eda tener cerca a jugadores que conoc\u00eda poco y empezar con la renovaci\u00f3n pensando en [&hellip;]<\/p>\n","protected":false},"author":1,"featured_media":77521,"comment_status":"closed","ping_status":"closed","sticky":false,"template":"","format":"standard","meta":[],"categories":[20],"tags":[],"_links":{"self":[{"href":"http:\/\/cordobainforma.info\/index.php\/wp-json\/wp\/v2\/posts\/77520"}],"collection":[{"href":"http:\/\/cordobainforma.info\/index.php\/wp-json\/wp\/v2\/posts"}],"about":[{"href":"http:\/\/cordobainforma.info\/index.php\/wp-json\/wp\/v2\/types\/post"}],"author":[{"embeddable":true,"href":"http:\/\/cordobainforma.info\/index.php\/wp-json\/wp\/v2\/users\/1"}],"replies":[{"embeddable":true,"href":"http:\/\/cordobainforma.info\/index.php\/wp-json\/wp\/v2\/comments?post=77520"}],"version-history":[{"count":0,"href":"http:\/\/cordobainforma.info\/index.php\/wp-json\/wp\/v2\/posts\/77520\/revisions"}],"wp:featuredmedia":[{"embeddable":true,"href":"http:\/\/cordobainforma.info\/index.php\/wp-json\/wp\/v2\/media\/77521"}],"wp:attachment":[{"href":"http:\/\/cordobainforma.info\/index.php\/wp-json\/wp\/v2\/media?parent=77520"}],"wp:term":[{"taxonomy":"category","embeddable":true,"href":"http:\/\/cordobainforma.info\/index.php\/wp-json\/wp\/v2\/categories?post=77520"},{"taxonomy":"post_tag","embeddable":true,"href":"http:\/\/cordobainforma.info\/index.php\/wp-json\/wp\/v2\/tags?post=77520"}],"curies":[{"name":"wp","href":"https:\/\/api.w.org\/{rel}","templated":true}]}}