{"id":77518,"date":"2023-06-11T04:00:00","date_gmt":"2023-06-11T04:00:00","guid":{"rendered":"http:\/\/cordobainforma.info\/index.php\/2023\/06\/11\/en-la-recta-final-los-ejes-y-nombres-de-la-plataforma-economica-de-juez\/"},"modified":"2023-06-11T04:00:00","modified_gmt":"2023-06-11T04:00:00","slug":"en-la-recta-final-los-ejes-y-nombres-de-la-plataforma-economica-de-juez","status":"publish","type":"post","link":"http:\/\/cordobainforma.info\/index.php\/2023\/06\/11\/en-la-recta-final-los-ejes-y-nombres-de-la-plataforma-economica-de-juez\/","title":{"rendered":"En la recta final, los ejes y nombres de la plataforma econ\u00f3mica de Juez"},"content":{"rendered":"<div class=\"media_block\"><\/div>\n<div><img src=\"http:\/\/cordobainforma.info\/wp-content\/uploads\/2023\/06\/en-la-recta-final-los-ejes-y-nombres-de-la-plataforma-economica-de-juez.jpg\" class=\"ff-og-image-inserted\"><\/div>\n<p>En las \u00faltimas semanas, Luis Juez y parte de su equipo comenzaron a estrechar v\u00ednculos y acumular fotos y selfies con referentes del entramado privado de C\u00f3rdoba: Bolsa de Comercio, Mesa de Enlace, Fundaci\u00f3n Mediterr\u00e1nea, C\u00e1mara de Comercio Exterior, Uni\u00f3n Industrial de C\u00f3rdoba y Fundaci\u00f3n Fada en R\u00edo Cuarto, son s\u00f3lo algunas.<\/p>\n<p>Pero aunque la campa\u00f1a hizo m\u00e1s visible este acercamiento, la realidad es que por lo menos desde el a\u00f1o pasado, el candidato a gobernador por Juntos por el Cambio viene reuni\u00e9ndose en p\u00fablico y en privado con diversos actores con distintas intenciones: conseguir contribuciones para un diagn\u00f3stico amplio del arco privado de C\u00f3rdoba, tejer lazos para captar demandas, inquietudes y oportunidades y, no menos importante, intentar reposicionarse como un dirigente que puede generar un cambio positivo a la hora de administrar una provincia. Su experiencia de gesti\u00f3n municipal es lo que m\u00e1s dudas genera entre los hombres y mujeres del sector privado local.<\/p>\n<p>Y Juez dio vuelta \u2013o intenta hacerlo\u2013 esa debilidad con un mensaje de apertura y pedido de participaci\u00f3n hacia el sector privado. Lo hizo con entidades del agro y lo repiti\u00f3 d\u00edas atr\u00e1s en un almuerzo de la Bolsa de Comercio cuando le pidi\u00f3 en p\u00fablico a Manuel Tagle, presidente de la entidad: \u201cD\u00e9nmelo ustedes al ministro de Econom\u00eda\u201d.<\/p>\n<p>Por lo que se sabe, fue m\u00e1s que una simple frase de ocasi\u00f3n. El nombre del elegido por Juez para manejar Finanzas de la provincia en caso de que se impongan el 25 de junio se develar\u00eda en los pr\u00f3ximos d\u00edas y se tratar\u00eda de una persona con vasta experiencia y relaci\u00f3n con el sector privado. Uno de los nombres que m\u00e1s suena es el de Diego Dequino, exsecretario de Finanzas de la gesti\u00f3n Ram\u00f3n Mestre y exdirector del Banco Naci\u00f3n y del Instituto de Investigaciones Econ\u00f3micas de la Bolsa de Comercio de C\u00f3rdoba.<\/p>\n<p><strong>Cocina y nombres.<\/strong><br \/>Mientras se espera por el nombre del ministro de Finanzas, se conocieron otros colaboradores que ya est\u00e1n trabajando con Juez para el desarrollo econ\u00f3mico. En general se trata de exfuncionarios que participaron de los equipos del exministro de Transporte de la Naci\u00f3n, Guillermo Dietrich, o que han tenido o tienen actividad en el sector privado:<\/p>\n<p>&#8211;<strong>Antonio Beltramone<\/strong>: hombre del Grupo Fiat. La gesti\u00f3n de Macri lo design\u00f3 presidente de FadeA. Actualmente, es consultor para el sector privado y director del Banco InterFinanzas. Suena como Jefe de Gabinete.<\/p>\n<p>&#8211;<strong>Marcelo Almendros<\/strong>: director del Departamento de Pol\u00edtica Tributaria de la Uni\u00f3n Industrial de C\u00f3rdoba, miembro del Departamentos de Impuestos de la Uni\u00f3n Industrial Argentina y socio de la consultora Shared Corporate Services. Trabaj\u00f3 como gerente de servicios en los Grupos Fiat Chrysler y CNH Industrial y se desempe\u00f1\u00f3 como gerente en PwC Argentina.<\/p>\n<p>&#8211;<strong>Guillermo Campra<\/strong>, economista, cordob\u00e9s, exdirector Nacional de Transporte Automotor.&nbsp;Productor agropecuario y miembro de la Fundaci\u00f3n Iniciativa y la Fundaci\u00f3n Pensar C\u00f3rdoba.<\/p>\n<p>Otros nombres que vienen colaborando son Ra\u00fal Hermida \u2013quien coordin\u00f3 los equipos econ\u00f3micos de Juez en 2007\u2013 y el intendente de Hernando, Gustavo Bottasso, con fuerte conocimiento de la realidad de la cadena del man\u00ed.<\/p>\n<p>Por estos d\u00edas, Juez empez\u00f3 a mostrar algunos de los ejes de lo que definieron como Plan de Desarrollo Econ\u00f3mico para la Provincia. Para la construcci\u00f3n de ese documento se recab\u00f3 informaci\u00f3n y diagn\u00f3sticos de c\u00e1maras empresariales y equipos t\u00e9cnicos.<\/p>\n<p>Se podr\u00eda definir que hubo tres momentos de construcci\u00f3n de esa plataforma, cada uno con distintos perfiles de aportantes: primero, la colaboraci\u00f3n de entidades y c\u00e1maras empresariales que acercaron <em>papers<\/em> m\u00e1s o menos sectoriales, con un acercamiento a la realidad de cada grupo de inter\u00e9s. Luego, contactos puntuales con referentes de la macro, algunos exfuncionarios provinciales, pero tambi\u00e9n hubo contactos con funcionarios que hoy trabajan en la administraci\u00f3n provincial y que \u2013lejos de las fotos\u2013 sumaron su visi\u00f3n y opini\u00f3n sobre la realidad y perspectivas para C\u00f3rdoba.<\/p>\n<p>Y una \u2018tercera ola\u2019, ya con Juez consolidado como candidato, integrada por los equipos t\u00e9cnicos propios, principalmente del PRO, la Coalici\u00f3n C\u00edvica y el radicalismo. All\u00ed surgi\u00f3 una primera discusi\u00f3n entre quienes propiciaban una l\u00ednea m\u00e1s distributiva y con prioridad en cuidar los aspectos sociales y otros que planteaban que el eje tiene que ser la responsabilidad fiscal y el ordenamiento del Estado para un crecimiento sustentable.<\/p>\n<p>\u201cFinalmente, sali\u00f3 una propuesta con elementos para la demanda social, sin pasarnos de rosca\u201d, grafic\u00f3 Sebasti\u00e1n Garc\u00eda D\u00edaz, uno de los coordinadores de los equipos t\u00e9cnicos econ\u00f3micos junto a Francisco Reyna y Nancy Almada. Garc\u00eda D\u00edaz ampli\u00f3 algunos de los conceptos de los ejes de la plataforma econ\u00f3mica de Juez, en di\u00e1logo con PERFIL C\u00d3RDOBA:<\/p>\n<p><strong>\u2013Ustedes plantean que C\u00f3rdoba debe&nbsp; mejorar su competitividad, ser el 15% del PBI nacional y que van a reducir el costo C\u00f3rdoba. \u00bfC\u00f3mo har\u00edan para bajar la presi\u00f3n fiscal sin que la Provincia se desfinancie? <\/strong><br \/>\u2013Cuando analizamos la presi\u00f3n fiscal, lo que vemos es que el impuesto central es el de Ingresos Brutos, que es la madre de todas las batallas y se ha configurado de tal manera que al final el impuesto inmobiliario y el automotor no superan el 10% de los ingresos de la Provincia. En cambio, Ingresos Brutos es muy importante. Ah\u00ed lo \u00fanico que podemos plantear es una reducci\u00f3n del 10% de IIBB, que no es mucho, pero es una se\u00f1al. Una segunda medida es ir sobre los servicios, ya que encontramos un \u00edtem en la boleta de Epec que va a obras de mejoras, pero que en realidad no va a ning\u00fan lado y eso lo eliminar\u00edamos. Queremos hacer lo mismo sobre la boleta de gas. Y una tercera medida es eliminar el Impuesto a los Sellos en las tarjetas de cr\u00e9dito de los cordobeses.<\/p>\n<p><strong>\u2013\u00bfVan a subir los patrimoniales? <\/strong><br \/>\u2013En una primera instancia no lo hemos contemplado. Lo que estamos pensando es que, si llega un gobierno de Juntos por el Cambio a la Naci\u00f3n, sean halcones o palomas, y se unifica el tipo de cambio, se abre la econom\u00eda, C\u00f3rdoba puede reactivar su comercio exterior, la construcci\u00f3n. Creemos que la propia reactivaci\u00f3n nos va a ayudar y no vamos a necesitar hacer grandes golpes. Y si tenemos una propuesta nacional de unificar impuestos y eso te permite no gravar Ingresos Brutos en el ingreso sino gravar en la ganancia, ah\u00ed nos alineamos todos.<\/p>\n<p><strong>\u2013\u00bfC\u00f3mo se logra el salto exportador y productivo que plantean? <\/strong><br \/>\u2013En realidad parece muy rimbombante pero lo que analizamos es que si se ordena el tipo de cambio y las exportaciones, C\u00f3rdoba puede pasar de 13.000 millones de d\u00f3lares de exportaci\u00f3n al doble. Y puede triplicar su producci\u00f3n de materia prima, o duplicar cabezas de ganado. Son n\u00fameros posibles porque ya los tuvimos.<\/p>\n<p><strong>\u2013Pero mucho del horizonte que plantean depende de decisiones y gesti\u00f3n de la Naci\u00f3n.<\/strong><br \/>\u2013Eso es as\u00ed. Si no llegamos a tener un gobierno de Juntos por el Cambio el escenario cambia completamente.<\/p>\n<p><strong>\u2013\u00bfQu\u00e9 plantean para empleo y construcci\u00f3n? <\/strong><br \/>\u2013Buscamos crear 50.000 puestos de trabajo en cuatro a\u00f1os, desde distintos \u00edtems. Evaluamos el PPP, que funciona muy bien y proponemos pasar de 15.000 a 30.000 chicos, poniendo m\u00e1s foco en el interior de la provincia. La construcci\u00f3n de las 25.000 viviendas que pueden generar 5.000 empleos.<\/p>\n<p><strong>\u2013\u00bfC\u00f3mo van a financiar 25.000 viviendas? <\/strong><br \/>\u2013Ah\u00ed lo que vemos es que la mitad pueden ser viviendas sociales financiadas 100% por el Estado y la mitad para clase media con cr\u00e9ditos muy blandos de Bancor. Hay mucha gente que puede pagar un cr\u00e9dito si se le da la chance.<\/p>\n<p><strong>\u2013\u00bfQu\u00e9 rol piensan para Bancor? <\/strong><br \/>\u2013Nosotros tenemos una visi\u00f3n muy cr\u00edtica del banco. Bancor se pas\u00f3 de rosca, est\u00e1 manejado con criterio absolutamente privado, entonces financian el consumo, porque le conviene a la tarjeta. Y est\u00e1 lleno de gerentes. Pensamos en una transformaci\u00f3n profunda del banco orientado hacia la producci\u00f3n y cr\u00e9ditos para las empresas y la exportaci\u00f3n. Para financiar consumo est\u00e1n las otras tarjetas. Queremos financiar producci\u00f3n, vivienda y exportaci\u00f3n.<\/p>\n<p><strong>\u2013Qu\u00e9 margen tienen para achicar el d\u00e9ficit y el gasto de C\u00f3rdoba. <\/strong><br \/>\u2013Eso tiene que ver con un reordenamiento integral. Proponemos bajar de 17 ministerios a nueve esenciales. Vamos a revisar ciertas agencias, que no van a ser m\u00e1s agencias, porque han sido cajas de nombramientos pol\u00edticos. &nbsp;&nbsp;<\/p>\n<p><strong>\u2013\u00bfLes preocupa el impacto de una devaluaci\u00f3n en la deuda provincial?<\/strong><br \/>\u2013Ah\u00ed tenemos una especie de espada de Damocles que es la deuda de la Provincia y que el 98% est\u00e1 en d\u00f3lares. En t\u00e9rminos t\u00e9cnicos podr\u00eda ser llevadera, no hay problemas. Pero todos estamos viendo que posiblemente se unifique el tipo de cambio el 10 de diciembre y ah\u00ed el d\u00f3lar va a saltar y vamos a estar en problemas. Muchas de las propuestas est\u00e1n muy condicionadas a qu\u00e9 nos vamos a encontrar el 10 de diciembre. Puede saltar de $ 500.000 millones a m\u00e1s. Hoy es la tercera parte de un presupuesto de 1,5 bill\u00f3n. Si te salta al doble eso se te complica.<\/p>\n<div class=\"article__tags\">\n<p>En esta Nota<\/p>\n<\/p><\/div>\n","protected":false},"excerpt":{"rendered":"<p>En las \u00faltimas semanas, Luis Juez y parte de su equipo comenzaron a estrechar v\u00ednculos y acumular fotos y selfies con referentes del entramado privado de C\u00f3rdoba: Bolsa de Comercio, Mesa de Enlace, Fundaci\u00f3n Mediterr\u00e1nea, C\u00e1mara de Comercio Exterior, Uni\u00f3n Industrial de C\u00f3rdoba y Fundaci\u00f3n Fada en R\u00edo Cuarto, son s\u00f3lo algunas. Pero aunque la [&hellip;]<\/p>\n","protected":false},"author":1,"featured_media":77519,"comment_status":"closed","ping_status":"closed","sticky":false,"template":"","format":"standard","meta":[],"categories":[2],"tags":[],"_links":{"self":[{"href":"http:\/\/cordobainforma.info\/index.php\/wp-json\/wp\/v2\/posts\/77518"}],"collection":[{"href":"http:\/\/cordobainforma.info\/index.php\/wp-json\/wp\/v2\/posts"}],"about":[{"href":"http:\/\/cordobainforma.info\/index.php\/wp-json\/wp\/v2\/types\/post"}],"author":[{"embeddable":true,"href":"http:\/\/cordobainforma.info\/index.php\/wp-json\/wp\/v2\/users\/1"}],"replies":[{"embeddable":true,"href":"http:\/\/cordobainforma.info\/index.php\/wp-json\/wp\/v2\/comments?post=77518"}],"version-history":[{"count":0,"href":"http:\/\/cordobainforma.info\/index.php\/wp-json\/wp\/v2\/posts\/77518\/revisions"}],"wp:featuredmedia":[{"embeddable":true,"href":"http:\/\/cordobainforma.info\/index.php\/wp-json\/wp\/v2\/media\/77519"}],"wp:attachment":[{"href":"http:\/\/cordobainforma.info\/index.php\/wp-json\/wp\/v2\/media?parent=77518"}],"wp:term":[{"taxonomy":"category","embeddable":true,"href":"http:\/\/cordobainforma.info\/index.php\/wp-json\/wp\/v2\/categories?post=77518"},{"taxonomy":"post_tag","embeddable":true,"href":"http:\/\/cordobainforma.info\/index.php\/wp-json\/wp\/v2\/tags?post=77518"}],"curies":[{"name":"wp","href":"https:\/\/api.w.org\/{rel}","templated":true}]}}