{"id":77507,"date":"2023-06-11T03:11:09","date_gmt":"2023-06-11T03:11:09","guid":{"rendered":"http:\/\/cordobainforma.info\/index.php\/2023\/06\/11\/la-economia-feminista-enemiga-central-de-la-derecha-pagina12\/"},"modified":"2023-06-11T03:11:09","modified_gmt":"2023-06-11T03:11:09","slug":"la-economia-feminista-enemiga-central-de-la-derecha-pagina12","status":"publish","type":"post","link":"http:\/\/cordobainforma.info\/index.php\/2023\/06\/11\/la-economia-feminista-enemiga-central-de-la-derecha-pagina12\/","title":{"rendered":"La <b>econom\u00eda<\/b> feminista: enemiga central de la derecha &#8211; P\u00e1gina12"},"content":{"rendered":"<p>La heterodoxia econ\u00f3mica necesita del feminismo si se propone resolver la reducci\u00f3n de la pobreza estructural, la informalidad laboral y la&nbsp;&#8230; <\/p>\n","protected":false},"excerpt":{"rendered":"<p>La heterodoxia econ\u00f3mica necesita del feminismo si se propone resolver la reducci\u00f3n de la pobreza estructural, la informalidad laboral y la&nbsp;&#8230;<\/p>\n","protected":false},"author":1,"featured_media":0,"comment_status":"closed","ping_status":"closed","sticky":false,"template":"","format":"standard","meta":[],"categories":[23],"tags":[],"_links":{"self":[{"href":"http:\/\/cordobainforma.info\/index.php\/wp-json\/wp\/v2\/posts\/77507"}],"collection":[{"href":"http:\/\/cordobainforma.info\/index.php\/wp-json\/wp\/v2\/posts"}],"about":[{"href":"http:\/\/cordobainforma.info\/index.php\/wp-json\/wp\/v2\/types\/post"}],"author":[{"embeddable":true,"href":"http:\/\/cordobainforma.info\/index.php\/wp-json\/wp\/v2\/users\/1"}],"replies":[{"embeddable":true,"href":"http:\/\/cordobainforma.info\/index.php\/wp-json\/wp\/v2\/comments?post=77507"}],"version-history":[{"count":0,"href":"http:\/\/cordobainforma.info\/index.php\/wp-json\/wp\/v2\/posts\/77507\/revisions"}],"wp:attachment":[{"href":"http:\/\/cordobainforma.info\/index.php\/wp-json\/wp\/v2\/media?parent=77507"}],"wp:term":[{"taxonomy":"category","embeddable":true,"href":"http:\/\/cordobainforma.info\/index.php\/wp-json\/wp\/v2\/categories?post=77507"},{"taxonomy":"post_tag","embeddable":true,"href":"http:\/\/cordobainforma.info\/index.php\/wp-json\/wp\/v2\/tags?post=77507"}],"curies":[{"name":"wp","href":"https:\/\/api.w.org\/{rel}","templated":true}]}}