{"id":77506,"date":"2023-06-11T03:51:22","date_gmt":"2023-06-11T03:51:22","guid":{"rendered":"http:\/\/cordobainforma.info\/index.php\/2023\/06\/11\/aunque-penso-en-una-alianza-mas-amplia-massa-se-suma-a-las-paso-del-frente-de-todos\/"},"modified":"2023-06-11T03:51:22","modified_gmt":"2023-06-11T03:51:22","slug":"aunque-penso-en-una-alianza-mas-amplia-massa-se-suma-a-las-paso-del-frente-de-todos","status":"publish","type":"post","link":"http:\/\/cordobainforma.info\/index.php\/2023\/06\/11\/aunque-penso-en-una-alianza-mas-amplia-massa-se-suma-a-las-paso-del-frente-de-todos\/","title":{"rendered":"Aunque pens\u00f3 en una alianza m\u00e1s amplia, Massa se suma a las PASO del Frente de Todos"},"content":{"rendered":"<p>El ministro de <b>Econom\u00eda<\/b> ten\u00eda una idea: armar un frente electoral que excluyera a Cristina, Macri, Milei y Bullrich. En el peronismo cordob\u00e9s&nbsp;&#8230; <\/p>\n","protected":false},"excerpt":{"rendered":"<p>El ministro de Econom\u00eda ten\u00eda una idea: armar un frente electoral que excluyera a Cristina, Macri, Milei y Bullrich. En el peronismo cordob\u00e9s&nbsp;&#8230;<\/p>\n","protected":false},"author":1,"featured_media":0,"comment_status":"closed","ping_status":"closed","sticky":false,"template":"","format":"standard","meta":[],"categories":[23],"tags":[],"_links":{"self":[{"href":"http:\/\/cordobainforma.info\/index.php\/wp-json\/wp\/v2\/posts\/77506"}],"collection":[{"href":"http:\/\/cordobainforma.info\/index.php\/wp-json\/wp\/v2\/posts"}],"about":[{"href":"http:\/\/cordobainforma.info\/index.php\/wp-json\/wp\/v2\/types\/post"}],"author":[{"embeddable":true,"href":"http:\/\/cordobainforma.info\/index.php\/wp-json\/wp\/v2\/users\/1"}],"replies":[{"embeddable":true,"href":"http:\/\/cordobainforma.info\/index.php\/wp-json\/wp\/v2\/comments?post=77506"}],"version-history":[{"count":0,"href":"http:\/\/cordobainforma.info\/index.php\/wp-json\/wp\/v2\/posts\/77506\/revisions"}],"wp:attachment":[{"href":"http:\/\/cordobainforma.info\/index.php\/wp-json\/wp\/v2\/media?parent=77506"}],"wp:term":[{"taxonomy":"category","embeddable":true,"href":"http:\/\/cordobainforma.info\/index.php\/wp-json\/wp\/v2\/categories?post=77506"},{"taxonomy":"post_tag","embeddable":true,"href":"http:\/\/cordobainforma.info\/index.php\/wp-json\/wp\/v2\/tags?post=77506"}],"curies":[{"name":"wp","href":"https:\/\/api.w.org\/{rel}","templated":true}]}}