{"id":77472,"date":"2023-06-11T01:48:58","date_gmt":"2023-06-11T01:48:58","guid":{"rendered":"http:\/\/cordobainforma.info\/index.php\/2023\/06\/11\/miles-de-evacuados-decenas-de-heridos-balance-actualizado-tras-el-desastre-en-la-presa-de-kajovka\/"},"modified":"2023-06-11T01:48:58","modified_gmt":"2023-06-11T01:48:58","slug":"miles-de-evacuados-decenas-de-heridos-balance-actualizado-tras-el-desastre-en-la-presa-de-kajovka","status":"publish","type":"post","link":"http:\/\/cordobainforma.info\/index.php\/2023\/06\/11\/miles-de-evacuados-decenas-de-heridos-balance-actualizado-tras-el-desastre-en-la-presa-de-kajovka\/","title":{"rendered":"Miles de evacuados, decenas de heridos: balance actualizado tras el desastre en la presa de Kajovka"},"content":{"rendered":"<p><img src=\"http:\/\/cordobainforma.info\/wp-content\/uploads\/2023\/06\/miles-de-evacuados-decenas-de-heridos-balance-actualizado-tras-el-desastre-en-la-presa-de-kajovka.jpg\"><\/p>\n<div readability=\"32\">\n<p><span>Publicado:<\/span><time class=\"Timestamp-root Timestamp-isBlackColor \" datetime=\"2023-06-11T01:48:58+00:00\"> 11 jun 2023 01:48 GMT <\/time><\/p>\n<\/div>\n<div readability=\"35\">\n<p> El nivel de agua en las \u00e1reas afectadas sigue bajando, comunic\u00f3 el gobernador interino de la provincia rusa de Jers\u00f3n, Vlad\u00edmir Saldo. <\/p>\n<\/div>\n<div readability=\"67.885556068297\">\n<p>El gobernador interino de la provincia rusa de Jers\u00f3n, Vlad\u00edmir Saldo, <a href=\"https:\/\/t.me\/SALDO_VGA\/872\" target=\"_blank\" rel=\"noopener noreferrer\">inform\u00f3<\/a> que al finalizar la jornada del s\u00e1bado 10 de junio <strong>casi 7.000 civiles<\/strong>, incluidos 323 ni\u00f1os, fueron <strong>evacuados<\/strong> de las zonas inundadas tras la destrucci\u00f3n de la represa de la central hidroel\u00e9ctrica de Kajovka.<\/p>\n<p>Saldo precis\u00f3 que trasladaron a unos 1.500 individuos a los puntos de alojamiento temporal, mientras que <strong>77 personas heridas<\/strong> fueron hospitalizadas y reciben toda la atenci\u00f3n m\u00e9dica necesaria.<\/p>\n<p>En paralelo, el gobernador interino indic\u00f3 que <strong>el nivel de agua en las \u00e1reas afectadas sigue bajando<\/strong>. As\u00ed, en el distrito de N\u00f3vaya Kajovka cay\u00f3 hasta los 7 metros, mientras que en los distritos municipales de Alioshki y G\u00f3laya Pristan hasta 1,5 y 2,1 metros respectivamente.<\/p>\n<div class=\"ReadMore-root Section-root Section-is1to3-xs_is1to1\" data-widgets=\"ReadMore\">\n<div class=\"Section-container Section-isRow-isTop-isWrap\">\n<article class=\"Card-root Card-is1to1 \">\n<div class=\"Card-imageWrap\">\n<div class=\"Card-picture\"> <picture class=\"Picture-root Picture-default\"><!--[if IE 9]><video style=\"display: none;\"><![endif]--><source media=\"(-webkit-min-device-pixel-ratio: 2) and (min-resolution: 120dpi)\" srcset=\"http:\/\/cordobainforma.info\/wp-content\/uploads\/2023\/06\/miles-de-evacuados-decenas-de-heridos-balance-actualizado-tras-el-desastre-en-la-presa-de-kajovka-2.jpg 850w, http:\/\/cordobainforma.info\/wp-content\/uploads\/2023\/06\/miles-de-evacuados-decenas-de-heridos-balance-actualizado-tras-el-desastre-en-la-presa-de-kajovka-3.jpg 1960w\"><source srcset=\"http:\/\/cordobainforma.info\/wp-content\/uploads\/2023\/06\/miles-de-evacuados-decenas-de-heridos-balance-actualizado-tras-el-desastre-en-la-presa-de-kajovka-2.jpg 460w, http:\/\/cordobainforma.info\/wp-content\/uploads\/2023\/06\/miles-de-evacuados-decenas-de-heridos-balance-actualizado-tras-el-desastre-en-la-presa-de-kajovka-3.jpg 980w\"><!--[if IE 9]><\/video><![endif]--><img data-sizes=\"auto\" src=\"http:\/\/cordobainforma.info\/wp-content\/uploads\/2023\/06\/miles-de-evacuados-decenas-de-heridos-balance-actualizado-tras-el-desastre-en-la-presa-de-kajovka-2.jpg\" class=\"Picture-root Picture-default lazyload\" alt=\"Pol\u00edtico franc\u00e9s: &quot;R\u00e9gimen de Zelenski no es sincero ni busca la paz&quot;\"><\/picture><!-- noscript pattern --><noscript><img src=\"http:\/\/cordobainforma.info\/wp-content\/uploads\/2023\/06\/miles-de-evacuados-decenas-de-heridos-balance-actualizado-tras-el-desastre-en-la-presa-de-kajovka-3.jpg\" alt=\"Pol\u00edtico franc\u00e9s: &quot;R\u00e9gimen de Zelenski no es sincero ni busca la paz&quot;\"><\/noscript> <\/div><\/div>\n<\/article><\/div><\/div>\n<p>Saldo se\u00f1al\u00f3 que siguen en marcha los trabajos para <strong>eliminar las secuelas de la inundaci\u00f3n,<\/strong> como el bombeo de agua desde los s\u00f3tanos, la limpieza de las calles, as\u00ed como el restablecimiento del suministro el\u00e9ctrico, entre otras actividades. El funcionario <a href=\"https:\/\/actualidad.rt.com\/actualidad\/469708-rio-dnieper-volvera-cauce-viernes\" target=\"_blank\" rel=\"noopener noreferrer\">comunic\u00f3<\/a> en una publicaci\u00f3n, citando a especialistas, que la secci\u00f3n del r\u00edo Dni\u00e9per aguas abajo de la hidroel\u00e9ctrica de Kajovka volver\u00e1 a su cauce habitual el pr\u00f3ximo 16 de junio.<\/p>\n<p>Por otro lado, Saldo denunci\u00f3 <strong>los ataques \u00abincesantes\u00bb<\/strong> por parte de las Fuerzas Armadas de <strong>Ucrania<\/strong>, pero asegur\u00f3 que, pese a los bombardeos, las labores de emergencia siguen en curso sin demora.<\/p>\n<ul>\n<li><strong>Mosc\u00fa y Kiev se acusan mutuamente por la voladura del dique<\/strong>. El presidente ucraniano, Vlad\u00edmir Zelenski, <a href=\"https:\/\/actualidad.rt.com\/actualidad\/469491-zelenski-pruebas-rusia-ataque-presa-kajovka\" target=\"_blank\" rel=\"noopener noreferrer\">reconoci\u00f3<\/a> que actualmente no tiene pruebas para sostener su versi\u00f3n de que la culpa es de Rusia, pero prometi\u00f3 recopilarlas.<\/li>\n<li>Por su parte, el presidente ruso, Vlad\u00edmir Putin, calific\u00f3 el ataque como una \u00ab<strong>acci\u00f3n b\u00e1rbara<\/strong>\u00bb y \u00abuna apuesta peligrosa en la escalada de las hostilidades\u00bb. El mandatario acus\u00f3 a <strong>Ucrania<\/strong> de cometer \u00abcr\u00edmenes de guerra\u00bb, utilizar \u00ababiertamente m\u00e9todos terroristas\u00bb y organizar \u00absabotajes en territorio ruso\u00bb.<\/li>\n<li>Mientras, la portavoz de la Casa Blanca, Karine Jean-Pierre, <a href=\"https:\/\/actualidad.rt.com\/actualidad\/469688-eeuu-acusa-rusia-ataque-presa-kajovka\" target=\"_blank\" rel=\"noopener noreferrer\">declar\u00f3<\/a> que Mosc\u00fa tiene la responsabilidad por la voladura de la central, aunque admiti\u00f3 que Washington <strong>todav\u00eda est\u00e1 evaluando lo ocurrido<\/strong>.<\/li>\n<\/ul><figcaption class=\"Video-caption\"><\/figcaption><\/div>\n","protected":false},"excerpt":{"rendered":"<p>Publicado: 11 jun 2023 01:48 GMT El nivel de agua en las \u00e1reas afectadas sigue bajando, comunic\u00f3 el gobernador interino de la provincia rusa de Jers\u00f3n, Vlad\u00edmir Saldo. El gobernador interino de la provincia rusa de Jers\u00f3n, Vlad\u00edmir Saldo, inform\u00f3 que al finalizar la jornada del s\u00e1bado 10 de junio casi 7.000 civiles, incluidos 323 [&hellip;]<\/p>\n","protected":false},"author":1,"featured_media":77473,"comment_status":"closed","ping_status":"closed","sticky":false,"template":"","format":"standard","meta":[],"categories":[22],"tags":[],"_links":{"self":[{"href":"http:\/\/cordobainforma.info\/index.php\/wp-json\/wp\/v2\/posts\/77472"}],"collection":[{"href":"http:\/\/cordobainforma.info\/index.php\/wp-json\/wp\/v2\/posts"}],"about":[{"href":"http:\/\/cordobainforma.info\/index.php\/wp-json\/wp\/v2\/types\/post"}],"author":[{"embeddable":true,"href":"http:\/\/cordobainforma.info\/index.php\/wp-json\/wp\/v2\/users\/1"}],"replies":[{"embeddable":true,"href":"http:\/\/cordobainforma.info\/index.php\/wp-json\/wp\/v2\/comments?post=77472"}],"version-history":[{"count":0,"href":"http:\/\/cordobainforma.info\/index.php\/wp-json\/wp\/v2\/posts\/77472\/revisions"}],"wp:featuredmedia":[{"embeddable":true,"href":"http:\/\/cordobainforma.info\/index.php\/wp-json\/wp\/v2\/media\/77473"}],"wp:attachment":[{"href":"http:\/\/cordobainforma.info\/index.php\/wp-json\/wp\/v2\/media?parent=77472"}],"wp:term":[{"taxonomy":"category","embeddable":true,"href":"http:\/\/cordobainforma.info\/index.php\/wp-json\/wp\/v2\/categories?post=77472"},{"taxonomy":"post_tag","embeddable":true,"href":"http:\/\/cordobainforma.info\/index.php\/wp-json\/wp\/v2\/tags?post=77472"}],"curies":[{"name":"wp","href":"https:\/\/api.w.org\/{rel}","templated":true}]}}