{"id":77468,"date":"2023-06-10T08:30:41","date_gmt":"2023-06-10T08:30:41","guid":{"rendered":"https:\/\/www.mujerhoy.com\/vivir\/decoracion\/mercadillos-decoracion-arquitectura-orden-vajillas-cristaleria-20230610134515-nt.html"},"modified":"2023-06-10T08:30:41","modified_gmt":"2023-06-10T08:30:41","slug":"arquitectura-del-orden-las-mujeres-que-vacian-pisos-de-lujo-y-organizan-mercadillos-para-que-decores-tu-casa-con-estilo-por-poco-dinero","status":"publish","type":"post","link":"http:\/\/cordobainforma.info\/index.php\/2023\/06\/10\/arquitectura-del-orden-las-mujeres-que-vacian-pisos-de-lujo-y-organizan-mercadillos-para-que-decores-tu-casa-con-estilo-por-poco-dinero\/","title":{"rendered":"Arquitectura del Orden: las mujeres que vac\u00edan pisos de lujo y organizan mercadillos para que decores tu casa con estilo por poco dinero"},"content":{"rendered":"<p><!-- AUTHOR --><\/p>\n<div class=\"voc-author-timesocial \"><!-- AUTHOR --><\/p>\n<div class=\"voc-author-timesocial__signature\"><!-- IMAGE AUTHOR --><picture class=\"voc-image-signature\"><img class=\"voc-image-signature__img\" src=\"http:\/\/cordobainforma.info\/wp-content\/uploads\/2023\/06\/arquitectura-del-orden-las-mujeres-que-vacian-pisos-de-lujo-y-organizan-mercadillos-para-que-decores-tu-casa-con-estilo-por-poco-dinero.jpg\" alt=\"Alo\u00f1a Fdez. Larrechi\"><\/picture><!-- INFO AUTHOR --><\/div>\n<\/div>\n<p><!-- COMPONENTS --><\/p>\n<p class=\"voc-paragraph\">Si est\u00e1s cansada de recorrer las p\u00e1ginas web y las tiendas de decoraci\u00f3n buscando ese <a data-voc-vtm-id=\"in-text-traffic\" href=\"https:\/\/www.mujerhoy.com\/vivir\/decoracion\/novedades-decoracion-zara-home-tendencias-primavera-verano-textiles-menaje-adornos-baratos-20230527101503-nt.html\" title=\"www.mujerhoy.com\">mueble<\/a> que haga m\u00e1s especial tu sal\u00f3n, sigue leyendo. Si quieres una <a data-voc-vtm-id=\"in-text-traffic\" href=\"https:\/\/www.mujerhoy.com\/actualidad\/andrea-zarraluqui-entrevista-artista-disenadora-vajillas-preferida-alta-sociedad-caotica-antiminimalista-excesiva-20230323083134-nt.html\" title=\"www.mujerhoy.com\">vajilla<\/a> que de verdad sea para las ocasiones especiales tambi\u00e9n. Y si en tu armario lo \u00fanico que entra es ropa vintage con la que creas envidiados looks, no te detengas. Tienes que conocer a las mujeres que vac\u00edan pisos de lujo y <strong>organizan mercadillos<\/strong> con todo aquello que los dem\u00e1s no quieren.\n<\/p>\n<p class=\"voc-paragraph\">Astrid Romero y Mar\u00eda L\u00f3pez son Arquitectura del Orden, una empresa con m\u00e1s de sesenta mil seguidores en Instagram que desde hace cinco a\u00f1os se dedican a descubrir aut\u00e9nticos <strong>tesoros del mundo de la decoraci\u00f3n<\/strong>, la moda o la cocina. Desde una minipimer a un broche de Christian Dior de los 70, pasando por vajillas del siglo XVIII o <a data-voc-vtm-id=\"in-text-traffic\" href=\"https:\/\/www.mujerhoy.com\/vivir\/decoracion\/lamparas-mesa-hm-home-decoracion-iluminacion-20230129131500-nt.html\" title=\"www.mujerhoy.com\">l\u00e1mparas<\/a> de dise\u00f1o, todo es posible en los mercadillos de estas dos mujeres que se conocieron porque sus hijos van al mismo colegio. <\/p>\n<p class=\"voc-paragraph\">\u00abTodo comenz\u00f3 por casualidad\u00bb comenta Astrid al tel\u00e9fono. \u00abEl padre de una amiga hab\u00eda fallecido y su mujer se trasladaba a un piso m\u00e1s peque\u00f1o, por lo que me propuso hacer un mercadillo con la ropa que hab\u00eda dejado en la casa\u00bb. \u00abEn la casa hab\u00eda de todo\u00bb, prosigue,\u00ab\u00abvajillas, cristaler\u00edas, <strong>l\u00e1mparas<\/strong>, y le propuse hacer un mercadillo. Yo estudi\u00e9 muchos a\u00f1os en Estados Unidos y estaba muy familiarizada con el concepto de \u00abestate sale\u00bb que es poner a la venta el patrimonio de una persona cuando fallece\u00ab.\n<\/p>\n<div class=\"voc-detail-photo-zoom\"><picture data-toggle=\"modal\" data-target=\"#photoZoomModal-392\" target=\"modal\">\n<div class=\"voc-img-icon-link\"><img loading=\"lazy\" data-original=\"\/\/static2.mujerhoy.com\/www\/multimedia\/202306\/08\/media\/cortadas\/Arquitectura-orden-casa5-k4G--460x637@MujerHoy.jpeg\" class=\"lazy\" alt=\"La vajilla y cristaler\u00eda de una de las casas en las que Arquitectura del orden ha realizado un mercadillo. \/La nueva creativa\"><noscript><img src=\"http:\/\/cordobainforma.info\/wp-content\/uploads\/2023\/06\/arquitectura-del-orden-las-mujeres-que-vacian-pisos-de-lujo-y-organizan-mercadillos-para-que-decores-tu-casa-con-estilo-por-poco-dinero-1.jpg\" alt=\"La vajilla y cristaler\u00eda de una de las casas en las que Arquitectura del orden ha realizado un mercadillo. \/La nueva creativa\"><\/noscript><i class=\"voc-icons zoom voc-multimedia-box voc-ico-l\"><\/i><\/div><figcaption class=\"figure-caption\">La vajilla y cristaler\u00eda de una de las casas en las que Arquitectura del orden ha realizado un mercadillo. \/La nueva creativa<\/figcaption><\/picture><\/div>\n<div id=\"photoZoomModal-392\" class=\"voc-lightbox modal fade voc-lightbox--photo-zoom\" role=\"dialog\" data-voc-photozoom-lightbox>\n<div class=\"voc-lightbox__dialog\" role=\"document\">\n<div class=\"voc-lightbox__content\"><!-- Modal header --><!-- Modal content --><\/p>\n<div class=\"voc-lightbox__photo-container\"><picture class><img loading=\"lazy\" data-original=\"\/\/static2.mujerhoy.com\/www\/multimedia\/202306\/08\/media\/cortadas\/Arquitectura-orden-casa5-k4G--460x637@MujerHoy.jpeg\" alt=\"La vajilla y cristaler\u00eda de una de las casas en las que Arquitectura del orden ha realizado un mercadillo. \/La nueva creativa\" class=\"lazy\"><noscript><img src=\"http:\/\/cordobainforma.info\/wp-content\/uploads\/2023\/06\/arquitectura-del-orden-las-mujeres-que-vacian-pisos-de-lujo-y-organizan-mercadillos-para-que-decores-tu-casa-con-estilo-por-poco-dinero-1.jpg\" alt=\"La vajilla y cristaler\u00eda de una de las casas en las que Arquitectura del orden ha realizado un mercadillo. \/La nueva creativa\"><\/noscript><\/picture><\/div>\n<\/div>\n<\/div>\n<\/div>\n<p class=\"voc-paragraph\">Este primer mercadillo fue un \u00e9xito porque, seg\u00fan cuenta Astrid, \u00abtuvimos mucho poder de <strong>convocatoria<\/strong>, porque todas las amigas lo fuimos compartiendo en nuestros grupos de Whatsapp, pusimos carteles cerca de la casa, que est\u00e1 frente a un colegio, y as\u00ed los padres se enteraron\u00ab. Meses despu\u00e9s, surgi\u00f3 la siguiente casa y, cinco a\u00f1os despu\u00e9s, ya superan el medio centenar.\n<\/p>\n<p class=\"voc-paragraph\">Su radio de acci\u00f3n es la Comunidad de Madrid y las ciudades cercanas, as\u00ed como Valencia y Alicante. \u00abAll\u00ed est\u00e1 desarroll\u00e1ndolo mi hermano\u00bb, apunta Astrid, que reconoce que su objetivo es llevar <strong>Arquitectura del Orden<\/strong> a toda Espa\u00f1a. Algo en lo que, como ahora, juega un papel muy importante Instagram, donde van publicando im\u00e1genes de los objetos que formar\u00e1n parte del pr\u00f3ximo mercadillo, o la casa en la que se encuentran.\n<\/p>\n<p class=\"voc-paragraph\">\u00ab<br \/>\n<strong>Instagram<\/strong> es vital para nosotras\u00ab, comenta Mar\u00eda antes de que Astrid reconozca que \u00bbha sido la forma de darnos a conocer. Es un trabajo de pico y pala pero tambi\u00e9n nuestro escaparate\u00ab. \u00bbAntes\u00ab, explica, \u00bbrepart\u00edamos flyers, utiliz\u00e1bamos Whatsapp o recopil\u00e1bamos datos de la gente que acud\u00eda a los mercadillos para crear una lista de difusi\u00f3n\u00ab. Ahora su difusi\u00f3n no queda restringida a esa lista y adem\u00e1s, gracias a los v\u00eddeos y las fotos, se puede ver previamente qu\u00e9 nos vamos a encontrar en cada convocatoria.\n<\/p>\n<p><h3 class=\"voc-detail__title\"> Seleccionar, etiquetar y fotografiar los tesoros<br \/>\n<\/h3>\n<\/p>\n<p class=\"voc-paragraph\">Para dar forma al mercadillo, Astrid y Mar\u00eda siguen un proceso laborioso en el que la experiencia es tan importante como la firmeza a la hora de no encapricharse de los <strong>tesoros<\/strong> que encuentran. \u00abAl fin y al cabo esto es un negocio y nuestros hallazgos m\u00e1s especiales son en realidad un reclamo\u00bb, reconoce Mar\u00eda. <\/p>\n<p class=\"voc-paragraph\">Todo empieza cuando, tras recibir la llamada de una familia, \u00abllegamos a la casa y vemos si el mercadillo es rentable tanto para ellos como para nosotros. Como llevamos tanto tiempo viendo casas somos bastante r\u00e1pidas a la hora de reconocer si una <strong>casa<\/strong> que merece la pena\u00ab, reconoce Astrid. Cuando lo es, el siguiente paso es \u00bbseleccionar todos los objetos, los separamos por grupos y luego hacemos una puesta en escena, algo que consideramos bastante importante dentro de nuestro trabajo\u00ab. <\/p>\n<p class=\"voc-paragraph\">Todos los art\u00edculos que son expuestos en el mercadillo los encontramos etiquetados individualmente y aunque algunos ya les son familiares, otros requieren una labor de investigaci\u00f3n que les lleva a descubrir \u00aben un rinc\u00f3n de una <strong>habitaci\u00f3n<\/strong> al fondo de una casa\u00ab una l\u00e1mpara de los a\u00f1os 70 de Willy Rizzo. Paralelamente convocan las jornadas de puertas abiertas y \u00bben tres d\u00edas ya viene todo el mundo a vaciar la casa, a la pachanga\u00ab, comenta entre risas Astrid. <\/p>\n<div class=\"voc-detail-photo-zoom\"><picture data-toggle=\"modal\" data-target=\"#photoZoomModal-884\" target=\"modal\">\n<div class=\"voc-img-icon-link\"><img loading=\"lazy\" data-original=\"\/\/static.mujerhoy.com\/www\/multimedia\/202306\/08\/media\/cortadas\/Arquitectura-orden-casa6-k4G--460x637@MujerHoy.jpeg\" class=\"lazy\" alt=\"En los mercadillos de Arquitectura del orden hay todo tipo de muebles y objetos de decoraci\u00f3n. \/ La Nueva Creativa\"><noscript><img src=\"http:\/\/cordobainforma.info\/wp-content\/uploads\/2023\/06\/arquitectura-del-orden-las-mujeres-que-vacian-pisos-de-lujo-y-organizan-mercadillos-para-que-decores-tu-casa-con-estilo-por-poco-dinero-2.jpg\" alt=\"En los mercadillos de Arquitectura del orden hay todo tipo de muebles y objetos de decoraci\u00f3n. \/ La Nueva Creativa\"><\/noscript><i class=\"voc-icons zoom voc-multimedia-box voc-ico-l\"><\/i><\/div><figcaption class=\"figure-caption\">En los mercadillos de Arquitectura del orden hay todo tipo de muebles y objetos de decoraci\u00f3n. \/ La Nueva Creativa<\/figcaption><\/picture><\/div>\n<div id=\"photoZoomModal-884\" class=\"voc-lightbox modal fade voc-lightbox--photo-zoom\" role=\"dialog\" data-voc-photozoom-lightbox>\n<div class=\"voc-lightbox__dialog\" role=\"document\">\n<div class=\"voc-lightbox__content\"><!-- Modal header --><!-- Modal content --><\/p>\n<div class=\"voc-lightbox__photo-container\"><picture class><img loading=\"lazy\" data-original=\"\/\/static.mujerhoy.com\/www\/multimedia\/202306\/08\/media\/cortadas\/Arquitectura-orden-casa6-k4G--460x637@MujerHoy.jpeg\" alt=\"En los mercadillos de Arquitectura del orden hay todo tipo de muebles y objetos de decoraci\u00f3n. \/ La Nueva Creativa\" class=\"lazy\"><noscript><img src=\"http:\/\/cordobainforma.info\/wp-content\/uploads\/2023\/06\/arquitectura-del-orden-las-mujeres-que-vacian-pisos-de-lujo-y-organizan-mercadillos-para-que-decores-tu-casa-con-estilo-por-poco-dinero-2.jpg\" alt=\"En los mercadillos de Arquitectura del orden hay todo tipo de muebles y objetos de decoraci\u00f3n. \/ La Nueva Creativa\"><\/noscript><\/picture><\/div>\n<\/div>\n<\/div>\n<\/div>\n<p class=\"voc-paragraph\">La \u00abpachanga\u00bb, que dura tres d\u00edas, se organiza con cita previa para los dos primeros y con <strong>entrada libre<\/strong> para el tercero. \u00abPreferir\u00edamos que fuera sin cita, porque much\u00edsima gente coge cita y luego no viene y necesitamos que vengan cuantas m\u00e1s personas mejor, porque si el objetivo es vaciar la casa necesitas un tr\u00e1fico de gente bastante grande\u00bb, explica Astrid. \u00abPero con la cita previa el acceso est\u00e1 m\u00e1s organizado, para no importunar a los vecinos y para que la gente no se enfade haciendo cola\u00bb. <\/p>\n<p class=\"voc-paragraph\">Adem\u00e1s de ayudarnos a decorar nuestras casas con estilo, Astrid y Mar\u00eda tambi\u00e9n apuestan con Arquitectura del orden por fomentar la econom\u00eda circular y un consumo sostenible. \u00abA nadie se le ocurre ir al punto limpio con la <strong>c\u00f3moda del siglo XIX<\/strong> heredada de su t\u00eda abuela, pero en las casas hay cosas que se tiran sin pens\u00e1rselo dos veces\u00bb, comenta Astrid, y aunque no sean especiales pueden resultar interesantes a alguien. \u00abNosotras intentamos poner a la venta todo lo que hay en la casa que est\u00e1 en buen estado\u00bb, apunta. <\/p>\n<p><h3 class=\"voc-detail__title\"> Objetos con historia<br \/>\n<\/h3>\n<\/p>\n<p class=\"voc-paragraph\">En cinco a\u00f1os, Astrid y Mar\u00eda han tenido la oportunidad de adentrarse en pisos con vistas maravillosas, \u00abal jard\u00edn de la Embajada de Italia, a los Jer\u00f3nimos o al Museo Sorolla\u00bb, y de descubrir tesoros inesperados. Si tienen que elegir Astrid recuerda con cari\u00f1o la \u00ab<br \/>\n<strong>porcelana<\/strong> del siglo XVIII\u00ab que hab\u00eda en una casa de La Granja. \u00bbBueno, y los vasos, y las jarritas, que eran una aut\u00e9ntica maravilla, s\u00faper especiales\u00ab, contin\u00faa antes de acordarse de las maravillosas vajillas de la casa de Juan Bravo. <\/p>\n<p class=\"voc-paragraph\">Mar\u00eda, que reconoce que \u00absiempre me quedo con alguna tonter\u00eda porque no lo puedo evitar, ya tengo Di\u00f3genes\u00bb y disfruta con la <strong>bisuter\u00eda<\/strong>, sobre la que \u00abhemos encontrado cosas muy chulas\u00bb como el mencionado broche de Dior de los 70, pero tambi\u00e9n con las herramientas como \u00abberbiquies antiguos\u00bb. Y sobre objetos con historia, y a\u00f1os, entre sus hallazgos est\u00e1n \u00abuna tabla del siglo XVI de una virgen y cer\u00e1mica de la misma \u00e9poca\u00bb. <\/p>\n<div class=\"voc-detail-photo-zoom\"><picture data-toggle=\"modal\" data-target=\"#photoZoomModal-980\" target=\"modal\">\n<div class=\"voc-img-icon-link\"><img loading=\"lazy\" data-original=\"\/\/static3.mujerhoy.com\/www\/multimedia\/202306\/08\/media\/cortadas\/Arquitectura-orden-casa1-k4G--460x637@MujerHoy.jpeg\" class=\"lazy\" alt=\"Uno de los salones que han formado parte de los mercadillos de Arquitectura del Orden. \/ La Nueva Creativa\"><noscript><img src=\"http:\/\/cordobainforma.info\/wp-content\/uploads\/2023\/06\/arquitectura-del-orden-las-mujeres-que-vacian-pisos-de-lujo-y-organizan-mercadillos-para-que-decores-tu-casa-con-estilo-por-poco-dinero-3.jpg\" alt=\"Uno de los salones que han formado parte de los mercadillos de Arquitectura del Orden. \/ La Nueva Creativa\"><\/noscript><i class=\"voc-icons zoom voc-multimedia-box voc-ico-l\"><\/i><\/div><figcaption class=\"figure-caption\">Uno de los salones que han formado parte de los mercadillos de Arquitectura del Orden. \/ La Nueva Creativa<\/figcaption><\/picture><\/div>\n<div id=\"photoZoomModal-980\" class=\"voc-lightbox modal fade voc-lightbox--photo-zoom\" role=\"dialog\" data-voc-photozoom-lightbox>\n<div class=\"voc-lightbox__dialog\" role=\"document\">\n<div class=\"voc-lightbox__content\"><!-- Modal header --><!-- Modal content --><\/p>\n<div class=\"voc-lightbox__photo-container\"><picture class><img loading=\"lazy\" data-original=\"\/\/static3.mujerhoy.com\/www\/multimedia\/202306\/08\/media\/cortadas\/Arquitectura-orden-casa1-k4G--460x637@MujerHoy.jpeg\" alt=\"Uno de los salones que han formado parte de los mercadillos de Arquitectura del Orden. \/ La Nueva Creativa\" class=\"lazy\"><noscript><img src=\"http:\/\/cordobainforma.info\/wp-content\/uploads\/2023\/06\/arquitectura-del-orden-las-mujeres-que-vacian-pisos-de-lujo-y-organizan-mercadillos-para-que-decores-tu-casa-con-estilo-por-poco-dinero-3.jpg\" alt=\"Uno de los salones que han formado parte de los mercadillos de Arquitectura del Orden. \/ La Nueva Creativa\"><\/noscript><\/picture><\/div>\n<\/div>\n<\/div>\n<\/div>\n<p class=\"voc-paragraph\">El trabajo de Mar\u00eda y Astrid no est\u00e1 limitado a <strong>grandes casas<\/strong> o pisos, o a familias que se quieran desprender de muchos objetos. \u00abHay veces\u00bb, explica Mar\u00eda, \u00abque vamos a casas que no tienen suficientes objetos pero s\u00ed tienen cosas que merecen la pena. Y como necesitamos un m\u00ednimo para organizar el mercadillo reunimos tres o cuatro\u00bb y organizan las jornadas de puertas abiertas en una nave o en un hotel. <\/p>\n<p class=\"voc-paragraph\">En cada mercadillo, seg\u00fan detalla Mar\u00eda, \u00abestamos vaciando en un 90 %, pero tambi\u00e9n donamos objetos antes y despu\u00e9s\u00bb, siempre con la aprobaci\u00f3n de las familias porque con lo que no se quedan las familias \u00abtrabajamos con asociaciones que se llevan un mont\u00f3n de cosas\u00bb. \u00abEllas\u00bb, explica Astrid, \u00aborganizan sus propio mercadillos o tienen <strong>tiendas ben\u00e9ficas<\/strong> y esta tambi\u00e9n es otra parte muy bonita de nuestro trabajo\u00ab.\n<\/p>\n<p><!-- TOPICS --><\/p>\n","protected":false},"excerpt":{"rendered":"<p>Si est\u00e1s cansada de recorrer las p\u00e1ginas web y las tiendas de decoraci\u00f3n buscando ese mueble que haga m\u00e1s especial tu sal\u00f3n, sigue leyendo. Si quieres una vajilla que de verdad sea para las ocasiones especiales tambi\u00e9n. Y si en tu armario lo \u00fanico que entra es ropa vintage con la que creas envidiados looks, [&hellip;]<\/p>\n","protected":false},"author":1,"featured_media":77469,"comment_status":"open","ping_status":"closed","sticky":false,"template":"","format":"standard","meta":[],"categories":[18],"tags":[],"_links":{"self":[{"href":"http:\/\/cordobainforma.info\/index.php\/wp-json\/wp\/v2\/posts\/77468"}],"collection":[{"href":"http:\/\/cordobainforma.info\/index.php\/wp-json\/wp\/v2\/posts"}],"about":[{"href":"http:\/\/cordobainforma.info\/index.php\/wp-json\/wp\/v2\/types\/post"}],"author":[{"embeddable":true,"href":"http:\/\/cordobainforma.info\/index.php\/wp-json\/wp\/v2\/users\/1"}],"replies":[{"embeddable":true,"href":"http:\/\/cordobainforma.info\/index.php\/wp-json\/wp\/v2\/comments?post=77468"}],"version-history":[{"count":0,"href":"http:\/\/cordobainforma.info\/index.php\/wp-json\/wp\/v2\/posts\/77468\/revisions"}],"wp:featuredmedia":[{"embeddable":true,"href":"http:\/\/cordobainforma.info\/index.php\/wp-json\/wp\/v2\/media\/77469"}],"wp:attachment":[{"href":"http:\/\/cordobainforma.info\/index.php\/wp-json\/wp\/v2\/media?parent=77468"}],"wp:term":[{"taxonomy":"category","embeddable":true,"href":"http:\/\/cordobainforma.info\/index.php\/wp-json\/wp\/v2\/categories?post=77468"},{"taxonomy":"post_tag","embeddable":true,"href":"http:\/\/cordobainforma.info\/index.php\/wp-json\/wp\/v2\/tags?post=77468"}],"curies":[{"name":"wp","href":"https:\/\/api.w.org\/{rel}","templated":true}]}}