{"id":77466,"date":"2023-06-10T14:13:14","date_gmt":"2023-06-10T14:13:14","guid":{"rendered":"https:\/\/www.mujerhoy.com\/moda\/no-te-pierdas\/tamara-falco-malaga-look-casual-barato-basicos-zara-20230610125904-nt.html"},"modified":"2023-06-10T14:13:14","modified_gmt":"2023-06-10T14:13:14","slug":"tamara-falco-tiene-el-look-mas-casual-para-un-sabado-relajado-que-puedes-copiar-con-basicos-de-zara","status":"publish","type":"post","link":"http:\/\/cordobainforma.info\/index.php\/2023\/06\/10\/tamara-falco-tiene-el-look-mas-casual-para-un-sabado-relajado-que-puedes-copiar-con-basicos-de-zara\/","title":{"rendered":"Tamara Falc\u00f3 tiene el look m\u00e1s casual para un s\u00e1bado relajado que puedes copiar con b\u00e1sicos de Zara"},"content":{"rendered":"<p><!-- AUTHOR --><\/p>\n<div class=\"voc-author-timesocial \"><!-- AUTHOR --><\/p>\n<div class=\"voc-author-timesocial__signature\"><!-- IMAGE AUTHOR --><picture class=\"voc-image-signature\"><img class=\"voc-image-signature__img\" src=\"http:\/\/cordobainforma.info\/wp-content\/uploads\/2023\/06\/tamara-falco-tiene-el-look-mas-casual-para-un-sabado-relajado-que-puedes-copiar-con-basicos-de-zara.jpg\" alt=\"Carla Dom\u00ednguez\"><\/picture><!-- INFO AUTHOR --><\/div>\n<\/div>\n<p><!-- COMPONENTS --><\/p>\n<p class=\"voc-paragraph\">Queda ya menos de un mes para que <a data-voc-vtm-id=\"in-text-traffic\" href=\"https:\/\/www.mujerhoy.com\/temas\/personajes\/tamara-falco.html\">Tamara Falc\u00f3<\/a> contraiga matrimonio con su actual pareja I\u00f1igo Onivea. Tras muchos meses de contratiempos con <a data-voc-vtm-id=\"in-text-traffic\" href=\"https:\/\/www.mujerhoy.com\/celebrities\/realeza\/tamara-falco-escandalo-vestido-novia-preysler-letizia-carolina-herrera-mentiras-plagio-20230519144658-nt.html\">las dise\u00f1adoras de su vestido de novia<\/a>, o rumores de infidelidad; el gran d\u00eda est\u00e1 cada vez m\u00e1s cerca.\n<\/p>\n<p class=\"voc-paragraph\"><strong>El 8 de julio fue la fecha elegida por la marquesa de Gri\u00f1\u00f3n<\/strong> para el d\u00eda de su boda. Un d\u00eda que sustituye al inicial, ya que ambos se iban a casar en un primer momento el d\u00eda 17. Ahora poco queda para que la pareja disfrute de este d\u00eda junto a sus familiares.\n<\/p>\n<p class=\"voc-paragraph\">Aunque se ha especulado mucho que en la boda habr\u00e1 pol\u00edticos y famosos bastantes conocidos, la marquesa de Gri\u00f1\u00f3n ha querido desmentirlo durante estos d\u00edas en el programa de televisi\u00f3n en el que colabora. All\u00ed ha sido clara y ha comentado que <strong>solo estar\u00e1n sus amigos y familiares m\u00e1s cercanos<\/strong>.\n<\/p>\n<p class=\"voc-paragraph\">Parece que la hija de Isabel Preysler quiere que la boda sea \u00edntima y on su c\u00edrculo m\u00e1s cercano presente ese d\u00eda. Pero antes de esta fecha tan se\u00f1alada en el calendario de Tamara Falc\u00f3, parece que ha decidido irse a <a data-voc-vtm-id=\"in-text-traffic\" href=\"https:\/\/www.mujerhoy.com\/vivir\/bienestar\/isabel-preysler-dieta-buchinger-adelgazar-boda-tamara-falco-20230609132129-nt.html\">M\u00e1laga a una cl\u00ednica para hacer dieta<\/a>.\n<\/p>\n<p class=\"voc-paragraph\">La hija de Isabel Preysler ha decidido ingresar en <strong>una cl\u00ednica para somertese a un ayuno terap\u00e9utico<\/strong>. De la mano de m\u00e9dicos especialistas, la marquesa de Gri\u00f1\u00f3n est\u00e1 decidida a hacer una dieta para depurar el organismo. Un plan detox al que tambi\u00e9n se ha apuntado su madre, Isabel Preysler.\n<\/p>\n<p class=\"voc-paragraph\">Fue ayer cuando vimos a Tamara llegando al aeropuerto de M\u00e1laga con un look sencillo con camiseta de rayas. Pues bien, ahora la arist\u00f3crata ha querido repetir con <strong>b\u00e1sicos atemporales<\/strong> para dar un paseo relajado de s\u00e1bado por la ciudad.\n<\/p>\n<div class=\"voc-detail-photo-zoom\"><picture data-toggle=\"modal\" data-target=\"#photoZoomModal-292\" target=\"modal\">\n<div class=\"voc-img-icon-link\"><img loading=\"lazy\" data-original=\"\/\/static2.mujerhoy.com\/www\/multimedia\/202306\/10\/media\/cortadas\/tamara-falco-kWJB--460x637@MujerHoy.jpg\" class=\"lazy\" alt=\"Tamara Falc\u00f3 con look de b\u00e1sicos en M\u00e1laga. Foto: Gtres.\"><noscript><img src=\"http:\/\/cordobainforma.info\/wp-content\/uploads\/2023\/06\/tamara-falco-tiene-el-look-mas-casual-para-un-sabado-relajado-que-puedes-copiar-con-basicos-de-zara-1.jpg\" alt=\"Tamara Falc\u00f3 con look de b\u00e1sicos en M\u00e1laga. Foto: Gtres.\"><\/noscript><i class=\"voc-icons zoom voc-multimedia-box voc-ico-l\"><\/i><\/div><figcaption class=\"figure-caption\">Tamara Falc\u00f3 con look de b\u00e1sicos en M\u00e1laga. Foto: Gtres.<\/figcaption><\/picture><\/div>\n<div id=\"photoZoomModal-292\" class=\"voc-lightbox modal fade voc-lightbox--photo-zoom\" role=\"dialog\" data-voc-photozoom-lightbox>\n<div class=\"voc-lightbox__dialog\" role=\"document\">\n<div class=\"voc-lightbox__content\"><!-- Modal header --><!-- Modal content --><\/p>\n<div class=\"voc-lightbox__photo-container\"><picture class><img loading=\"lazy\" data-original=\"\/\/static2.mujerhoy.com\/www\/multimedia\/202306\/10\/media\/cortadas\/tamara-falco-kWJB--460x637@MujerHoy.jpg\" alt=\"Tamara Falc\u00f3 con look de b\u00e1sicos en M\u00e1laga. Foto: Gtres.\" class=\"lazy\"><noscript><img src=\"http:\/\/cordobainforma.info\/wp-content\/uploads\/2023\/06\/tamara-falco-tiene-el-look-mas-casual-para-un-sabado-relajado-que-puedes-copiar-con-basicos-de-zara-1.jpg\" alt=\"Tamara Falc\u00f3 con look de b\u00e1sicos en M\u00e1laga. Foto: Gtres.\"><\/noscript><\/picture><\/div>\n<\/div>\n<\/div>\n<\/div>\n<p class=\"voc-paragraph\">As\u00ed lo hemos visto a trav\u00e9s de Instagram, donde Tamara ha subido a su perfil una instant\u00e1nea donde nos ense\u00f1a su estilismo para este d\u00eda de sabado. Para la ocasi\u00f3n, Tamara ha querido tirar de b\u00e1sicos con tres piezas que puedes copiar en <strong>Zara<\/strong>.\n<\/p>\n<p><h3 class=\"voc-detail__title\"> El look relajado de Tamara Falc\u00f3 con b\u00e1sicos de Zara<br \/>\n<\/h3>\n<\/p>\n<p class=\"voc-paragraph\">Lo primero <strong>un blazer en color negro<\/strong>, de dise\u00f1o largo y que es perfecto para llevar durante todo el a\u00f1o. Nosotras te proponemos este blazer en color negro, con dise\u00f1o fluido y perfecto para llevar como ha hecho Tamara con vaqueros o si te apetece con vestidos. <strong>Cuesta 39,95 euros.<\/strong><\/p>\n<div class=\"voc-detail__cmp\" readability=\"6.5\">\n<div class=\"voc-photo-combo-three fw-xs\" readability=\"8\">\n<p class=\"figure-caption\"><span class=\"voc-photo-caption\">Blazer negro, camiseta b\u00e1sica y vaquero en gris de Zara. \/ <\/span><span class=\"voc-photo-author\">Zara<\/span><\/p>\n<\/div>\n<\/div>\n<p class=\"voc-paragraph\">Otra prenda que no falla es <strong>la camiseta blanca b\u00e1sica<\/strong> y eso lo sabe bien Tamara. En Zara cuentan con muchas opciones, y esta es una de las que m\u00e1s nos ha gustado. Sencilla, con cuello redondo, de manga corta y a un precio razonable, unos 5,95 euros.\n<\/p>\n<p class=\"voc-paragraph\">Para terminar, puedes completar el look, con otra pieza de Zara. Estos <strong>vaqueros largos de tiro alto<\/strong> y con uno de los dise\u00f1os m\u00e1s favorecedores en los \u00faltimos tiempos: el <i>wide leg<\/i>. Es un modelo de pernera ancha que favorece mucho y que Tamara ha querido combinar con sus zapatillas deportivas de confianza en color gris.\n<\/p>\n<p><!-- TOPICS --><\/p>\n","protected":false},"excerpt":{"rendered":"<p>Queda ya menos de un mes para que Tamara Falc\u00f3 contraiga matrimonio con su actual pareja I\u00f1igo Onivea. Tras muchos meses de contratiempos con las dise\u00f1adoras de su vestido de novia, o rumores de infidelidad; el gran d\u00eda est\u00e1 cada vez m\u00e1s cerca. El 8 de julio fue la fecha elegida por la marquesa de [&hellip;]<\/p>\n","protected":false},"author":1,"featured_media":77467,"comment_status":"closed","ping_status":"closed","sticky":false,"template":"","format":"standard","meta":[],"categories":[24],"tags":[],"_links":{"self":[{"href":"http:\/\/cordobainforma.info\/index.php\/wp-json\/wp\/v2\/posts\/77466"}],"collection":[{"href":"http:\/\/cordobainforma.info\/index.php\/wp-json\/wp\/v2\/posts"}],"about":[{"href":"http:\/\/cordobainforma.info\/index.php\/wp-json\/wp\/v2\/types\/post"}],"author":[{"embeddable":true,"href":"http:\/\/cordobainforma.info\/index.php\/wp-json\/wp\/v2\/users\/1"}],"replies":[{"embeddable":true,"href":"http:\/\/cordobainforma.info\/index.php\/wp-json\/wp\/v2\/comments?post=77466"}],"version-history":[{"count":0,"href":"http:\/\/cordobainforma.info\/index.php\/wp-json\/wp\/v2\/posts\/77466\/revisions"}],"wp:featuredmedia":[{"embeddable":true,"href":"http:\/\/cordobainforma.info\/index.php\/wp-json\/wp\/v2\/media\/77467"}],"wp:attachment":[{"href":"http:\/\/cordobainforma.info\/index.php\/wp-json\/wp\/v2\/media?parent=77466"}],"wp:term":[{"taxonomy":"category","embeddable":true,"href":"http:\/\/cordobainforma.info\/index.php\/wp-json\/wp\/v2\/categories?post=77466"},{"taxonomy":"post_tag","embeddable":true,"href":"http:\/\/cordobainforma.info\/index.php\/wp-json\/wp\/v2\/tags?post=77466"}],"curies":[{"name":"wp","href":"https:\/\/api.w.org\/{rel}","templated":true}]}}