{"id":77413,"date":"2023-06-10T17:39:27","date_gmt":"2023-06-10T17:39:27","guid":{"rendered":"https:\/\/somoscordobeses.com\/2023\/06\/10\/amnistia-internacional-protesta-ante-caf-por-participar-en-el-proyecto-de-tren-ligero-de-jerusalen\/"},"modified":"2023-06-10T17:39:27","modified_gmt":"2023-06-10T17:39:27","slug":"amnistia-internacional-protesta-ante-caf-por-participar-en-el-proyecto-de-tren-ligero-de-jerusalen","status":"publish","type":"post","link":"http:\/\/cordobainforma.info\/index.php\/2023\/06\/10\/amnistia-internacional-protesta-ante-caf-por-participar-en-el-proyecto-de-tren-ligero-de-jerusalen\/","title":{"rendered":"Amnist\u00eda Internacional protesta ante CAF por participar en el proyecto de tren ligero de Jerusal\u00e9n"},"content":{"rendered":"<p><a href=\"https:\/\/viraliza2.com\" rel=\"dofollow\" onmouseover=\"this.style.color='#fff';\" onmouseout=\"this.style.color='#fff';\">sabias que datos curiosos<\/a><br \/>\n<a href=\"https:\/\/elmonterizo.com\" rel=\"dofollow\" onmouseover=\"this.style.color='#fff';\" onmouseout=\"this.style.color='#fff';\">Ultimas Noticias y datos curiosos<\/a> <\/p>\n<div>\n<p> Decenas de personas, convocadas por varios colectivos y entidades, entre ellas, Amnist\u00eda Internacional, se han concentrado este s\u00e1bado ante las instalaciones de <strong>CAF <\/strong>de <strong>Lazkao <\/strong>(<strong>Guip\u00fazcoa<\/strong>) en las que se celebraba la junta de accionistas de la compa\u00f1\u00eda para protestar por la<strong> participaci\u00f3n de esta empresa en el proyecto de tren ligero de Jerusal\u00e9n<\/strong>. <\/p>\n<p> La movilizaci\u00f3n se ha desarrollado delante de los pabellones de la Tercera Divisi\u00f3n de CAF ubicados en <strong>la confluencia de los municipios guipuzcoanos de Beasain y Lazkao<\/strong>, donde se celebraba la Junta General de Accionistas en la que responsables de la empresa presentaban el balance de la actividad y los principales hitos de la firma durante el \u00faltimo ejercicio. <\/p>\n<p> La protesta ha sido organizada por diversas entidades agrupadas en la plataforma \u2018<strong>CAF B\u00e1jate del tren del apartheid<\/strong>\u2018 y durante la misma los participantes han ondeado banderas de Palestina y exhibido pancartas y carteles con lemas como \u00abNo son s\u00f3lo trenes, son herramientas de colonizaci\u00f3n. CAF no seas c\u00f3mplice\u00bb. <\/p>\n<p> Tambi\u00e9n han proferido gritos, que han arreciado cuando accionistas entraban a las instalaciones de la compa\u00f1\u00eda, como <strong>\u00abPalestina, libertad\u00bb o \u00abIsrael asesino, CAF colaborador\u00bb<\/strong>. <\/p>\n<p> Junto a estos concentrados, se han situado tambi\u00e9n otras decenas de personas m\u00e1s, vestidas con camisetas o chalecos amarillos y con sus propias pancartas reivindicativas, pertenecientes al colectivo de <strong>afectados por las dificultades de recuperaci\u00f3n de cuotas de la EPSV Geroa<\/strong>. <\/p>\n<p> Por su parte, un activista de Amnist\u00eda Internacional (AI), al parecer, accionista de CAF, ha usado su turno de palabra para reclamar a la Junta que abandone el proyecto ferroviario. <\/p>\n<p> La organizaci\u00f3n ha precisado que el interviniente ha sido Gerardo R\u00edos, quien ha preguntado en la reuni\u00f3n por qu\u00e9 la compa\u00f1\u00eda \u00absigue evitando detallar en el informe de <strong>sostenibilidad que el proyecto atraviesa Territorios palestinos y asentamientos ilegales en Jerusal\u00e9n<\/strong>, ocultando as\u00ed factores de riesgo\u00bb. <\/p>\n<p> Seg\u00fan AI, \u00abla empresa ha continuado argumentando el impacto \u2018positivo\u2019 social del proyecto y, escud\u00e1ndose en una consulta a un experto, se ha reafirmado en que es legal, aunque no ha hecho p\u00fablico el contenido de su informe\u00bb. <\/p>\n<p> R\u00edos ha criticado adem\u00e1s el hecho de que<strong> \u00ablos informes y pol\u00edticas\u00bb de CAF \u00abaseguren\u00bb que es una empresa \u00abcomprometida con el respeto a los derechos humanos\u00bb <\/strong>cuando \u00abno tiene en cuenta las consecuencias\u00bb de ese proyecto para la poblaci\u00f3n palestina. <\/p>\n<\/div>\n<nav class=\"navigation post-navigation\" aria-label=\"Continue Reading\">\n<h2 class=\"screen-reader-text\">Continue Reading<\/h2>\n<\/nav>\n","protected":false},"excerpt":{"rendered":"<p>sabias que datos curiosos Ultimas Noticias y datos curiosos Decenas de personas, convocadas por varios colectivos y entidades, entre ellas, Amnist\u00eda Internacional, se han concentrado este s\u00e1bado ante las instalaciones de CAF de Lazkao (Guip\u00fazcoa) en las que se celebraba la junta de accionistas de la compa\u00f1\u00eda para protestar por la participaci\u00f3n de esta empresa [&hellip;]<\/p>\n","protected":false},"author":1,"featured_media":77414,"comment_status":"closed","ping_status":"closed","sticky":false,"template":"","format":"standard","meta":[],"categories":[2],"tags":[],"_links":{"self":[{"href":"http:\/\/cordobainforma.info\/index.php\/wp-json\/wp\/v2\/posts\/77413"}],"collection":[{"href":"http:\/\/cordobainforma.info\/index.php\/wp-json\/wp\/v2\/posts"}],"about":[{"href":"http:\/\/cordobainforma.info\/index.php\/wp-json\/wp\/v2\/types\/post"}],"author":[{"embeddable":true,"href":"http:\/\/cordobainforma.info\/index.php\/wp-json\/wp\/v2\/users\/1"}],"replies":[{"embeddable":true,"href":"http:\/\/cordobainforma.info\/index.php\/wp-json\/wp\/v2\/comments?post=77413"}],"version-history":[{"count":0,"href":"http:\/\/cordobainforma.info\/index.php\/wp-json\/wp\/v2\/posts\/77413\/revisions"}],"wp:featuredmedia":[{"embeddable":true,"href":"http:\/\/cordobainforma.info\/index.php\/wp-json\/wp\/v2\/media\/77414"}],"wp:attachment":[{"href":"http:\/\/cordobainforma.info\/index.php\/wp-json\/wp\/v2\/media?parent=77413"}],"wp:term":[{"taxonomy":"category","embeddable":true,"href":"http:\/\/cordobainforma.info\/index.php\/wp-json\/wp\/v2\/categories?post=77413"},{"taxonomy":"post_tag","embeddable":true,"href":"http:\/\/cordobainforma.info\/index.php\/wp-json\/wp\/v2\/tags?post=77413"}],"curies":[{"name":"wp","href":"https:\/\/api.w.org\/{rel}","templated":true}]}}